{"id":440603,"date":"2025-10-05T10:55:39","date_gmt":"2025-10-05T10:55:39","guid":{"rendered":"https:\/\/www.europesays.com\/fr\/440603\/"},"modified":"2025-10-05T10:55:39","modified_gmt":"2025-10-05T10:55:39","slug":"robert-menard-demande-sur-rtl-le-depart-demmanuel-macron","status":"publish","type":"post","link":"https:\/\/www.europesays.com\/fr\/440603\/","title":{"rendered":"Robert M\u00e9nard demande sur RTL le d\u00e9part d&rsquo;Emmanuel Macron"},"content":{"rendered":"<p class=\"article-p mdl\">\u00ab\u00a0Tant que tu ne le changes pas, tu ne r\u00e8gles aucun probl\u00e8me\u00a0\u00bb.\u00a0Sur le plateau du Grand Jury RTL &#8211; Public S\u00e9nat &#8211; Le Figaro &#8211; M6, ce dimanche 5 octobre, le maire de B\u00e9ziers,\u00a0<a class=\"link\" href=\"https:\/\/www.rtl.fr\/actu\/international\/une-ignominie-robert-menard-tance-eric-coquerel-sur-rtl-et-refute-le-terme-de-genocide-a-gaza-7900507815\" title=\"&quot;Une ignominie&quot; : Robert M\u00e9nard tance \u00c9ric Coquerel sur RTL et r\u00e9fute le terme de &quot;g\u00e9nocide&quot; \u00e0 Gaza\" target=\"_blank\" rel=\"noopener\">Robert M\u00e9nard<\/a>, a tir\u00e9 \u00e0 boulets rouges sur Emmanuel Macron.\u00a0<\/p>\n<p class=\"article-p mdl\"><strong>Interrog\u00e9 sur l&rsquo;impasse politique que traverse le pays et les difficult\u00e9s de S\u00e9bastien Lecornu \u00e0 former un gouvernement<\/strong>, l&rsquo;\u00e9dile biterrois a d&rsquo;abord estim\u00e9 qu&rsquo;il s&rsquo;agit d\u00a0\u00bb\u00a0\u00bbune mission impossible\u00a0\u00bb pour l&rsquo;actuel Premier ministre avant <strong>d&rsquo;imputer la responsabilit\u00e9 au pr\u00e9sident de la R\u00e9publique.\u00a0<\/strong><\/p>\n<p class=\"article-p mdl\">\u00ab\u00a0Aujourd&rsquo;hui, <strong>si tu veux changer\u00a0r\u00e9ellement\u00a0les choses, tu ne peux les changer qu&rsquo;en commen\u00e7ant par le chef de l&rsquo;\u00c9tat<\/strong>. Le probl\u00e8me, c&rsquo;est qu&rsquo;il est d&rsquo;un tel narcissisme, qu&rsquo;il doit lui para\u00eetre invraisemblable de laisser la place \u00e0 qui que ce soit\u00a0\u00bb, a affirm\u00e9 Robert M\u00e9nard avant d&rsquo;ajouter : \u00ab\u00a0On peut trouver encore un Premier ministre dans deux mois, et on aura le m\u00eame d\u00e9bat. Il n&rsquo;y a pas de solution, la solution n&rsquo;est pas \u00e0 ce niveau-l\u00e0\u00a0\u00bb.\u00a0<\/p>\n<p class=\"article-p mdl\">\u00ab\u00a0Je l&rsquo;appelle \u00e0 un peu de raison et s&rsquo;il aime ce pays, il d\u00e9missionne\u00a0\u00bb, a lanc\u00e9 Robert M\u00e9nard qui explique que s\u00a0\u00bb&lsquo;il (Emmanuel Macron) ne d\u00e9missionne pas, c&rsquo;est une catastrophe pour la France\u00a0\u00bb.\u00a0<\/p>\n<p>    L&rsquo;\u00e9quipe de l&rsquo;\u00e9mission vous recommande<\/p>\n<p class=\"s-newsletter__title\">\n                L\u2019actualit\u00e9 par la r\u00e9daction de RTL dans votre bo\u00eete mail.\n            <\/p>\n<p class=\"s-newsletter__subtitle\">\n                Gr\u00e2ce \u00e0 votre compte RTL abonnez-vous \u00e0 la newsletter RTL info pour suivre toute l&rsquo;actualit\u00e9 au quotidien\n            <\/p>\n<p>\n                                    Lire la suite\n                                <\/p>\n","protected":false},"excerpt":{"rendered":"\u00ab\u00a0Tant que tu ne le changes pas, tu ne r\u00e8gles aucun probl\u00e8me\u00a0\u00bb.\u00a0Sur le plateau du Grand Jury RTL&hellip;\n","protected":false},"author":2,"featured_media":440604,"comment_status":"","ping_status":"","sticky":false,"template":"","format":"standard","meta":{"footnotes":""},"categories":[4],"tags":[11,37552,107,1011,27,418,34835,12,26338,362,25,19838],"class_list":{"0":"post-440603","1":"post","2":"type-post","3":"status-publish","4":"format-standard","5":"has-post-thumbnail","7":"category-france","8":"tag-actualites","9":"tag-beziers","10":"tag-fil-info","11":"tag-fr","12":"tag-france","13":"tag-gouvernement","14":"tag-mairies","15":"tag-news","16":"tag-presidentielle-2027","17":"tag-replay","18":"tag-republique-francaise","19":"tag-robert-menard"},"share_on_mastodon":{"url":"https:\/\/pubeurope.com\/@fr\/115321197230120171","error":""},"_links":{"self":[{"href":"https:\/\/www.europesays.com\/fr\/wp-json\/wp\/v2\/posts\/440603","targetHints":{"allow":["GET"]}}],"collection":[{"href":"https:\/\/www.europesays.com\/fr\/wp-json\/wp\/v2\/posts"}],"about":[{"href":"https:\/\/www.europesays.com\/fr\/wp-json\/wp\/v2\/types\/post"}],"author":[{"embeddable":true,"href":"https:\/\/www.europesays.com\/fr\/wp-json\/wp\/v2\/users\/2"}],"replies":[{"embeddable":true,"href":"https:\/\/www.europesays.com\/fr\/wp-json\/wp\/v2\/comments?post=440603"}],"version-history":[{"count":0,"href":"https:\/\/www.europesays.com\/fr\/wp-json\/wp\/v2\/posts\/440603\/revisions"}],"wp:featuredmedia":[{"embeddable":true,"href":"https:\/\/www.europesays.com\/fr\/wp-json\/wp\/v2\/media\/440604"}],"wp:attachment":[{"href":"https:\/\/www.europesays.com\/fr\/wp-json\/wp\/v2\/media?parent=440603"}],"wp:term":[{"taxonomy":"category","embeddable":true,"href":"https:\/\/www.europesays.com\/fr\/wp-json\/wp\/v2\/categories?post=440603"},{"taxonomy":"post_tag","embeddable":true,"href":"https:\/\/www.europesays.com\/fr\/wp-json\/wp\/v2\/tags?post=440603"}],"curies":[{"name":"wp","href":"https:\/\/api.w.org\/{rel}","templated":true}]}}