{"id":440607,"date":"2025-10-05T11:01:15","date_gmt":"2025-10-05T11:01:15","guid":{"rendered":"https:\/\/www.europesays.com\/fr\/440607\/"},"modified":"2025-10-05T11:01:15","modified_gmt":"2025-10-05T11:01:15","slug":"alex-marquez-alerte-sur-des-pilotes-fatigues-physiquement-et-mentalement","status":"publish","type":"post","link":"https:\/\/www.europesays.com\/fr\/440607\/","title":{"rendered":"\u00c1lex M\u00e1rquez alerte sur des pilotes fatigu\u00e9s physiquement et mentalement"},"content":{"rendered":"<p>Bien qu&rsquo;il termine son week-end le bras en \u00e9charpe et avec un vol pour Madrid o\u00f9 l&rsquo;attendent ses m\u00e9decins personnels, <a href=\"https:\/\/fr.motorsport.com\/driver\/marc-marquez\/92646\/\" target=\"_blank\" rel=\"noopener\">Marc M\u00e1rquez<\/a> s&rsquo;est fendu d&rsquo;un message remarqu\u00e9 sur les r\u00e9seaux sociaux, appelant \u00e0 ne pas s&rsquo;en prendre \u00e0 <a href=\"https:\/\/fr.motorsport.com\/driver\/marco-bezzecchi\/441839\/\" target=\"_blank\" rel=\"noopener\">Marco Bezzecchi<\/a>.<\/p>\n<p>L&rsquo;Italien est \u00e0 l&rsquo;origine de leur chute dans le premier tour du GP d&rsquo;Indon\u00e9sie, un accident \u00e0 haute vitesse qui a pour premi\u00e8re cons\u00e9quence une fracture de l&rsquo;\u00e9paule pour celui qui vient tout juste d&rsquo;\u00eatre sacr\u00e9 champion du monde. Des examens compl\u00e9mentaires devront pr\u00e9ciser si les ligaments sont touch\u00e9s \u00e9galement.<\/p>\n<p>\u00a0<\/p>\n<p>Hier, c&rsquo;est M\u00e1rquez lui-m\u00eame qui avait \u00e9t\u00e9 jug\u00e9 responsable d&rsquo;un contact avec <a href=\"https:\/\/fr.motorsport.com\/driver\/alex-rins\/109402\/\" target=\"_blank\" rel=\"noopener\">\u00c1lex Rins<\/a>, avec certes des cons\u00e9quences beaucoup moins graves mais une sanction imm\u00e9diatement d\u00e9cid\u00e9e \u00e0 son encontre par les commissaires. Le week-end dernier, <a href=\"https:\/\/fr.motorsport.com\/driver\/jorge-martin\/109391\/\" target=\"_blank\" rel=\"noopener\">Jorge Mart\u00edn<\/a>\u00a0avait faut\u00e9 \u00e9galement, en manquant son entr\u00e9e dans le premier virage de Motegi au d\u00e9part de la course sprint, provoquant sa chute (avec une blessure \u00e0 la cl\u00e9) et celle de Bezzecchi.<\/p>\n<p><a href=\"https:\/\/fr.motorsport.com\/driver\/alex-marquez\/96324\/\" target=\"_blank\" rel=\"noopener\">\u00c1lex M\u00e1rquez<\/a> n&rsquo;a pas eu beaucoup de temps pour prendre des nouvelles de son fr\u00e8re ce dimanche apr\u00e8s-midi. N\u00e9anmoins, il a \u00e9t\u00e9 averti de sa blessure par leur p\u00e8re, dans le parc ferm\u00e9. Et dans la foul\u00e9e, il s&rsquo;est d&rsquo;abord agac\u00e9 de la taille des graviers sur le circuit de Mandalika, sachant qu&rsquo;il s&rsquo;\u00e9tait fait mal en tombant \u00e0 de nombreuses reprises l&rsquo;ann\u00e9e derni\u00e8re.<\/p>\n<p>Ainsi lorsqu&rsquo;il a vu l&rsquo;accident dans la cool room avant de monter sur le podium, le pilote Gresini a l\u00e2ch\u00e9 \u00e0 l&rsquo;attention de ses acolytes, <a href=\"https:\/\/fr.motorsport.com\/driver\/fermin-aldeguer\/945314\/\" target=\"_blank\" rel=\"noopener\">Ferm\u00edn Aldeguer<\/a> et <a href=\"https:\/\/fr.motorsport.com\/driver\/pedro-acosta\/840236\/\" target=\"_blank\" rel=\"noopener\">Pedro Acosta<\/a>\u00a0:\u00a0\u00ab\u00a0Vous avez vu les graviers\u00a0?\u00a0C&rsquo;est une merde\u00a0!\u00a0C&rsquo;est toujours pareil, tant qu&rsquo;il ne se passe rien, ils ne font rien. Il y a de tr\u00e8s gros cailloux, il est impossible qu&rsquo;il ne nous arrive rien.\u00a0\u00bb<\/p>\n<p>Par la suite, \u00c1lex M\u00e1rquez a surtout insist\u00e9 sur l&rsquo;origine de l&rsquo;accident. Il a lui aussi appel\u00e9 \u00e0 l&rsquo;apaisement en soulignant que les erreurs pouvaient concerner tout le monde, et particuli\u00e8rement dans cette phase de la saison.<\/p>\n<p>\u00ab\u00a0L&rsquo;accident est clair\u00a0\u00bb, a comment\u00e9 le troisi\u00e8me de ce Grand Prix aupr\u00e8s du site officiel du MotoGP. \u00ab\u00a0Marco a fait une erreur, il a \u00e9t\u00e9 trop optimiste pour d\u00e9passer, et surtout \u00e0 cet endroit, qui est super rapide et o\u00f9 il est impossible de tenter quoi que ce soit.\u00a0\u00bb<\/p>\n<p>\u00ab\u00a0Mais je ne veux pas critiquer Bezzecchi parce que c&rsquo;est normal\u00a0\u00bb, a-t-il ajout\u00e9. \u00ab\u00a0On a 44 courses en incluant les sprints, et le pourcentage de risques de faire une erreur est \u00e9lev\u00e9. Tout le monde fait des erreurs dans la saison, c&rsquo;est pratiquement impossible de ne pas en faire. C&rsquo;est totalement normal.\u00a0\u00bb<\/p>\n<p>\u00ab\u00a0On est tous pilotes, on arrive \u00e0 la fin de la saison, physiquement et mentalement on est tous [\u00e0 la limite] et je pense que c&rsquo;est quelque chose auquel il faut qu&rsquo;on pense pour l&rsquo;avenir\u00a0\u00bb, a argument\u00e9 \u00c1lex M\u00e1rquez.<\/p>\n<p>Puis, aupr\u00e8s de DAZN, diffuseur du championnat en Espagne, il a ajout\u00e9\u00a0:\u00a0\u00ab\u00a0Les 22 Grands Prix impliquent 44 d\u00e9parts, entre les sprints et les courses longues, et ce n&rsquo;est pas un hasard s&rsquo;il y a autant de blessures. On se blesse davantage. On veut offrir du spectacle, mais il faut qu&rsquo;on soit mieux prot\u00e9g\u00e9s.\u00a0\u00bb<\/p>\n<p>Le championnat MotoGP n&rsquo;a en effet jamais compt\u00e9 autant d&rsquo;\u00e9preuves, \u00e0 savoir 22 Grands Prix dans lesquels les pilotes disputent \u00e0 la fois la course principale et le sprint d\u00e9sormais indissociable de la journ\u00e9e du samedi. La saison a commenc\u00e9 fin f\u00e9vrier, dans la foul\u00e9e des essais pr\u00e9paratoires qui avaient d\u00e9but\u00e9 un mois plus t\u00f4t, et elle se conclura mi-novembre.<\/p>\n<p style=\"text-align: right;\">Avec Germ\u00e1n Garcia Casanova<\/p>\n<p>Lire aussi :<\/p>\n<p>            Votre avis nous int\u00e9resse !<\/p>\n<p class=\"mt-auto\">Qu&rsquo;aimeriez-vous voir sur Motorsport.com ?<\/p>\n<p>            <a href=\"#\" class=\"ms-link text-link font-bold\">R\u00e9pondez \u00e0 notre enqu\u00eate de 5 minutes.<\/a><\/p>\n<p class=\"mt-1 font-info text-body\">&#8211; L&rsquo;\u00e9quipe Motorsport.com<\/p>\n","protected":false},"excerpt":{"rendered":"Bien qu&rsquo;il termine son week-end le bras en \u00e9charpe et avec un vol pour Madrid o\u00f9 l&rsquo;attendent ses&hellip;\n","protected":false},"author":2,"featured_media":440608,"comment_status":"","ping_status":"","sticky":false,"template":"","format":"standard","meta":{"footnotes":""},"categories":[1413],"tags":[1011,27,55763,3452,55764,1457,1456,1458,60,7896,56753],"class_list":{"0":"post-440607","1":"post","2":"type-post","3":"status-publish","4":"format-standard","5":"has-post-thumbnail","7":"category-moto","8":"tag-fr","9":"tag-france","10":"tag-gp-dindonu00e9sie","11":"tag-gresini-racing","12":"tag-mandalika-international-street-circuit","13":"tag-moto","14":"tag-motocycle","15":"tag-motogp","16":"tag-sports","17":"tag-u00c1lex-mu00e1rquez","18":"tag-u00c1lex-mu00e1rquez-alerte-sur-des-pilotes-fatiguu00e9s-physiquement-et-mentalement"},"share_on_mastodon":{"url":"https:\/\/pubeurope.com\/@fr\/115321220880172657","error":""},"_links":{"self":[{"href":"https:\/\/www.europesays.com\/fr\/wp-json\/wp\/v2\/posts\/440607","targetHints":{"allow":["GET"]}}],"collection":[{"href":"https:\/\/www.europesays.com\/fr\/wp-json\/wp\/v2\/posts"}],"about":[{"href":"https:\/\/www.europesays.com\/fr\/wp-json\/wp\/v2\/types\/post"}],"author":[{"embeddable":true,"href":"https:\/\/www.europesays.com\/fr\/wp-json\/wp\/v2\/users\/2"}],"replies":[{"embeddable":true,"href":"https:\/\/www.europesays.com\/fr\/wp-json\/wp\/v2\/comments?post=440607"}],"version-history":[{"count":0,"href":"https:\/\/www.europesays.com\/fr\/wp-json\/wp\/v2\/posts\/440607\/revisions"}],"wp:featuredmedia":[{"embeddable":true,"href":"https:\/\/www.europesays.com\/fr\/wp-json\/wp\/v2\/media\/440608"}],"wp:attachment":[{"href":"https:\/\/www.europesays.com\/fr\/wp-json\/wp\/v2\/media?parent=440607"}],"wp:term":[{"taxonomy":"category","embeddable":true,"href":"https:\/\/www.europesays.com\/fr\/wp-json\/wp\/v2\/categories?post=440607"},{"taxonomy":"post_tag","embeddable":true,"href":"https:\/\/www.europesays.com\/fr\/wp-json\/wp\/v2\/tags?post=440607"}],"curies":[{"name":"wp","href":"https:\/\/api.w.org\/{rel}","templated":true}]}}