{"id":44061,"date":"2025-04-22T13:34:20","date_gmt":"2025-04-22T13:34:20","guid":{"rendered":"https:\/\/www.europesays.com\/fr\/44061\/"},"modified":"2025-04-22T13:34:20","modified_gmt":"2025-04-22T13:34:20","slug":"derby-las-saint-etienne-pourrait-perdre-un-point-22-04-2025-a-0912","status":"publish","type":"post","link":"https:\/\/www.europesays.com\/fr\/44061\/","title":{"rendered":"Derby : l&rsquo;AS Saint-\u00c9tienne pourrait perdre un point &#8211; 22\/04\/2025 \u00e0 09:12"},"content":{"rendered":"<p>        <img fetchpriority=\"high\" decoding=\"async\" src=\"https:\/\/www.europesays.com\/fr\/wp-content\/uploads\/2025\/04\/957c2aa7bd9145a66ec4a475053f5d20-760x507.jpg\" alt=\"Derby : l'AS Saint-\u00c9tienne pourrait perdre un point\" loading=\"eager\" width=\"760\" height=\"507\" style=\"max-width: 100%!important; height: auto;\"\/><\/p>\n<p class=\"c-image-news__legend\">Derby : l&rsquo;AS Saint-\u00c9tienne pourrait perdre un point<\/p>\n<p>\n Vous \u00eates bon en maths ?\n<\/p>\n<p>\n Le derby remport\u00e9 face \u00e0 Lyon (2-1) pourrait laisser un go\u00fbt bien amer \u00e0 Saint-\u00c9tienne. Selon<\/p>\n<p>  L\u2019\u00c9quipe<\/p>\n<p> ,<br \/>\n <strong><br \/>\n  l\u2019ASSE<\/p>\n<p>   \u00ab risque un retrait de point \u00bb<\/p>\n<p>  apr\u00e8s le projectile ayant touch\u00e9 un arbitre assistant juste avant la mi-temps<br \/>\n <\/strong><br \/>\n . Un incident grave qui rappelle des pr\u00e9c\u00e9dents r\u00e9cents : Lyon avait ainsi perdu un point en 2021 apr\u00e8s un jet de bouteille sur Dimitri Payet, Montpellier avait \u00e9cop\u00e9 de la m\u00eame sanction en octobre 2023 suite \u00e0 un p\u00e9tard explos\u00e9 aux pieds de Mory Diaw (Clermont).\u2026\n<\/p>\n<p>\n <strong><br \/>\n  CV pour SOFOOT.com<br \/>\n <\/strong>\n<\/p>\n<p><a data-tag-commander-click=\"{&quot;label&quot;: &quot;articles::lire_la_suite_site_partenaire::so_foot::derby_l_as_saint_etienne_pourrait_perdre_un_point&quot;, &quot;s2&quot;: 2, &quot;type&quot;: &quot;exit&quot;}\" target=\"_blank\" rel=\"noopener noreferrer canonical nofollow\" class=\"lienExterne c-link c-link--animated u-text-size-lg\" href=\"https:\/\/www.sofoot.com\/breves\/saint-etienne-une-victoire-contre-lol-et-peut-etre-un-retrait-de-point\">Lire la suite de l&rsquo;article sur SoFoot.com<\/a><\/p>\n","protected":false},"excerpt":{"rendered":"Derby : l&rsquo;AS Saint-\u00c9tienne pourrait perdre un point Vous \u00eates bon en maths ? Le derby remport\u00e9 face&hellip;\n","protected":false},"author":2,"featured_media":44062,"comment_status":"","ping_status":"","sticky":false,"template":"","format":"standard","meta":{"footnotes":""},"categories":[9653],"tags":[400,1111,11,2430,398,408,405,1777,674,1011,27,403,402,399,404,12,25,4001,401,406,407],"class_list":{"0":"post-44061","1":"post","2":"type-post","3":"status-publish","4":"format-standard","5":"has-post-thumbnail","7":"category-saint-etienne","8":"tag-action-cac-40","9":"tag-actu","10":"tag-actualites","11":"tag-auvergne-rhone-alpes","12":"tag-bourse-de-paris","13":"tag-boursorama","14":"tag-cotations","15":"tag-eu","16":"tag-europe","17":"tag-fr","18":"tag-france","19":"tag-indices-devises","20":"tag-investir","21":"tag-investissement","22":"tag-marche-boursier","23":"tag-news","24":"tag-republique-francaise","25":"tag-saint-etienne","26":"tag-sicav","27":"tag-trackers","28":"tag-warrants"},"share_on_mastodon":{"url":"https:\/\/pubeurope.com\/@fr\/114381879024209971","error":""},"_links":{"self":[{"href":"https:\/\/www.europesays.com\/fr\/wp-json\/wp\/v2\/posts\/44061","targetHints":{"allow":["GET"]}}],"collection":[{"href":"https:\/\/www.europesays.com\/fr\/wp-json\/wp\/v2\/posts"}],"about":[{"href":"https:\/\/www.europesays.com\/fr\/wp-json\/wp\/v2\/types\/post"}],"author":[{"embeddable":true,"href":"https:\/\/www.europesays.com\/fr\/wp-json\/wp\/v2\/users\/2"}],"replies":[{"embeddable":true,"href":"https:\/\/www.europesays.com\/fr\/wp-json\/wp\/v2\/comments?post=44061"}],"version-history":[{"count":0,"href":"https:\/\/www.europesays.com\/fr\/wp-json\/wp\/v2\/posts\/44061\/revisions"}],"wp:featuredmedia":[{"embeddable":true,"href":"https:\/\/www.europesays.com\/fr\/wp-json\/wp\/v2\/media\/44062"}],"wp:attachment":[{"href":"https:\/\/www.europesays.com\/fr\/wp-json\/wp\/v2\/media?parent=44061"}],"wp:term":[{"taxonomy":"category","embeddable":true,"href":"https:\/\/www.europesays.com\/fr\/wp-json\/wp\/v2\/categories?post=44061"},{"taxonomy":"post_tag","embeddable":true,"href":"https:\/\/www.europesays.com\/fr\/wp-json\/wp\/v2\/tags?post=44061"}],"curies":[{"name":"wp","href":"https:\/\/api.w.org\/{rel}","templated":true}]}}