{"id":440611,"date":"2025-10-05T11:03:11","date_gmt":"2025-10-05T11:03:11","guid":{"rendered":"https:\/\/www.europesays.com\/fr\/440611\/"},"modified":"2025-10-05T11:03:11","modified_gmt":"2025-10-05T11:03:11","slug":"owen-delaunay-monte-sur-la-deuxieme-marche-du-championnat-de-france-gravel","status":"publish","type":"post","link":"https:\/\/www.europesays.com\/fr\/440611\/","title":{"rendered":"Owen Delaunay monte sur la deuxi\u00e8me marche du championnat de France Gravel"},"content":{"rendered":"<p>La premi\u00e8re \u00e9dition du championnat de France Gravel s\u2019est d\u00e9roul\u00e9e \u00e0 Ch\u00e2tellerault sous un beau soleil dimanche 28\u00a0septembre. Ils \u00e9taient tr\u00e8s nombreux pour arpenter routes et chemins de la Vienne, avec des formats allant de 500\u00a0km, 150, 120 et 60\u00a0km, notamment pour les U17. Une belle organisation qui a vu titrer bon nombre de cat\u00e9gories venues en d\u00e9coudre sur les secteurs de Ch\u00e2&#8230; <\/p>\n<p>    Cet article a \u00e9t\u00e9 tronqu\u00e9. Abonnez-vous pour lire l&rsquo;article complet sur notre site.<\/p>\n<p style=\"margin: 0 !important; padding: 0 !important; font-size: 12px !important;\">Cet article a \u00e9t\u00e9 tronqu\u00e9. Abonnez-vous pour lire l&rsquo;article complet.<\/p>\n<p>    <a href=\"https:\/\/www.lanouvellerepublique.fr\/abonnements\" style=\"display: inline-block; margin-top: 5px !important; padding: 6px 12px !important; background: #cb1c27; color: white; text-decoration: none; border-radius: 4px; font-size: 12px !important;\" target=\"_blank\" rel=\"noopener\"><br \/>\n      S&rsquo;abonner<br \/>\n    <\/a><\/p>\n","protected":false},"excerpt":{"rendered":"La premi\u00e8re \u00e9dition du championnat de France Gravel s\u2019est d\u00e9roul\u00e9e \u00e0 Ch\u00e2tellerault sous un beau soleil dimanche 28\u00a0septembre.&hellip;\n","protected":false},"author":2,"featured_media":440612,"comment_status":"","ping_status":"","sticky":false,"template":"","format":"standard","meta":{"footnotes":""},"categories":[1411],"tags":[56755,1674,1154,207,1011,27,60],"class_list":{"0":"post-440611","1":"post","2":"type-post","3":"status-publish","4":"format-standard","5":"has-post-thumbnail","7":"category-cyclisme","8":"tag-argy","9":"tag-communes","10":"tag-cycling","11":"tag-cyclisme","12":"tag-fr","13":"tag-france","14":"tag-sports"},"share_on_mastodon":{"url":"https:\/\/pubeurope.com\/@fr\/115321228793867280","error":""},"_links":{"self":[{"href":"https:\/\/www.europesays.com\/fr\/wp-json\/wp\/v2\/posts\/440611","targetHints":{"allow":["GET"]}}],"collection":[{"href":"https:\/\/www.europesays.com\/fr\/wp-json\/wp\/v2\/posts"}],"about":[{"href":"https:\/\/www.europesays.com\/fr\/wp-json\/wp\/v2\/types\/post"}],"author":[{"embeddable":true,"href":"https:\/\/www.europesays.com\/fr\/wp-json\/wp\/v2\/users\/2"}],"replies":[{"embeddable":true,"href":"https:\/\/www.europesays.com\/fr\/wp-json\/wp\/v2\/comments?post=440611"}],"version-history":[{"count":0,"href":"https:\/\/www.europesays.com\/fr\/wp-json\/wp\/v2\/posts\/440611\/revisions"}],"wp:featuredmedia":[{"embeddable":true,"href":"https:\/\/www.europesays.com\/fr\/wp-json\/wp\/v2\/media\/440612"}],"wp:attachment":[{"href":"https:\/\/www.europesays.com\/fr\/wp-json\/wp\/v2\/media?parent=440611"}],"wp:term":[{"taxonomy":"category","embeddable":true,"href":"https:\/\/www.europesays.com\/fr\/wp-json\/wp\/v2\/categories?post=440611"},{"taxonomy":"post_tag","embeddable":true,"href":"https:\/\/www.europesays.com\/fr\/wp-json\/wp\/v2\/tags?post=440611"}],"curies":[{"name":"wp","href":"https:\/\/api.w.org\/{rel}","templated":true}]}}