{"id":440615,"date":"2025-10-05T11:05:20","date_gmt":"2025-10-05T11:05:20","guid":{"rendered":"https:\/\/www.europesays.com\/fr\/440615\/"},"modified":"2025-10-05T11:05:20","modified_gmt":"2025-10-05T11:05:20","slug":"la-princesse-diana-son-coiffeur-avait-lhabitude-de-faire-entrer-en-cachette-un-objet-interdit-au-sein-du-palais-de-kensington","status":"publish","type":"post","link":"https:\/\/www.europesays.com\/fr\/440615\/","title":{"rendered":"La princesse Diana : son coiffeur avait l&rsquo;habitude de faire entrer en cachette un objet interdit au sein du palais de Kensington"},"content":{"rendered":"<p>La <a href=\"https:\/\/www.vanityfair.fr\/dossier\/lady-diana\" target=\"_blank\" rel=\"noopener\"><strong>princesse Diana<\/strong><\/a> avait quelques petits secrets\u2026 En 1981, l\u2019aristocrate est devenue princesse de Galles suite \u00e0 son <a href=\"https:\/\/www.vanityfair.fr\/dossier\/mariage\" isautogenerated=\"true\" target=\"_blank\" rel=\"noopener\">mariage<\/a> avec le futur roi <a href=\"https:\/\/www.vanityfair.fr\/dossier\/charles-iii\" isautogenerated=\"true\" target=\"_blank\" rel=\"noopener\"><strong>Charles III<\/strong><\/a> \u2014 autrefois prince. Une vie royale donc, et m\u00e9diatis\u00e9e pour la jeune femme de 20 ans qui d\u00e9couvrait les appartements 8 et 9 du palais de Kensington \u2014\u00a0foyer qu\u2019elle occupera jusqu\u2019a sa mort en 1997. Nouvelle habitante de la r\u00e9sidence situ\u00e9e au c\u0153ur de <a href=\"https:\/\/www.vanityfair.fr\/dossier\/londres\" isautogenerated=\"true\" target=\"_blank\" rel=\"noopener\">Londres<\/a>, Lady Di a rapidement d\u00fb se plier aux r\u00e8gles de conduite fix\u00e9es par son statut. N\u00e9anmoins, d\u2019apr\u00e8s <strong>Richard Dalton<\/strong>, son coiffeur de 1981 \u00e0 1990, l\u2019ancienne princesse de Galles avait plus d\u2019un tour dans son sac pour contourner les interdits. Au micro de <a data-offer-url=\"https:\/\/people.com\/princess-diana-hairdresser-smuggled-tabloids-palace-richard-dalton-exclusive-11808660?_gl=1*3s2vf5*_ga*MjE0MTE2MzA0OS4xNzQzNzc2MzQ2*_ga_DK3GDWHWJH*czE3NTkyMTcwOTckbzI2JGcxJHQxNzU5MjE5NzMwJGo2MCRsMCRoMA..\" class=\"external-link\" data-event-click=\"{&quot;element&quot;:&quot;ExternalLink&quot;,&quot;outgoingURL&quot;:&quot;https:\/\/people.com\/princess-diana-hairdresser-smuggled-tabloids-palace-richard-dalton-exclusive-11808660?_gl=1*3s2vf5*_ga*MjE0MTE2MzA0OS4xNzQzNzc2MzQ2*_ga_DK3GDWHWJH*czE3NTkyMTcwOTckbzI2JGcxJHQxNzU5MjE5NzMwJGo2MCRsMCRoMA..&quot;}\" href=\"https:\/\/people.com\/princess-diana-hairdresser-smuggled-tabloids-palace-richard-dalton-exclusive-11808660?_gl=1*3s2vf5*_ga*MjE0MTE2MzA0OS4xNzQzNzc2MzQ2*_ga_DK3GDWHWJH*czE3NTkyMTcwOTckbzI2JGcxJHQxNzU5MjE5NzMwJGo2MCRsMCRoMA..\" rel=\"nofollow noopener\" target=\"_blank\">People<\/a>, le sp\u00e9cialiste capillaire a notamment r\u00e9v\u00e9l\u00e9 que son ancienne cliente royale avait l\u2019habitude de faire entrer en cachette un objet au sein du palais : des tablo\u00efds. Original, non ? Surtout lorsque l\u2019on s&rsquo;appelle <a href=\"https:\/\/www.vanityfair.fr\/dossier\/lady-diana\" isautogenerated=\"true\" target=\"_blank\" rel=\"noopener\">Lady Diana<\/a> Spencer et que l\u2019on fait les gros titres \u2014\u00a0\u00e0 nos moindres faits et gestes.<\/p>\n<p>D\u2019apr\u00e8s Richard Dalton, la princesse Diana \u00ab\u00a0n\u2019avait pas le droit de lire les tablo\u00efds \u00bb, donc \u00ab\u00a0l&rsquo;un des coiffeurs les a introduits en cachette \u00bb au palais. \u00ab Cela n&rsquo;a rien \u00e0 voir avec moi \u00bb, s&rsquo;est-il d\u00e9douan\u00e9 avec humour. \u00ab\u00a0Elle me disait : \u201cRichard, peux-tu me les apporter ?\u201d Personne ne s&rsquo;en \u00e9tonnait, car personne n&rsquo;\u00e9tait au courant. Une fois que j&rsquo;avais pass\u00e9 la s\u00e9curit\u00e9 et que j&rsquo;\u00e9tais dans le garde-manger, c&rsquo;\u00e9tait du g\u00e2teau. \u00bb<\/p>\n<p>Une fois en main, les journaux ne faisaient pas pour autant le bonheur de la princesse \u2014 \u00ab agac\u00e9e\u00a0\u00bb par la couverture m\u00e9diatique dont elle faisait l&rsquo;objet. \u00ab Je la coiffais, elle feuilletait les pages [d&rsquo;un tablo\u00efd] et elle poussait un soupir d\u00e9go\u00fbt\u00e9 \u00bb, s\u2019est souvenu Richard Dalton au micro de People, en imitant un g\u00e9missement. Lady Di jetait alors le journal \u00ab sur le c\u00f4t\u00e9 \u00bb. Un certain cercle vicieux\u2026 \u00ab Puis un autre arrivait et [elle disait] \u201cOhhhhhh\u201d. \u00bb<\/p>\n<p>Une des rumeurs propag\u00e9es par les tablo\u00efds qui affectait le plus Lady Di concernait ses enfants, notamment le benjamin de la famille, le <a href=\"https:\/\/www.vanityfair.fr\/dossier\/prince-harry\" isautogenerated=\"true\" target=\"_blank\" rel=\"noopener\"><strong>prince Harry<\/strong><\/a>. \u00ab Ils [les journaux] n&rsquo;arr\u00eataient pas de se demander : \u201cCharles est-il le p\u00e8re d&rsquo;Harry ?\u201d\u00a0\u00bb Une question inepte selon Richard Dalton, qui confie sa r\u00e9ponse en toute logique \u00e0 People : \u00ab Bien s\u00fbr que oui. \u00bb<\/p>\n","protected":false},"excerpt":{"rendered":"La princesse Diana avait quelques petits secrets\u2026 En 1981, l\u2019aristocrate est devenue princesse de Galles suite \u00e0 son&hellip;\n","protected":false},"author":2,"featured_media":440616,"comment_status":"","ping_status":"","sticky":false,"template":"","format":"standard","meta":{"footnotes":""},"categories":[1359],"tags":[58,59,1011,27,3937,973],"class_list":{"0":"post-440615","1":"post","2":"type-post","3":"status-publish","4":"format-standard","5":"has-post-thumbnail","7":"category-people","8":"tag-divertissement","9":"tag-entertainment","10":"tag-fr","11":"tag-france","12":"tag-lady-diana","13":"tag-people"},"share_on_mastodon":{"url":"https:\/\/pubeurope.com\/@fr\/115321236597215722","error":""},"_links":{"self":[{"href":"https:\/\/www.europesays.com\/fr\/wp-json\/wp\/v2\/posts\/440615","targetHints":{"allow":["GET"]}}],"collection":[{"href":"https:\/\/www.europesays.com\/fr\/wp-json\/wp\/v2\/posts"}],"about":[{"href":"https:\/\/www.europesays.com\/fr\/wp-json\/wp\/v2\/types\/post"}],"author":[{"embeddable":true,"href":"https:\/\/www.europesays.com\/fr\/wp-json\/wp\/v2\/users\/2"}],"replies":[{"embeddable":true,"href":"https:\/\/www.europesays.com\/fr\/wp-json\/wp\/v2\/comments?post=440615"}],"version-history":[{"count":0,"href":"https:\/\/www.europesays.com\/fr\/wp-json\/wp\/v2\/posts\/440615\/revisions"}],"wp:featuredmedia":[{"embeddable":true,"href":"https:\/\/www.europesays.com\/fr\/wp-json\/wp\/v2\/media\/440616"}],"wp:attachment":[{"href":"https:\/\/www.europesays.com\/fr\/wp-json\/wp\/v2\/media?parent=440615"}],"wp:term":[{"taxonomy":"category","embeddable":true,"href":"https:\/\/www.europesays.com\/fr\/wp-json\/wp\/v2\/categories?post=440615"},{"taxonomy":"post_tag","embeddable":true,"href":"https:\/\/www.europesays.com\/fr\/wp-json\/wp\/v2\/tags?post=440615"}],"curies":[{"name":"wp","href":"https:\/\/api.w.org\/{rel}","templated":true}]}}