{"id":440617,"date":"2025-10-05T11:07:14","date_gmt":"2025-10-05T11:07:14","guid":{"rendered":"https:\/\/www.europesays.com\/fr\/440617\/"},"modified":"2025-10-05T11:07:14","modified_gmt":"2025-10-05T11:07:14","slug":"cluny-vincent-perrin-sera-en-dedicace-au-jardin-secret-pour-lakalat-oublie","status":"publish","type":"post","link":"https:\/\/www.europesays.com\/fr\/440617\/","title":{"rendered":"Cluny. Vincent Perrin sera en d\u00e9dicace au Jardin secret pour L\u2019Akalat oubli\u00e9"},"content":{"rendered":"<p>Un nouveau roman de Vincent Perrin,  L\u2019Akalat oubli\u00e9 , va \u00eatre d\u00e9dicac\u00e9 \u00e0 la librairie Le Jardin secret le 25\u00a0octobre. Il s\u2019agit d\u2019un roman historique qui voit un petit m\u00e9tis issu des amours passag\u00e8res d\u2019un militaire clunisois devoir vivre \u00e0 Cluny. Parall\u00e8lement, une cloche bris\u00e9e va animer la petite cit\u00e9 sur plusieurs ann\u00e9es jusqu\u2019\u00e0 trouver sa place sur la chapelle des s\u0153urs des R\u00e9collets. C\u2019est \u00e0 cet endroit que le h\u00e9ros croise le chemin de ladite cloche\u2026 Un roman riche de personnages truculents (la fille d\u2019un notaire, une petite serveuse de caf\u00e9, un aum\u00f4nier militaire, P\u00e9guy, des r\u00e9sistants\u2026), l\u2019intrigue se d\u00e9roulant sur la premi\u00e8re moiti\u00e9 du XXe\u00a0si\u00e8cle.<\/p>\n<p>\u00ab\u00a0Quant au titre, l\u2019akalat est un petit oiseau d\u2019Afrique centrale, symbole de ce jeune m\u00e9tis au vol contraint\u00a0\u00bb, livre Vincent Perri, dont le pr\u00e9c\u00e9dent roman, L e Palimpseste de Cluny, est sorti fin 2023.<\/p>\n<p class=\"note\">D\u00e9dicace pr\u00e9vue au Jardin secret samedi 25\u00a0octobre.<\/p>\n","protected":false},"excerpt":{"rendered":"Un nouveau roman de Vincent Perrin, L\u2019Akalat oubli\u00e9 , va \u00eatre d\u00e9dicac\u00e9 \u00e0 la librairie Le Jardin secret&hellip;\n","protected":false},"author":2,"featured_media":440618,"comment_status":"","ping_status":"","sticky":false,"template":"","format":"standard","meta":{"footnotes":""},"categories":[1357],"tags":[1379,20640,12317,1687,58,3718,59,107,1011,27,1380,2410],"class_list":{"0":"post-440617","1":"post","2":"type-post","3":"status-publish","4":"format-standard","5":"has-post-thumbnail","7":"category-livres","8":"tag-books","9":"tag-cluny","10":"tag-cluny-bassin","11":"tag-culture-loisirs","12":"tag-divertissement","13":"tag-edition-macon","14":"tag-entertainment","15":"tag-fil-info","16":"tag-fr","17":"tag-france","18":"tag-livres","19":"tag-livres-bd"},"share_on_mastodon":{"url":"https:\/\/pubeurope.com\/@fr\/115321244512726979","error":""},"_links":{"self":[{"href":"https:\/\/www.europesays.com\/fr\/wp-json\/wp\/v2\/posts\/440617","targetHints":{"allow":["GET"]}}],"collection":[{"href":"https:\/\/www.europesays.com\/fr\/wp-json\/wp\/v2\/posts"}],"about":[{"href":"https:\/\/www.europesays.com\/fr\/wp-json\/wp\/v2\/types\/post"}],"author":[{"embeddable":true,"href":"https:\/\/www.europesays.com\/fr\/wp-json\/wp\/v2\/users\/2"}],"replies":[{"embeddable":true,"href":"https:\/\/www.europesays.com\/fr\/wp-json\/wp\/v2\/comments?post=440617"}],"version-history":[{"count":0,"href":"https:\/\/www.europesays.com\/fr\/wp-json\/wp\/v2\/posts\/440617\/revisions"}],"wp:featuredmedia":[{"embeddable":true,"href":"https:\/\/www.europesays.com\/fr\/wp-json\/wp\/v2\/media\/440618"}],"wp:attachment":[{"href":"https:\/\/www.europesays.com\/fr\/wp-json\/wp\/v2\/media?parent=440617"}],"wp:term":[{"taxonomy":"category","embeddable":true,"href":"https:\/\/www.europesays.com\/fr\/wp-json\/wp\/v2\/categories?post=440617"},{"taxonomy":"post_tag","embeddable":true,"href":"https:\/\/www.europesays.com\/fr\/wp-json\/wp\/v2\/tags?post=440617"}],"curies":[{"name":"wp","href":"https:\/\/api.w.org\/{rel}","templated":true}]}}