{"id":440621,"date":"2025-10-05T11:11:09","date_gmt":"2025-10-05T11:11:09","guid":{"rendered":"https:\/\/www.europesays.com\/fr\/440621\/"},"modified":"2025-10-05T11:11:09","modified_gmt":"2025-10-05T11:11:09","slug":"je-tombais-malade-chaque-hiver-jusqua-ce-que-je-decouvre-le-pot-neti-qui-a-change-ma-vie","status":"publish","type":"post","link":"https:\/\/www.europesays.com\/fr\/440621\/","title":{"rendered":"Je tombais malade chaque hiver\u2026 jusqu\u2019\u00e0 ce que je d\u00e9couvre le pot neti (qui a chang\u00e9 ma vie)"},"content":{"rendered":"<p><strong>Chaque ann\u00e9e, le retour de l&rsquo;automne annonce le d\u00e9but d&rsquo;un ballet bien connu : mouchoirs sous le bras, pharmacies d\u00e9bord\u00e9es et petits bobos \u00e0 la cha\u00eene. Pourtant, existe-t-il vraiment une fatalit\u00e9 hivernale ? Et si, comme le font depuis des si\u00e8cles d&rsquo;autres cultures, un simple geste matinal pouvait tout changer ? La solution, \u00e0 la fois surprenante et d&rsquo;une efficacit\u00e9 insoup\u00e7onn\u00e9e, se glisse dans un petit objet m\u00e9connu, \u00e0 d\u00e9couvrir sans tarder\u2026<\/strong><\/p>\n<p>L&rsquo;offensive des virus : pourquoi tombe-t-on malade chaque hiver ?<\/p>\n<p>Quand les premi\u00e8res feuilles roussissent et que les \u00e9charpes refont leur apparition, les rhumes et autres d\u00e9sagr\u00e9ments s&rsquo;invitent dans les chaumi\u00e8res. On a beau s&#8217;emmitoufler, boire des tisanes et multiplier les rem\u00e8des traditionnels, la ritournelle semble in\u00e9vitable.<\/p>\n<p> Les fausses croyances sur le froid et les rhumes<\/p>\n<p>Contrairement \u00e0 ce que l&rsquo;on entend souvent, <strong>le froid en lui-m\u00eame ne rend pas malade<\/strong>. Dans l&rsquo;imaginaire collectif, sortir sans bonnet ou marcher pieds nus garantirait un rendez-vous avec le m\u00e9decin. En r\u00e9alit\u00e9, ce sont <strong>les virus<\/strong> qui attaquent, profitant de la baisse de luminosit\u00e9, de la promiscuit\u00e9 et des syst\u00e8mes immunitaires parfois affaiblis.<\/p>\n<p>Le vrai coupable : les virus et notre hygi\u00e8ne quotidienne mise \u00e0 l&rsquo;\u00e9preuve<\/p>\n<p>\u00c0 partir d&rsquo;octobre, les virus respiratoires connaissent leur moment de gloire. La chaleur des int\u00e9rieurs et les agendas surcharg\u00e9s favorisent leur prolif\u00e9ration. Mains sur le visage, \u00e9ternuements mal couverts : il n&rsquo;en faut pas plus pour transformer l&rsquo;\u00e9cole, le bureau ou un transport en commun en v\u00e9ritable ruche \u00e0 microbes. <strong>Mais l&rsquo;hygi\u00e8ne du nez<\/strong>, souvent n\u00e9glig\u00e9e, reste le maillon faible de la pr\u00e9vention.<\/p>\n<p> Le cycle infernal des petits maux hivernaux<\/p>\n<p>L&rsquo;automne s&rsquo;installe et, invariablement, le nez commence \u00e0 chatouiller, suivi de pr\u00e8s par la gorge irrit\u00e9e et la fatigue g\u00e9n\u00e9rale. Les journ\u00e9es de repos se transforment rapidement en p\u00e9riodes de convalescence.<\/p>\n<p>Les signes qui ne trompent pas : quand la saison des microbes pointe son nez<\/p>\n<p><strong>Nez bouch\u00e9, gorge irrit\u00e9e, \u00e9ternuements \u00e0 r\u00e9p\u00e9tition<\/strong> : ces petits signaux sont autant d&rsquo;avertissements. La fameuse \u00ab\u00a0\u00e9pid\u00e9mie\u00a0\u00bb de rhume devient un rituel o\u00f9 chacun partage sa toux et sa voix enrou\u00e9e.<\/p>\n<p>Entre pharmacies et rem\u00e8des de grand-m\u00e8re : rien ne fonctionnait vraiment<\/p>\n<p>G\u00e9lules, huiles essentielles, infusions de thym ou ventouses : les solutions sont nombreuses. Pourtant, <strong>ces rem\u00e8des offrent surtout un soulagement temporaire<\/strong>. Le mouchoir redevient rapidement le meilleur alli\u00e9 et l&rsquo;armoire \u00e0 pharmacie, un th\u00e9\u00e2tre d&rsquo;exp\u00e9rimentations sans fin. C&rsquo;est alors qu&rsquo;un geste tout simple, mais inhabituel sous nos latitudes, peut transformer notre quotidien.<\/p>\n<p>La d\u00e9couverte du pot neti : un rituel ancestral venu d&rsquo;ailleurs<\/p>\n<p>C&rsquo;est lors d&rsquo;une p\u00e9riode particuli\u00e8rement \u00e9prouvante qu&rsquo;une tradition ancienne peut se r\u00e9v\u00e9ler salvatrice : se laver le nez gr\u00e2ce \u00e0 un petit objet insolite, le \u00ab\u00a0pot neti\u00a0\u00bb.<\/p>\n<p> Un secret bien gard\u00e9 de l&rsquo;Ayurveda<\/p>\n<p><strong>Le pot neti trouve ses origines en Inde<\/strong>, au c\u0153ur de l&rsquo;Ayurveda, cette m\u00e9decine traditionnelle qui favorise l&rsquo;\u00e9quilibre du corps et de l&rsquo;esprit. L\u00e0-bas, l&rsquo;hygi\u00e8ne nasale occupe une place centrale dans la pr\u00e9vention des maladies hivernales et des affections respiratoires. Une pratique pr\u00e9cieuse, accessible \u00e0 tous ceux qui souhaitent am\u00e9liorer leur sant\u00e9 respiratoire.<\/p>\n<p> Comment tester pour la premi\u00e8re fois ce geste insolite<\/p>\n<p>Au d\u00e9but, l&rsquo;id\u00e9e peut surprendre. Faire passer de l&rsquo;eau dans son nez ressemble \u00e0 une \u00e9preuve inhabituelle&#8230; Pourtant, la curiosit\u00e9 l&#8217;emporte souvent, et le premier essai avec ce dr\u00f4le de petit r\u00e9cipient marque g\u00e9n\u00e9ralement le d\u00e9but d&rsquo;une nouvelle habitude. <strong>Les sensations sont, disons-le, \u00e9tonnantes mais rapidement famili\u00e8res<\/strong>.<\/p>\n<p>L&rsquo;art de se laver le nez : mode d&#8217;emploi pour d\u00e9butant curieux<\/p>\n<p>Cr\u00e9er sa petite routine matinale avec un pot neti est plus accessible qu&rsquo;il n&rsquo;y para\u00eet. Quelques gestes suffisent pour transformer votre hygi\u00e8ne nasale.<\/p>\n<p> Le mat\u00e9riel indispensable et le bon geste \u00e0 adopter<\/p>\n<ul>\n<li>1 pot neti en c\u00e9ramique ou en plastique (facile \u00e0 trouver en pharmacie ou magasins bio)<\/li>\n<li>500 ml d&rsquo;eau ti\u00e8de, id\u00e9alement bouillie puis refroidie ou eau min\u00e9rale<\/li>\n<li>4 \u00e0 5 grammes de sel de mer fin non iod\u00e9 (soit une petite cuill\u00e8re \u00e0 caf\u00e9)<\/li>\n<\/ul>\n<p>M\u00e9langer le sel dans l&rsquo;eau jusqu&rsquo;\u00e0 dissolution compl\u00e8te. Remplir le pot neti et se pencher l\u00e9g\u00e8rement au-dessus du lavabo, la t\u00eate inclin\u00e9e sur le c\u00f4t\u00e9. <strong>Introduire l&#8217;embout dans une narine<\/strong>, laisser l&rsquo;eau s&rsquo;\u00e9couler d&rsquo;un c\u00f4t\u00e9 et ressortir naturellement par l&rsquo;autre. Puis recommencer de l&rsquo;autre c\u00f4t\u00e9. S\u00e9cher d\u00e9licatement le nez, et&#8230; respirer profond\u00e9ment.<\/p>\n<p>Sensations, surprises et premi\u00e8res impressions<\/p>\n<p>Les toutes premi\u00e8res utilisations peuvent d\u00e9router, surtout si l&rsquo;on craint la sensation d&rsquo;eau dans les voies nasales. Apr\u00e8s quelques essais prudents, le corps s&rsquo;habitue rapidement. Certains ressentent <strong>une sensation de fra\u00eecheur imm\u00e9diate<\/strong>, d&rsquo;autres remarquent une clart\u00e9 nouvelle. Pour la plupart, l&rsquo;\u00e9tonnement initial se transforme rapidement en soulagement bienvenu.<\/p>\n<p>Bienfaits insoup\u00e7onn\u00e9s : comment le pot neti transforme les hivers<\/p>\n<p>En adoptant ce rituel, la saison froide prend une toute autre dimension. Les semaines qui suivent r\u00e9v\u00e8lent souvent des am\u00e9liorations notables.<\/p>\n<p>Adieu nez bouch\u00e9, bonjour respiration libre<\/p>\n<p><strong>Nez d\u00e9gag\u00e9 au r\u00e9veil, disparition des sensations de tension dans les sinus, r\u00e9duction des quintes de toux<\/strong> : apr\u00e8s quelques utilisations r\u00e9guli\u00e8res, les promesses de l&rsquo;Ayurveda prennent tout leur sens. Plus besoin d&rsquo;attendre le printemps pour retrouver une respiration confortable !<\/p>\n<p>R\u00e9sistance accrue aux virus : constats et explications scientifiques<\/p>\n<p>Sans entrer dans les complexit\u00e9s m\u00e9dicales, rappelons simplement que <strong>le nez fonctionne comme un filtre naturel<\/strong>. Le lavage nasal aide \u00e0 \u00e9liminer les impuret\u00e9s, poussi\u00e8res et, surtout, les agents pathog\u00e8nes qui cherchent \u00e0 s&rsquo;y loger. En renfor\u00e7ant l&rsquo;hygi\u00e8ne nasale, <strong>le terrain devient moins propice aux infections<\/strong>. De quoi traverser les p\u00e9riodes froides avec une vitalit\u00e9 pr\u00e9serv\u00e9e.<\/p>\n<p>Casser les id\u00e9es re\u00e7ues : se laver le nez, ce n&rsquo;est pas si bizarre !<\/p>\n<p>L&rsquo;id\u00e9e de rincer ses narines peut sembler \u00e9trange ou inqui\u00e9tante pour certains. Pourtant, ce geste est pratiqu\u00e9 quotidiennement par des millions de personnes \u00e0 travers le monde.<\/p>\n<p>\u00ab\u00a0Ce n&rsquo;est pas dangereux ?\u00a0\u00bb : r\u00e9ponse aux petites peurs et aux grandes questions<\/p>\n<p>Non, <strong>le lavage nasal est s\u00fbr \u00e0 condition de respecter quelques r\u00e8gles essentielles<\/strong> : utiliser de l&rsquo;eau propre, ajouter la juste dose de sel, ne pas partager son mat\u00e9riel. En quelques tentatives, les appr\u00e9hensions s&rsquo;estompent et la pratique devient aussi naturelle que le brossage de dents.<\/p>\n<p>Petits conseils pour adopter la pratique, seul ou en famille<\/p>\n<ul>\n<li>Commencer en douceur, une \u00e0 deux fois par semaine, puis augmenter si besoin.<\/li>\n<li>Expliquer aux enfants de mani\u00e8re ludique le r\u00f4le protecteur du geste.<\/li>\n<li>Int\u00e9grer le lavage du nez \u00e0 la routine du soir ou du matin, selon l&rsquo;organisation familiale.<\/li>\n<\/ul>\n<p>Avec un peu de p\u00e9dagogie et de curiosit\u00e9, <strong>le pot neti peut rapidement devenir un alli\u00e9 quotidien<\/strong> pour toute la famille.<\/p>\n<p>Bilan d&rsquo;un hiver diff\u00e9rent : les le\u00e7ons de l&rsquo;hygi\u00e8ne nasale<\/p>\n<p>Un automne sans rhumes r\u00e9p\u00e9t\u00e9s ni toux persistante n&rsquo;est plus un r\u00eave inaccessible : c&rsquo;est une r\u00e9alit\u00e9 possible dans les foyers o\u00f9 cette pratique est adopt\u00e9e r\u00e9guli\u00e8rement.<\/p>\n<p> Un nouveau r\u00e9flexe bien-\u00eatre pour toute l&rsquo;ann\u00e9e<\/p>\n<p>Loin de se limiter \u00e0 l&rsquo;hiver, <strong>le lavage nasal trouve \u00e9galement sa place au printemps<\/strong>, p\u00e9riode du retour du pollen et des allergies saisonni\u00e8res. Les pratiquants r\u00e9guliers constatent souvent une am\u00e9lioration globale de leur confort respiratoire, quelle que soit la saison.<\/p>\n<p>Perspectives : et si ce petit geste changeait aussi la sant\u00e9 de toute la maisonn\u00e9e ?<\/p>\n<p>Progressivement, le lavage du nez peut devenir un rituel partag\u00e9, adopt\u00e9 par les enfants comme par les adultes. Cette nouvelle habitude permet potentiellement de <strong>transformer la relation que chacun entretient avec sa sant\u00e9 respiratoire<\/strong>. L&rsquo;avenir dira \u00e0 quel point cette pratique simple peut am\u00e9liorer le bien-\u00eatre collectif.<\/p>\n<p>Avec l&rsquo;arriv\u00e9e de ce nouvel automne, pourquoi ne pas \u00e9crire une nouvelle histoire ? Un simple pot, de l&rsquo;eau sal\u00e9e et un esprit ouvert suffisent \u00e0 transformer l&rsquo;exp\u00e9rience des saisons froides. Le nez lib\u00e9r\u00e9, l&rsquo;hiver perd de son emprise&#8230; \u00c0 vous de tenter l&rsquo;exp\u00e9rience !<\/p>\n","protected":false},"excerpt":{"rendered":"Chaque ann\u00e9e, le retour de l&rsquo;automne annonce le d\u00e9but d&rsquo;un ballet bien connu : mouchoirs sous le bras,&hellip;\n","protected":false},"author":2,"featured_media":440622,"comment_status":"","ping_status":"","sticky":false,"template":"","format":"standard","meta":{"footnotes":""},"categories":[10],"tags":[1011,27,72,56,71],"class_list":{"0":"post-440621","1":"post","2":"type-post","3":"status-publish","4":"format-standard","5":"has-post-thumbnail","7":"category-sante","8":"tag-fr","9":"tag-france","10":"tag-health","11":"tag-push","12":"tag-sante"},"share_on_mastodon":{"url":"https:\/\/pubeurope.com\/@fr\/115321260228016728","error":""},"_links":{"self":[{"href":"https:\/\/www.europesays.com\/fr\/wp-json\/wp\/v2\/posts\/440621","targetHints":{"allow":["GET"]}}],"collection":[{"href":"https:\/\/www.europesays.com\/fr\/wp-json\/wp\/v2\/posts"}],"about":[{"href":"https:\/\/www.europesays.com\/fr\/wp-json\/wp\/v2\/types\/post"}],"author":[{"embeddable":true,"href":"https:\/\/www.europesays.com\/fr\/wp-json\/wp\/v2\/users\/2"}],"replies":[{"embeddable":true,"href":"https:\/\/www.europesays.com\/fr\/wp-json\/wp\/v2\/comments?post=440621"}],"version-history":[{"count":0,"href":"https:\/\/www.europesays.com\/fr\/wp-json\/wp\/v2\/posts\/440621\/revisions"}],"wp:featuredmedia":[{"embeddable":true,"href":"https:\/\/www.europesays.com\/fr\/wp-json\/wp\/v2\/media\/440622"}],"wp:attachment":[{"href":"https:\/\/www.europesays.com\/fr\/wp-json\/wp\/v2\/media?parent=440621"}],"wp:term":[{"taxonomy":"category","embeddable":true,"href":"https:\/\/www.europesays.com\/fr\/wp-json\/wp\/v2\/categories?post=440621"},{"taxonomy":"post_tag","embeddable":true,"href":"https:\/\/www.europesays.com\/fr\/wp-json\/wp\/v2\/tags?post=440621"}],"curies":[{"name":"wp","href":"https:\/\/api.w.org\/{rel}","templated":true}]}}