{"id":440632,"date":"2025-10-05T11:17:15","date_gmt":"2025-10-05T11:17:15","guid":{"rendered":"https:\/\/www.europesays.com\/fr\/440632\/"},"modified":"2025-10-05T11:17:15","modified_gmt":"2025-10-05T11:17:15","slug":"jeanne-dhauteserre-prise-dans-la-polemique-des-notes-de-frais-a-paris-adopte-une-defense-tres-maladroite-2","status":"publish","type":"post","link":"https:\/\/www.europesays.com\/fr\/440632\/","title":{"rendered":"Jeanne d\u2019Hauteserre, prise dans la pol\u00e9mique des notes de frais \u00e0 Paris, adopte une d\u00e9fense tr\u00e8s maladroite"},"content":{"rendered":"<p>        <img decoding=\"async\" loading=\"lazy\" src=\"https:\/\/www.europesays.com\/fr\/wp-content\/uploads\/2025\/10\/b40f7f9_upload-1-xibi6orxnus7-hautesere.PNG\"  width=\"728\" height=\"410\" alt=\"Jeanne d\u2019Hauteserre sur BFMTV le 4\u00a0octobre.\"\/>  <\/p>\n<p>Capture BFMTV<\/p>\n<p>Jeanne d\u2019Hauteserre sur BFMTV le 4\u00a0octobre.<\/p>\n<p class=\"asset asset-text\">POLITIQUE &#8211; Une d\u00e9fense bancale qui, en langage footballistique, a tout du but contre son camp. Depuis plusieurs jours, les maires d\u2019arrondissements de Paris sont pris <a href=\"https:\/\/www.huffingtonpost.fr\/politique\/article\/supprimer-les-notes-de-frais-des-maires-a-paris-l-idee-fait-son-chemin-apres-les-polemiques_255585.html\" rel=\"nofollow noopener\" target=\"_blank\">dans une pol\u00e9mique autour de leurs notes de frais<\/a>. V\u00eatements de luxe, caisses de champagne, grands restaurants parisiens\u2026 Dans un contexte d\u2019aust\u00e9rit\u00e9 budg\u00e9taire, o\u00f9 il est demand\u00e9 aux Fran\u00e7ais de faire un maximum d\u2019efforts, et alors que les mobilisations pour plus de justice sociale se multiplient, ces d\u00e9penses creusent encore la d\u00e9fiance des citoyens vis-\u00e0-vis de leurs repr\u00e9sentants.<\/p>\n<p class=\"asset asset-text\">Invit\u00e9e de BFMTV le 4\u00a0octobre, la maire du VIIIe arrondissement Jeanne d\u2019Hauteserre a justifi\u00e9, bien maladroitement, <a href=\"https:\/\/www.huffingtonpost.fr\/politique\/article\/publiees-par-anne-hidalgo-que-revelent-les-notes-de-frais-des-maires-d-arrondissement-de-paris_255534.html\" rel=\"nofollow noopener\" target=\"_blank\">les 35\u00a0000\u00a0euros qu\u2019elle a d\u00e9pens\u00e9s en cinq ans pour refaire sa garde-robe<\/a>. \u00ab\u00a0Effectivement j\u2019ai cette image de maire toujours bien sap\u00e9e, toujours \u00e9l\u00e9gante\u00a0\u00bb, a-t-elle entam\u00e9 l\u2019air de rien. Puis\u00a0: \u00ab\u00a0Chaque maire a une enveloppe de 990\u00a0euros par mois qu\u2019il peut utiliser comme il veut. Moi j\u2019ai pr\u00e9f\u00e9r\u00e9 m\u2019acheter des fringues pour \u00eatre bien sap\u00e9e\u00a0\u00bb. Des mots assez inhabituels dans la bouche d\u2019une \u00e9lue.<\/p>\n<p class=\"asset asset-text\">L\u2019argent public utilis\u00e9 ici a \u00e9t\u00e9 revers\u00e9 \u00e0 des enseignes connues comme The Kooples, Sandro, Maje ou \u00c9ric Bompard. Jeanne d\u2019Hauteserre reconna\u00eet qu\u2019elle ne se fait pas rembourser ses repas au restaurant, pr\u00e9f\u00e9rant tout miser sur la garde-robe. Selon un d\u00e9compte de <a href=\"https:\/\/www.liberation.fr\/politique\/35-779-euros-de-notes-de-frais-en-cinq-ans-jeanne-dhauteserre-une-elue-lr-de-paris-sapee-comme-jamais-20251003_IQLRYLGZ35GETDGSAGNFHPYEEQ\/\" target=\"_blank\" rel=\"noopener nofollow\" title=\"Nouvelle fen\u00eatre\">Lib\u00e9ration<\/a>, la maire bat tous les records\u00a0: sur le seul mois de d\u00e9cembre\u00a02023, elle a d\u00e9pens\u00e9 pas moins de 7\u00a0000\u00a0euros. Dont une bonne part d\u00e9pens\u00e9 dans les Galeries Lafayette ou au Printemps.<\/p>\n<p class=\"asset asset-text\">\u00ab\u00a0J\u2019essaye d\u2019acheter des produits fran\u00e7ais et de bonne qualit\u00e9\u00a0\u00bb, se d\u00e9fend-elle aujourd\u2019hui. Puis brandissant une sorte de fait remarquable\u00a0: \u00ab\u00a0D\u2019ailleurs en 2024, je n\u2019ai pas d\u00e9pens\u00e9 toute mon enveloppe\u00a0\u00bb. \u00ab\u00a0Je comprends tout \u00e0 fait qu\u2019une personne qui gagne 1200\u00a0euros par mois soit choqu\u00e9e qu\u2019on ait droit \u00e0 990\u00a0euros de frais de repr\u00e9sentation\u00a0\u00bb, a tout de m\u00eame reconnu Jeanne d\u2019Hauteserre. En r\u00e9alit\u00e9, si toutes ces d\u00e9penses sont l\u00e9gales, elles n\u2019en sont pas moins discutables notamment quand certaines donnent l\u2019impression qu\u2019elles devraient relever de budgets priv\u00e9s. Surtout \u00e0 l\u2019heure de restrictions budg\u00e9taires.<\/p>\n<p>                     \u00ab\u00a0Je veux remercier nos concitoyens\u00a0\u00bb    <\/p>\n<p class=\"asset asset-text\">De quoi rendre en tout cas le discours de la maire LR du VIIIe arrondissement de Paris assez inaudible. \u00ab\u00a0Et d\u2019ailleurs je profite de l\u2019occasion pour remercier tous nos concitoyens qui travaillent et qui nous permettent d\u2019avoir ces indemnit\u00e9s\u00a0\u00bb, a-t-elle ajout\u00e9, toujours sur BFMTV, Malheureusement on n\u2019est pas les seuls, il y a les d\u00e9put\u00e9s, les ministres\u2026\u00a0\u00bb.<\/p>\n<p class=\"asset asset-text\">Face \u00e0 la journaliste interloqu\u00e9e en plateau, qui lui a fait remarqu\u00e9 que c\u2019est quand m\u00eame \u00ab\u00a0assez particulier\u00a0\u00bb de remercier les Fran\u00e7ais qui travaillent, Jeanne d\u2019Hauteserre a poursuivi\u00a0: \u00ab\u00a0C\u2019est quand m\u00eame gr\u00e2ce \u00e0 eux. Ce sont les fonds de l\u2019\u00c9tat. Dans la conjoncture actuelle, o\u00f9 on demande \u00e0 nos concitoyens de faire des efforts, il faut qu\u2019on supprime tous ces privil\u00e8ges\u00a0\u00bb. L\u2019\u00e9lue plaide en effet, ces derniers jours, pour la suppression pure et simple des frais de repr\u00e9sentation accord\u00e9s aux maires de la capitale.<\/p>\n<p class=\"asset asset-text\">Ces propos ont en tout cas provoqu\u00e9 un flot d\u2019indignation sur les r\u00e9seaux sociaux. \u00ab\u00a0D\u00e9connexion\u00a0\u00bb, \u00ab\u00a0s\u00e9quence catastrophique\u00a0\u00bb, \u00ab\u00a0discours lunaire\u00a0\u00bb, se sont agac\u00e9s les internautes. \u00ab\u00a0Dehors\u00a0\u00bb, a simplement tweet\u00e9 le d\u00e9put\u00e9 LFI Antoine L\u00e9aument, quand sa coll\u00e8gue Ersilia Soudais, r\u00e9guli\u00e8rement attaqu\u00e9e sur la base de moqueries sexistes, explique\u00a0: \u00ab\u00a0Je pr\u00e9f\u00e8re porter des fringues qui ne vous plaisent pas plut\u00f4t que de voler 990\u20ac par mois au contribuable pour alimenter mon dressing\u00a0\u00bb. \u00ab\u00a05\u00a0millions de Fran\u00e7ais vivent avec moins 990\u20ac par mois. Le VIIIe arrondissement de Paris est-il toujours connect\u00e9 au reste du pays\u00a0?\u00a0\u00bb, a interrog\u00e9 Debout, le mouvement de Fran\u00e7ois Ruffin. \u00c0 six mois des \u00e9lections municipales, cette d\u00e9claration pourrait lui co\u00fbter tr\u00e8s cher.<\/p>\n","protected":false},"excerpt":{"rendered":"Capture BFMTV Jeanne d\u2019Hauteserre sur BFMTV le 4\u00a0octobre. POLITIQUE &#8211; Une d\u00e9fense bancale qui, en langage footballistique, a&hellip;\n","protected":false},"author":2,"featured_media":440633,"comment_status":"","ping_status":"","sticky":false,"template":"","format":"standard","meta":{"footnotes":""},"categories":[4],"tags":[11,1011,27,6319,2381,12,626,316,25],"class_list":{"0":"post-440632","1":"post","2":"type-post","3":"status-publish","4":"format-standard","5":"has-post-thumbnail","7":"category-france","8":"tag-actualites","9":"tag-fr","10":"tag-france","11":"tag-les-republicains","12":"tag-mairie-de-paris","13":"tag-news","14":"tag-paris","15":"tag-politique","16":"tag-republique-francaise"},"share_on_mastodon":{"url":"https:\/\/pubeurope.com\/@fr\/115321284511140461","error":""},"_links":{"self":[{"href":"https:\/\/www.europesays.com\/fr\/wp-json\/wp\/v2\/posts\/440632","targetHints":{"allow":["GET"]}}],"collection":[{"href":"https:\/\/www.europesays.com\/fr\/wp-json\/wp\/v2\/posts"}],"about":[{"href":"https:\/\/www.europesays.com\/fr\/wp-json\/wp\/v2\/types\/post"}],"author":[{"embeddable":true,"href":"https:\/\/www.europesays.com\/fr\/wp-json\/wp\/v2\/users\/2"}],"replies":[{"embeddable":true,"href":"https:\/\/www.europesays.com\/fr\/wp-json\/wp\/v2\/comments?post=440632"}],"version-history":[{"count":0,"href":"https:\/\/www.europesays.com\/fr\/wp-json\/wp\/v2\/posts\/440632\/revisions"}],"wp:featuredmedia":[{"embeddable":true,"href":"https:\/\/www.europesays.com\/fr\/wp-json\/wp\/v2\/media\/440633"}],"wp:attachment":[{"href":"https:\/\/www.europesays.com\/fr\/wp-json\/wp\/v2\/media?parent=440632"}],"wp:term":[{"taxonomy":"category","embeddable":true,"href":"https:\/\/www.europesays.com\/fr\/wp-json\/wp\/v2\/categories?post=440632"},{"taxonomy":"post_tag","embeddable":true,"href":"https:\/\/www.europesays.com\/fr\/wp-json\/wp\/v2\/tags?post=440632"}],"curies":[{"name":"wp","href":"https:\/\/api.w.org\/{rel}","templated":true}]}}