{"id":440636,"date":"2025-10-05T11:19:18","date_gmt":"2025-10-05T11:19:18","guid":{"rendered":"https:\/\/www.europesays.com\/fr\/440636\/"},"modified":"2025-10-05T11:19:18","modified_gmt":"2025-10-05T11:19:18","slug":"loire-tunnel-du-rond-point-ferme-travaux-de-nuit-les-chantiers-programmes-cette-semaine","status":"publish","type":"post","link":"https:\/\/www.europesays.com\/fr\/440636\/","title":{"rendered":"Loire. Tunnel du Rond-Point ferm\u00e9, travaux de nuit&#8230; les chantiers programm\u00e9s cette semaine"},"content":{"rendered":"<p>RN88<\/p>\n<p>RN88 \u2013 \u00c0 Saint-\u00c9tienne, le tunnel du rond-point ferm\u00e9 deux nuits<\/p>\n<p data-start=\"3011\" data-end=\"3325\">La RN88 sera ferm\u00e9e au niveau du tunnel du Rond-Point, entre l\u2019\u00e9changeur n\u00b021 (Le Rond-Point) et l\u2019\u00e9changeur \u00ab La Rivi\u00e8re \u00bb, les nuits du 6 et 7 octobre, de 20h30 \u00e0 5h30. Une d\u00e9viation sera mise en place via l\u2019A72 direction Andr\u00e9zieux, sortie n\u00b010 vers Firminy, RM201, puis reprise de la RN88 \u00e0 La Ricamarie.<\/p>\n<p>RN88 \u2013 Voies r\u00e9duites au niveau de La Ricamarie<\/p>\n<p data-start=\"466\" data-end=\"819\">Dans le sens Saint-\u00c9tienne\/Le Puy, la circulation s\u2019effectue sur des voies de largeur r\u00e9duite de mani\u00e8re permanente jusqu\u2019au 26 novembre 2025. La vitesse est limit\u00e9e \u00e0 70 km\/h et les d\u00e9passements sont interdits pour les v\u00e9hicules de plus de 3,5 tonnes. De plus, la voie de droite sera neutralis\u00e9e les lundi 6 et jeudi 9 octobre, de 9 \u00e0 16 heures.<\/p>\n<p>RN88 \u2013 Sur une voie \u00e0 la Varizelle<\/p>\n<p data-start=\"886\" data-end=\"1054\">Dans le sens Saint-\u00c9tienne\/Lyon, la voie de droite sera neutralis\u00e9e de mani\u00e8re permanente \u00e0 partir du mardi 7 octobre, pour permettre des travaux d\u2019am\u00e9nagement.<\/p>\n<p data-start=\"1121\" data-end=\"1272\">Pour l\u2019inspection des ouvrages, la voie de droite sera neutralis\u00e9e dans le sens Saint-Chamond\/Saint-\u00c9tienne le mercredi 8 octobre, de 9 \u00e0 16 heures.<\/p>\n<p>RN88 \u2013 Sur une voie de Terrenoire \u00e0 la Varizelle<\/p>\n<p data-start=\"2595\" data-end=\"2737\">La voie de droite ou de gauche sera neutralis\u00e9e alternativement la nuit du lundi 6 octobre, de 21h \u00e0 6h, pour des travaux d\u2019am\u00e9nagement.<\/p>\n<p>RN88 \u2013 Sur une voie pendant 3 nuits de Firminy \u00e0 Saint-\u00c9tienne<\/p>\n<p data-start=\"2798\" data-end=\"2956\">Dans le sens Firminy\/Saint-\u00c9tienne, la voie de droite sera neutralis\u00e9e les nuits du 6 au 9 octobre, de 21h \u00e0 6h, pour permettre le fauchage d\u2019automne.<\/p>\n<p>A47<\/p>\n<p>A47 \u2013 Sur voies r\u00e9duites \u00e0 Lorette<\/p>\n<p data-start=\"1332\" data-end=\"1563\">La circulation en sens Saint-\u00c9tienne\/Lyon s\u2019effectue sur des voies de largeur r\u00e9duite de mani\u00e8re permanente jusqu\u2019au 9 octobre 2025. La vitesse est limit\u00e9e \u00e0 70 km\/h et les d\u00e9passements pour les poids lourds sont interdits.<\/p>\n<p>RN488 \u2013 Sur une voie au niveau de Saint-\u00c9tienne<\/p>\n<p data-start=\"1621\" data-end=\"1799\">Dans le sens Saint-Chamond\/Saint-\u00c9tienne, la voie de droite est neutralis\u00e9e de mani\u00e8re permanente et la vitesse est r\u00e9duite \u00e0 50 km\/h en raison d\u2019un affaissement de chauss\u00e9e.<\/p>\n<p>RN88 \u2013 Sur une voie au niveau du Chambon-Feugerolles<\/p>\n<p data-start=\"1855\" data-end=\"2002\">Pour des travaux d\u2019assainissement, la voie de droite sera neutralis\u00e9e dans le sens Le Puy\/Saint-\u00c9tienne le mercredi 8 octobre, de 9 \u00e0 12 heures.<\/p>\n<p>A47 \u2013 Des travaux de nuit au niveau de Saint-Chamond<\/p>\n<p data-start=\"2304\" data-end=\"2515\">Dans le sens Lyon\/Saint-\u00c9tienne, l\u2019A47 sera ferm\u00e9e les nuits du 6 au 9 octobre, de 20\u00a0h\u00a030 \u00e0 6h, entre les \u00e9changeurs n\u00b014 et n\u00b016. La bretelle d\u2019insertion n\u00b015 (St-Chamond\/Stelytec) sera \u00e9galement ferm\u00e9e.<\/p>\n<p>A72<\/p>\n<p>A72 \u2013 Andr\u00e9zieux-Bouth\u00e9on (travaux de chauss\u00e9e)<\/p>\n<p data-start=\"2059\" data-end=\"2253\">La bretelle de sortie 8b (Andr\u00e9zieux\/Montbrison) sera ferm\u00e9e \u00e0 la circulation dans le sens Saint-\u00c9tienne \/Andr\u00e9zieux la nuit du jeudi 9 octobre, de 21h \u00e0 6h, pour des travaux de chauss\u00e9e.<\/p>\n","protected":false},"excerpt":{"rendered":"RN88 RN88 \u2013 \u00c0 Saint-\u00c9tienne, le tunnel du rond-point ferm\u00e9 deux nuits La RN88 sera ferm\u00e9e au niveau&hellip;\n","protected":false},"author":2,"featured_media":440637,"comment_status":"","ping_status":"","sticky":false,"template":"","format":"standard","meta":{"footnotes":""},"categories":[9653],"tags":[1111,11,2430,1777,674,107,10282,1011,27,3367,12,25,9669,4001,1097,800,2086],"class_list":{"0":"post-440636","1":"post","2":"type-post","3":"status-publish","4":"format-standard","5":"has-post-thumbnail","7":"category-saint-etienne","8":"tag-actu","9":"tag-actualites","10":"tag-auvergne-rhone-alpes","11":"tag-eu","12":"tag-europe","13":"tag-fil-info","14":"tag-firminy","15":"tag-fr","16":"tag-france","17":"tag-loire","18":"tag-news","19":"tag-republique-francaise","20":"tag-saint-chamond","21":"tag-saint-etienne","22":"tag-trafic","23":"tag-transports","24":"tag-travaux"},"share_on_mastodon":{"url":"https:\/\/pubeurope.com\/@fr\/115321291923297705","error":""},"_links":{"self":[{"href":"https:\/\/www.europesays.com\/fr\/wp-json\/wp\/v2\/posts\/440636","targetHints":{"allow":["GET"]}}],"collection":[{"href":"https:\/\/www.europesays.com\/fr\/wp-json\/wp\/v2\/posts"}],"about":[{"href":"https:\/\/www.europesays.com\/fr\/wp-json\/wp\/v2\/types\/post"}],"author":[{"embeddable":true,"href":"https:\/\/www.europesays.com\/fr\/wp-json\/wp\/v2\/users\/2"}],"replies":[{"embeddable":true,"href":"https:\/\/www.europesays.com\/fr\/wp-json\/wp\/v2\/comments?post=440636"}],"version-history":[{"count":0,"href":"https:\/\/www.europesays.com\/fr\/wp-json\/wp\/v2\/posts\/440636\/revisions"}],"wp:featuredmedia":[{"embeddable":true,"href":"https:\/\/www.europesays.com\/fr\/wp-json\/wp\/v2\/media\/440637"}],"wp:attachment":[{"href":"https:\/\/www.europesays.com\/fr\/wp-json\/wp\/v2\/media?parent=440636"}],"wp:term":[{"taxonomy":"category","embeddable":true,"href":"https:\/\/www.europesays.com\/fr\/wp-json\/wp\/v2\/categories?post=440636"},{"taxonomy":"post_tag","embeddable":true,"href":"https:\/\/www.europesays.com\/fr\/wp-json\/wp\/v2\/tags?post=440636"}],"curies":[{"name":"wp","href":"https:\/\/api.w.org\/{rel}","templated":true}]}}