{"id":440638,"date":"2025-10-05T11:20:12","date_gmt":"2025-10-05T11:20:12","guid":{"rendered":"https:\/\/www.europesays.com\/fr\/440638\/"},"modified":"2025-10-05T11:20:12","modified_gmt":"2025-10-05T11:20:12","slug":"les-affluences-de-la-9e-journee-de-ligue-2","status":"publish","type":"post","link":"https:\/\/www.europesays.com\/fr\/440638\/","title":{"rendered":"Les affluences de la 9e journ\u00e9e de Ligue 2"},"content":{"rendered":"<p><img fetchpriority=\"high\" decoding=\"async\" width=\"620\" height=\"413\" src=\"https:\/\/www.europesays.com\/fr\/wp-content\/uploads\/2025\/10\/Montpellier-HSC-MHSC-620x413.jpg\" alt=\"Les affluences de la 9e journ\u00e9e de Ligue 2\" class=\"wp-image-343274\"  \/>C\u2019est \u00e0 Montpellier, pour le choc des anciens de la Ligue 1, MHSC \u2013 ASSE, qu\u2019il y avait le plus de spectateurs ce week-end en Ligue 2.<\/p>\n<p>Un week-end globalement dans la moyenne d\u2019une saison impr\u00e9visible en nombre de spectateurs, tant il y a de donn\u00e9es diff\u00e9rentes d\u2019une journ\u00e9e \u00e0 une autre. Rien par exemple n\u2019\u00e9gale l\u2019<a href=\"https:\/\/sportune.20minutes.fr\/as-saint-etienne-asse\" target=\"_blank\" rel=\"noopener\">AS Saint-Etienne<\/a> quand l\u2019\u00e9quipe st\u00e9phanoise re\u00e7oit \u00e0 Geoffroy-Guichard. Comme nous l\u2019avons partag\u00e9 cette semaine, <a href=\"https:\/\/sportune.20minutes.fr\/om-meilleure-affluence-de-la-saison-du-foot-francais-lasse-sixieme-380431\" target=\"_blank\" rel=\"noopener\">les Verts enregistrent la sixi\u00e8me meilleure affluence du football fran\u00e7ais<\/a>, alors qu\u2019ils \u00e9voluent en <a href=\"https:\/\/sportune.20minutes.fr\/ligue-2-l2\" target=\"_blank\" rel=\"noopener\">Ligue 2<\/a>. Excusez du peu !<\/p>\n<p>Il y a ensuite les param\u00e8tres \u00e0 d\u00e9faut qui concernent l\u2019<a href=\"https:\/\/sportune.20minutes.fr\/as-nancy-lorraine-asnl\" target=\"_blank\" rel=\"noopener\">AS Nancy Lorraine<\/a> et le <a href=\"https:\/\/sportune.20minutes.fr\/fc-annecy\" target=\"_blank\" rel=\"noopener\">FC Annecy<\/a>. Les Lorrains ont jou\u00e9 jusqu\u2019ici tous leurs matchs \u00e0 domicile \u00e0 huis clos, frapp\u00e9s d\u2019une sanction de la F\u00e9d\u00e9ration fran\u00e7aise de football. La bonne nouvelle, c\u2019est qu\u2019ils ont purg\u00e9 toute leur peine et recevront Amiens avec du public.<\/p>\n<p>L\u2019ASNL va retrouver son public et Annecy son stade<\/p>\n<p>Quant au <a href=\"https:\/\/sportune.20minutes.fr\/fc-annecy\" target=\"_blank\" rel=\"noopener\">FC Annecy<\/a>, il p\u00e2tit des travaux en cours au Parc des Sports. Les Savoyards sont cons\u00e9quemment contraints de se d\u00e9localiser \u00e0 Dijon, o\u00f9 ils ne sont que quelques centaines \u00e0 les suivre. L\u00e0 encore, la suite est prometteuse puisque le <a href=\"https:\/\/sportune.20minutes.fr\/fc-annecy\" target=\"_blank\" rel=\"noopener\">FCA<\/a> retrouvera son stade \u00e0 la prochaine r\u00e9ception avec, qui plus est, une affiche de gala face \u00e0 l\u2019AS Saint-Etienne.<\/p>\n<p>En attendant, 434 spectateurs seulement ont suivi l\u2019opposition du <a href=\"https:\/\/sportune.20minutes.fr\/fc-annecy\" target=\"_blank\" rel=\"noopener\">FC Annecy<\/a> et du <a href=\"https:\/\/sportune.20minutes.fr\/stade-lavallois\" target=\"_blank\" rel=\"noopener\">Stade Lavallois<\/a>. Au total, 59 541 spectateurs ont garni les tribunes des neuf rencontres de la neuvi\u00e8me journ\u00e9e, pour une moyenne de 6 616, qui \u00e9quivaut \u00e0 la rencontre entre <a href=\"https:\/\/sportune.20minutes.fr\/amiens-sc\" target=\"_blank\" rel=\"noopener\">Amiens SC<\/a> et l\u2019<a href=\"https:\/\/sportune.20minutes.fr\/us-boulogne\" target=\"_blank\" rel=\"noopener\">US Boulogne<\/a>.<\/p>\n<p>Les affluences de la 9e journ\u00e9e de Ligue 2<\/p>\n<p>Montpellier \u2013 Saint-\u00c9tienne = 12 392<br \/>Bastia \u2013 Dunkerque = 9 771<br \/>Reims \u2013 Grenoble = 9 508<br \/>Guingamp \u2013 Nancy = 6 927<br \/>Le Mans \u2013 Troyes = 6 500<br \/>Amiens \u2013 Boulogne = 6 289<br \/>Red Star \u2013 Rodez = 4 651<br \/>Pau \u2013 Clermont = 3 069<br \/>Annecy \u2013 Laval = 434<\/p>\n","protected":false},"excerpt":{"rendered":"C\u2019est \u00e0 Montpellier, pour le choc des anciens de la Ligue 1, MHSC \u2013 ASSE, qu\u2019il y avait&hellip;\n","protected":false},"author":2,"featured_media":440639,"comment_status":"","ping_status":"","sticky":false,"template":"","format":"standard","meta":{"footnotes":""},"categories":[9653],"tags":[1111,11,40798,3703,461,2430,33977,19062,40799,1777,674,20116,1011,27,21780,40797,446,463,12,40800,5416,25,40801,4001,5628,464,40802,45541,40803],"class_list":{"0":"post-440638","1":"post","2":"type-post","3":"status-publish","4":"format-standard","5":"has-post-thumbnail","7":"category-saint-etienne","8":"tag-actu","9":"tag-actualites","10":"tag-amiens-sc","11":"tag-asnl","12":"tag-asse","13":"tag-auvergne-rhone-alpes","14":"tag-clermont-foot","15":"tag-ea-guingamp","16":"tag-estac","17":"tag-eu","18":"tag-europe","19":"tag-fc-annecy","20":"tag-fr","21":"tag-france","22":"tag-gf38","23":"tag-le-mans-fc","24":"tag-ligue-2","25":"tag-mhsc","26":"tag-news","27":"tag-pau-fc","28":"tag-red-star","29":"tag-republique-francaise","30":"tag-rodez-af","31":"tag-saint-etienne","32":"tag-sc-bastia","33":"tag-stade-de-reims","34":"tag-stade-lavallois","35":"tag-us-boulogne","36":"tag-usl-dunkerque"},"share_on_mastodon":{"url":"https:\/\/pubeurope.com\/@fr\/115321296040014304","error":""},"_links":{"self":[{"href":"https:\/\/www.europesays.com\/fr\/wp-json\/wp\/v2\/posts\/440638","targetHints":{"allow":["GET"]}}],"collection":[{"href":"https:\/\/www.europesays.com\/fr\/wp-json\/wp\/v2\/posts"}],"about":[{"href":"https:\/\/www.europesays.com\/fr\/wp-json\/wp\/v2\/types\/post"}],"author":[{"embeddable":true,"href":"https:\/\/www.europesays.com\/fr\/wp-json\/wp\/v2\/users\/2"}],"replies":[{"embeddable":true,"href":"https:\/\/www.europesays.com\/fr\/wp-json\/wp\/v2\/comments?post=440638"}],"version-history":[{"count":0,"href":"https:\/\/www.europesays.com\/fr\/wp-json\/wp\/v2\/posts\/440638\/revisions"}],"wp:featuredmedia":[{"embeddable":true,"href":"https:\/\/www.europesays.com\/fr\/wp-json\/wp\/v2\/media\/440639"}],"wp:attachment":[{"href":"https:\/\/www.europesays.com\/fr\/wp-json\/wp\/v2\/media?parent=440638"}],"wp:term":[{"taxonomy":"category","embeddable":true,"href":"https:\/\/www.europesays.com\/fr\/wp-json\/wp\/v2\/categories?post=440638"},{"taxonomy":"post_tag","embeddable":true,"href":"https:\/\/www.europesays.com\/fr\/wp-json\/wp\/v2\/tags?post=440638"}],"curies":[{"name":"wp","href":"https:\/\/api.w.org\/{rel}","templated":true}]}}