{"id":440642,"date":"2025-10-05T11:24:16","date_gmt":"2025-10-05T11:24:16","guid":{"rendered":"https:\/\/www.europesays.com\/fr\/440642\/"},"modified":"2025-10-05T11:24:16","modified_gmt":"2025-10-05T11:24:16","slug":"toulon-la-semaine-du-sport-a-lhopital","status":"publish","type":"post","link":"https:\/\/www.europesays.com\/fr\/440642\/","title":{"rendered":"Toulon : La semaine du sport \u00e0 l\u2019h\u00f4pital"},"content":{"rendered":"<p>&#13;<br \/>\n        &#13;<br \/>\n&#13;<br \/>\n        &#13;<br \/>\n&#13;<\/p>\n<p>        <a href=\"https:\/\/www.tv83.info\/wp-content\/uploads\/2025\/10\/Affiche-Semaine-du-Sport-25_page-0001.jpg\" data-caption=\"\" rel=\"nofollow noopener\" target=\"_blank\"><img loading=\"lazy\" decoding=\"async\" width=\"696\" height=\"984\" class=\"entry-thumb td-modal-image\" src=\"https:\/\/www.europesays.com\/fr\/wp-content\/uploads\/2025\/10\/Affiche-Semaine-du-Sport-25_page-0001-696x984.jpg\"   alt=\"\" title=\"Affiche Semaine du Sport 25_page-0001\"\/><\/a><\/p>\n<p><strong>Du 6 au 10 octobre<\/strong>, l\u2019association Premiers de Cord\u00e9e organise la 21e \u00e9dition de la Semaine du Sport \u00e0 l\u2019H\u00f4pital dans le service de p\u00e9diatrie de l\u2019H\u00f4pital Sainte Musse, avec la participation exceptionnelle du RCT. L\u2019objectif de cet \u00e9v\u00e9nement exceptionnel est d\u2019offrir aux petits patients ainsi qu\u2019\u00e0 leur famille et aux soignants un moment ludique autour de la pratique sportive.<br \/>Les sportifs participent ainsi au bien-\u00eatre physique et mental des enfants.<\/p>\n<p>Le principe : pendant 5 jours, 5 disciplines sont propos\u00e9es aux enfants hospitalis\u00e9s et \u00e0 leurs soignants.<br \/>Lundi 6 octobre \u2013 14h-16h- Rugby \u2013 pr\u00e9sence du RCT<br \/>Mercredi 8 octobre \u2013 14h-16h \u2013 Badminton<br \/>Vendredi 10 octobre \u2013 10h-12h \u2013 Qwan Ki Do<\/p>\n<p><a href=\"https:\/\/www.restosducoeur.org\/associations-departementales\/les-restos-du-coeur-du-var\/\" rel=\"nofollow noopener\" target=\"_blank\"><img decoding=\"async\" style=\"height:70px;width:140px\" src=\"https:\/\/www.europesays.com\/fr\/wp-content\/uploads\/2025\/04\/restos-du-coeur.jpg\"\/><\/a>        &#13;<br \/>\n&#13;<br \/>\n&#13;<br \/>\n        &#13;<br \/>\n                        &#13;<br \/>\n            &#13;<br \/>\n&#13;<br \/>\n                        Previous article<a href=\"https:\/\/www.tv83.info\/toulon-a-lombre-du-reverbere-2\/\" rel=\"nofollow noopener\" target=\"_blank\">Toulon : \u00c0 l\u2019ombre du r\u00e9verb\u00e8re<\/a>            \t                &#13;<br \/>\n&#13;<\/p>\n","protected":false},"excerpt":{"rendered":"&#13; &#13; &#13; &#13; &#13; Du 6 au 10 octobre, l\u2019association Premiers de Cord\u00e9e organise la 21e \u00e9dition&hellip;\n","protected":false},"author":2,"featured_media":440643,"comment_status":"","ping_status":"","sticky":false,"template":"","format":"standard","meta":{"footnotes":""},"categories":[9619],"tags":[1111,11,1777,674,1011,27,12,882,25,2310],"class_list":{"0":"post-440642","1":"post","2":"type-post","3":"status-publish","4":"format-standard","5":"has-post-thumbnail","7":"category-toulon","8":"tag-actu","9":"tag-actualites","10":"tag-eu","11":"tag-europe","12":"tag-fr","13":"tag-france","14":"tag-news","15":"tag-provence-alpes-cote-dazur","16":"tag-republique-francaise","17":"tag-toulon"},"share_on_mastodon":{"url":"https:\/\/pubeurope.com\/@fr\/115321311925186146","error":""},"_links":{"self":[{"href":"https:\/\/www.europesays.com\/fr\/wp-json\/wp\/v2\/posts\/440642","targetHints":{"allow":["GET"]}}],"collection":[{"href":"https:\/\/www.europesays.com\/fr\/wp-json\/wp\/v2\/posts"}],"about":[{"href":"https:\/\/www.europesays.com\/fr\/wp-json\/wp\/v2\/types\/post"}],"author":[{"embeddable":true,"href":"https:\/\/www.europesays.com\/fr\/wp-json\/wp\/v2\/users\/2"}],"replies":[{"embeddable":true,"href":"https:\/\/www.europesays.com\/fr\/wp-json\/wp\/v2\/comments?post=440642"}],"version-history":[{"count":0,"href":"https:\/\/www.europesays.com\/fr\/wp-json\/wp\/v2\/posts\/440642\/revisions"}],"wp:featuredmedia":[{"embeddable":true,"href":"https:\/\/www.europesays.com\/fr\/wp-json\/wp\/v2\/media\/440643"}],"wp:attachment":[{"href":"https:\/\/www.europesays.com\/fr\/wp-json\/wp\/v2\/media?parent=440642"}],"wp:term":[{"taxonomy":"category","embeddable":true,"href":"https:\/\/www.europesays.com\/fr\/wp-json\/wp\/v2\/categories?post=440642"},{"taxonomy":"post_tag","embeddable":true,"href":"https:\/\/www.europesays.com\/fr\/wp-json\/wp\/v2\/tags?post=440642"}],"curies":[{"name":"wp","href":"https:\/\/api.w.org\/{rel}","templated":true}]}}