{"id":440648,"date":"2025-10-05T11:27:09","date_gmt":"2025-10-05T11:27:09","guid":{"rendered":"https:\/\/www.europesays.com\/fr\/440648\/"},"modified":"2025-10-05T11:27:09","modified_gmt":"2025-10-05T11:27:09","slug":"pour-felix-lebrun-la-marche-etait-trop-haute-en-chine","status":"publish","type":"post","link":"https:\/\/www.europesays.com\/fr\/440648\/","title":{"rendered":"Pour F\u00e9lix Lebrun, la marche \u00e9tait trop haute en Chine"},"content":{"rendered":"<p>            Par<br \/>\n        <strong><br \/>\n            <a href=\"https:\/\/actu.fr\/auteur\/metropoop\" title=\"Consulter tous les articles de R\u00e9daction M\u00e9tropolitain\" target=\"_blank\" rel=\"noopener\">R\u00e9daction M\u00e9tropolitain<\/a><br \/>\n        <\/strong><\/p>\n<p>        Publi\u00e9 le<\/p>\n<p>            5 oct. 2025 \u00e0 12h54        <\/p>\n<p>Il n\u2019y aura pas eu de miracle pour <strong>F\u00e9lix Lebrun<\/strong>. Apr\u00e8s une immense victoire en demi-finale du <strong>WTT China Smash 2025<\/strong> ce dimanche matin contre le num\u00e9ro 2 mondial, le Chinois Lin Shidong (11-5, 7-11, 6-11, 11-9, 11-6, 11-6), le cadet des fr\u00e8res Lebrun avait une derni\u00e8re montagne \u00e0 gravir pour, peut-\u00eatre, d\u00e9crocher son premier titre en Grand Smash lors de cette premi\u00e8re finale. Seul demi-finaliste non chinois et premier Fran\u00e7ais de l\u2019histoire \u00e0 atteindre une telle \u00e9tape, il affrontait ce dimanche midi (heure fran\u00e7aise) le num\u00e9ro 1 mondial, <strong>Wang Chuqin<\/strong>, qui avait quant \u00e0 lui \u00e9limin\u00e9 son compatriote Xiang Peng dans un match particuli\u00e8rement serr\u00e9 (9-11, 6-11, 11-8, 8-11, 11-3, 11-8, 11-9). Une finale exceptionnelle qui a vu le Montpelli\u00e9rain d\u00e9fait en quatre sets (11-7, 11-2, 11-5 et 11-7).<\/p>\n<p>Un Wang Chuqin injouable<\/p>\n<p class=\" wall-content\">F\u00e9lix est apparu tendu en entamant le match face au num\u00e9ro 1 mondial. D\u00e9fait dans le premier set (11-7), le Montpelli\u00e9rain a pourtant tent\u00e9 de r\u00e9sister face \u00e0 un Chinois jouant \u00e0 un niveau exceptionnel. Le deuxi\u00e8me set (11-2) a confirm\u00e9 la domination de Wang Chuqin, injouable et tr\u00e8s agressif dans ses attaques, malgr\u00e9 la bonne d\u00e9fense de F\u00e9lix.<\/p>\n<p class=\" wall-content\">Au d\u00e9but du troisi\u00e8me set, F\u00e9lix semblait regagner un peu de confiance (11-5), mais la solidit\u00e9 et le niveau impressionnant de Wang Chuqin ont rapidement pris le dessus. Le dernier set s\u2019est alors ouvert avec une large avance pour le num\u00e9ro 1 mondial, qui semblait en mission dans cette finale. Imprenable du d\u00e9but \u00e0 la fin, il remporte cette ultime manche plus disput\u00e9e que les pr\u00e9c\u00e9dentes (11-7) et s\u2019impose dans cette finale.\u00a0<\/p>\n<p class=\" wall-content\">Pour F\u00e9lix Lebrun, malgr\u00e9 la d\u00e9faite, cette rencontre restera un v\u00e9ritable apprentissage dans sa carri\u00e8re qui lui r\u00e9serve probablement de futures grandes victoires. Prochain rendez-vous \u00e0 <strong>Montpellier<\/strong> du<strong> 28 octobre au 2 novembre<\/strong> prochain \u00e0 la <strong>Sud de France Arena<\/strong>.<\/p>\n<p class=\" wall-content\">Personnalisez votre actualit\u00e9 en ajoutant vos villes et m\u00e9dias en favori avec <a href=\"https:\/\/moncompte.actu.fr\" title=\"D\u00e9couvez Mon Actu\" rel=\"nofollow noopener\" data-trk=\"{&quot;cta&quot;:{&quot;action&quot;:&quot;https:\\\/\\\/moncompte.actu.fr&quot;,&quot;category&quot;:&quot;mon compte&quot;,&quot;from&quot;:&quot;article footer&quot;,&quot;name&quot;:&quot;Mon actu&quot;,&quot;type&quot;:&quot;cta&quot;}}\" target=\"_blank\">Mon Actu<\/a>.<\/p>\n","protected":false},"excerpt":{"rendered":"Par R\u00e9daction M\u00e9tropolitain Publi\u00e9 le 5 oct. 2025 \u00e0 12h54 Il n\u2019y aura pas eu de miracle pour&hellip;\n","protected":false},"author":2,"featured_media":440649,"comment_status":"","ping_status":"","sticky":false,"template":"","format":"standard","meta":{"footnotes":""},"categories":[9599],"tags":[1111,11,1777,674,1011,27,2208,12,2680,25,60,16149],"class_list":{"0":"post-440648","1":"post","2":"type-post","3":"status-publish","4":"format-standard","5":"has-post-thumbnail","7":"category-montpellier","8":"tag-actu","9":"tag-actualites","10":"tag-eu","11":"tag-europe","12":"tag-fr","13":"tag-france","14":"tag-montpellier","15":"tag-news","16":"tag-occitanie","17":"tag-republique-francaise","18":"tag-sports","19":"tag-tennis-de-table"},"share_on_mastodon":{"url":"https:\/\/pubeurope.com\/@fr\/115321323041697264","error":""},"_links":{"self":[{"href":"https:\/\/www.europesays.com\/fr\/wp-json\/wp\/v2\/posts\/440648","targetHints":{"allow":["GET"]}}],"collection":[{"href":"https:\/\/www.europesays.com\/fr\/wp-json\/wp\/v2\/posts"}],"about":[{"href":"https:\/\/www.europesays.com\/fr\/wp-json\/wp\/v2\/types\/post"}],"author":[{"embeddable":true,"href":"https:\/\/www.europesays.com\/fr\/wp-json\/wp\/v2\/users\/2"}],"replies":[{"embeddable":true,"href":"https:\/\/www.europesays.com\/fr\/wp-json\/wp\/v2\/comments?post=440648"}],"version-history":[{"count":0,"href":"https:\/\/www.europesays.com\/fr\/wp-json\/wp\/v2\/posts\/440648\/revisions"}],"wp:featuredmedia":[{"embeddable":true,"href":"https:\/\/www.europesays.com\/fr\/wp-json\/wp\/v2\/media\/440649"}],"wp:attachment":[{"href":"https:\/\/www.europesays.com\/fr\/wp-json\/wp\/v2\/media?parent=440648"}],"wp:term":[{"taxonomy":"category","embeddable":true,"href":"https:\/\/www.europesays.com\/fr\/wp-json\/wp\/v2\/categories?post=440648"},{"taxonomy":"post_tag","embeddable":true,"href":"https:\/\/www.europesays.com\/fr\/wp-json\/wp\/v2\/tags?post=440648"}],"curies":[{"name":"wp","href":"https:\/\/api.w.org\/{rel}","templated":true}]}}