{"id":440654,"date":"2025-10-05T11:33:10","date_gmt":"2025-10-05T11:33:10","guid":{"rendered":"https:\/\/www.europesays.com\/fr\/440654\/"},"modified":"2025-10-05T11:33:10","modified_gmt":"2025-10-05T11:33:10","slug":"un-temoin-de-jehova-condamne-a-de-la-prison-pour-des-agressions-sexuelles-sur-une-fille-de-12-ans","status":"publish","type":"post","link":"https:\/\/www.europesays.com\/fr\/440654\/","title":{"rendered":"un T\u00e9moin de J\u00e9hova condamn\u00e9 \u00e0 de la prison pour des agressions sexuelles sur une fille de 12 ans"},"content":{"rendered":"<p>            Par<br \/>\n        <strong><br \/>\n            <a href=\"https:\/\/actu.fr\/auteur\/redaction-rennes\" title=\"Consulter tous les articles de R\u00e9daction Rennes\" rel=\"nofollow noopener\" target=\"_blank\">R\u00e9daction Rennes<\/a><br \/>\n        <\/strong><\/p>\n<p>        Publi\u00e9 le<\/p>\n<p>            5 oct. 2025 \u00e0 12h43        <\/p>\n<p>Les <strong>faits remontent \u00e0 2017, mais n\u2019ont \u00e9t\u00e9 r\u00e9v\u00e9l\u00e9s qu\u2019en 2022<\/strong>. Jeudi 2\u00a0octobre, le tribunal correctionnel de <a href=\"https:\/\/actu.fr\/rennes\/\" rel=\"nofollow noopener\" target=\"_blank\">Rennes <\/a>a condamn\u00e9 Steve, un membre des T\u00e9moins de J\u00e9hovah, pour des <strong>relations sexuelles impos\u00e9es<\/strong> \u00e0 une fillette de 12\u00a0ans au sein de sa communaut\u00e9.<\/p>\n<p>\u00ab\u2009On a abus\u00e9 de moi\u2009\u00bb<\/p>\n<p class=\" wall-content\">Steve, alors \u00e2g\u00e9 de<strong> 24\u00a0ans,<\/strong> s\u2019est install\u00e9 \u00e0 Rennes <strong>en 2017<\/strong> et a rapidement <strong>nou\u00e9 des liens avec la famille<\/strong> de sa jeune victime.<\/p>\n<p class=\" wall-content\">Pendant un an et demi, tandis que le jeune homme s\u2019appr\u00eate \u00e0 \u00e9pouser une femme de leur communaut\u00e9, <strong>les s\u00e9ances de \u00ab\u2009porte-\u00e0-porte\u2009\u00bb<\/strong> rendent<strong>\u00a0les deux \u00ab\u2009tr\u00e8s proches\u2009\u00bb<\/strong>.<\/p>\n<p class=\" wall-content\"><strong>\u00ab\u2009Tout le monde\u2009\u00bb l\u2019avait vu,<\/strong> mais personne n\u2019a rien su des <strong>\u00ab\u2009fellations\u2009\u00bb<\/strong> qu\u2019elle devait faire \u00e0 son \u00ab\u2009confident\u2009\u00bb\u2026 \u00c0 l\u2019\u00e9poque, cette <strong>jeune fille au \u00ab\u2009niveau d\u2019intelligence sup\u00e9rieur<\/strong> \u00e0 la moyenne\u2009\u00bb \u00e9volue dans un <strong>contexte familial compliqu\u00e9\u2009:<\/strong> son p\u00e8re est \u00ab\u2009violent\u2009\u00bb et Steve est devenu \u00ab\u2009un grand fr\u00e8re\u2009\u00bb qui instaure \u00ab\u2009une relation de confiance\u2009\u00bb.<\/p>\n<p class=\" wall-content\">Les <strong>agressions, incluant des fellations<\/strong>, restent\u00a0secr\u00e8tes jusqu\u2019\u00e0 ce que la <strong>s\u0153ur a\u00een\u00e9e<\/strong> de la victime <strong>d\u00e9couvre une bouteille de bi\u00e8re vide sous son lit.<\/strong><\/p>\n<p class=\" wall-content\">La <strong>petite va alors \u00ab\u2009tr\u00e8s mal\u2009\u00bb<\/strong>, dira-t-elle bien plus tard aux enqu\u00eateurs\u2009: incapable de verbaliser les faits, l\u2019enfant a \u00e9crit \u00ab\u2009On a abus\u00e9 de moi\u2009\u00bb <strong>sur son t\u00e9l\u00e9phone<\/strong>. \u00ab\u2009Qui\u2009?\u2009\u00bb, lui a donc demand\u00e9 sa s\u0153ur. \u00ab\u2009Steve\u2009\u00bb, r\u00e9pond la victime.<\/p>\n<p class=\" wall-content\">Un <strong>signalement est fait<\/strong> sur la plateforme nationale des signalements de violences sexuelles.<\/p>\n<p>Votre r\u00e9gion, votre actu !<\/p>\n<p>Recevez chaque jour les infos qui comptent pour vous.<\/p>\n<p>\t<a href=\"https:\/\/actu.fr\/newsletter\" class=\"ac-btn ac-btn--corner ac-btn--medium ac-btn--blue800\" rel=\"nofollow noopener\" target=\"_blank\">S&rsquo;incrire<\/a><br \/>\nLes \u00ab\u2009autorit\u00e9s religieuses\u2009\u00bb avis\u00e9es<\/p>\n<p class=\" wall-content\">En parall\u00e8le du signalement, la m\u00e8re de l\u2019enfant \u00ab\u2009avise les autorit\u00e9s religieuses\u2009\u00bb des faits dont sa fille a \u00e9t\u00e9 victime, m\u00eame si celle-ci est <strong>encore \u00ab\u2009dans l\u2019impossibilit\u00e9 de relater\u2009\u00bb<\/strong> ce qui lui est arriv\u00e9.<\/p>\n<p class=\" wall-content\">Il lui faut<strong> un an pour \u00eatre entendue par la police<\/strong>. \u00ab\u2009Les ministres du culte disent qu\u2019ils se sont assur\u00e9s qu\u2019ils avaient l\u2019obligation de d\u00e9noncer les faits\u2026 Sous-entendu\u2009: sinon, ils ne l\u2019auraient pas fait\u2009\u00bb, grince d\u2019ailleurs Me Pol Pitois, avocat de la partie civile.<\/p>\n<p class=\" wall-content\">Ces cadres des T\u00e9moins de J\u00e9hovah d\u00e9cident d\u2019entendre Steve, qui reconna\u00eet les faits devant eux. Il est dans un premier temps <strong>\u00ab\u2009excommuni\u00e9\u2009\u00bb.<\/strong> Cette communaut\u00e9 impose en effet \u00ab\u2009le v\u0153u de chastet\u00e9\u2009\u00bb et proscrit \u00ab\u2009les rapports bucco-g\u00e9nitaux\u2009\u00bb. Il s\u2019agissait d\u2019ailleurs \u00e0 ce sujet de la<strong> \u00ab\u2009premi\u00e8re exp\u00e9rience\u2009\u00bb<\/strong> sexuelle du pr\u00e9venu.<\/p>\n<p>\u00ab\u2009Elle se souvient de votre sexe dans sa bouche\u2009\u00bb<\/p>\n<p class=\" wall-content\">\u00c0 la barre, jeudi 2\u00a0octobre 2025, Steve est \u00e0 peine audible et impr\u00e9cis.<strong> \u00ab\u2009Elle se souvient de votre sexe dans sa bouche\u2009\u00bb,<\/strong> lui rappelle pourtant le procureur de la R\u00e9publique de Rennes, qui <strong>requiert quatre ans de prison ferme<\/strong> contre celui qui a \u00ab\u2009tromp\u00e9 tout le monde\u2009\u00bb.<\/p>\n<p class=\" wall-content\">\u00ab\u2009Ces faits ont \u00e9t\u00e9 commis il y a huit ans et Steve a reconnu les faits et entam\u00e9 un suivi psychologique d\u00e8s 2022\u2009\u00bb, objecte<strong> son avocate<\/strong>, Me Sophie Laurent, qui plaide pour<strong> \u00ab\u2009un sursis probatoire int\u00e9gral\u2009\u00bb<\/strong>\u2009: \u00ab\u2009aucun \u00e9l\u00e9ment\u2009\u00bb ne laisse craindre un risque de r\u00e9it\u00e9ration des faits, selon elle.<\/p>\n<p class=\" wall-content\">Son client a finalement \u00e9cop\u00e9 de <strong>deux ans de prison ferme et de trois avec sursis<\/strong>. Steve \u2013 qui a finalement \u00e9t\u00e9 <strong>\u00ab\u2009r\u00e9int\u00e9gr\u00e9\u2009\u00bb chez les T\u00e9moins de J\u00e9hovah<\/strong> tandis que sa victime, elle, a quitt\u00e9 la communaut\u00e9 \u2013 sera <strong>prochainement convoqu\u00e9<\/strong> devant un juge d\u2019application des peines (JAP) pour <strong>envisager une \u00e9ventuelle \u00ab\u2009alternative\u2009\u00bb \u00e0 la prison<\/strong>.<\/p>\n<p class=\" wall-content\">\u00c0 l\u2019issue, il sera <strong>soumis \u00e0 un suivi sociojudiciaire (SSJ)<\/strong> pendant trois ans, au cours desquels il devra suivre des soins. S\u2019il ne s\u2019y pliait pas, il risquerait de purger deux ans de prison suppl\u00e9mentaires. Aucun mandat de d\u00e9p\u00f4t n\u2019a toutefois \u00e9t\u00e9 d\u00e9cern\u00e9. Steve\u00a0a dix jours pour faire appel.<\/p>\n<p class=\" wall-content\"><strong>CB et GF (PressPepper)<\/strong><\/p>\n<p class=\" wall-content\">Personnalisez votre actualit\u00e9 en ajoutant vos villes et m\u00e9dias en favori avec <a href=\"https:\/\/moncompte.actu.fr\" title=\"D\u00e9couvez Mon Actu\" rel=\"nofollow noopener\" data-trk=\"{&quot;cta&quot;:{&quot;action&quot;:&quot;https:\\\/\\\/moncompte.actu.fr&quot;,&quot;category&quot;:&quot;mon compte&quot;,&quot;from&quot;:&quot;article footer&quot;,&quot;name&quot;:&quot;Mon actu&quot;,&quot;type&quot;:&quot;cta&quot;}}\" target=\"_blank\">Mon Actu<\/a>.<\/p>\n","protected":false},"excerpt":{"rendered":"Par R\u00e9daction Rennes Publi\u00e9 le 5 oct. 2025 \u00e0 12h43 Les faits remontent \u00e0 2017, mais n\u2019ont \u00e9t\u00e9&hellip;\n","protected":false},"author":2,"featured_media":387936,"comment_status":"","ping_status":"","sticky":false,"template":"","format":"standard","meta":{"footnotes":""},"categories":[2821],"tags":[1111,11,829,1777,674,118,1011,27,303,12,584,25,799],"class_list":{"0":"post-440654","1":"post","2":"type-post","3":"status-publish","4":"format-standard","5":"has-post-thumbnail","7":"category-rennes","8":"tag-actu","9":"tag-actualites","10":"tag-bretagne","11":"tag-eu","12":"tag-europe","13":"tag-faits-divers","14":"tag-fr","15":"tag-france","16":"tag-justice","17":"tag-news","18":"tag-rennes","19":"tag-republique-francaise","20":"tag-violences-sexuelles"},"share_on_mastodon":{"url":"https:\/\/pubeurope.com\/@fr\/115321346626649421","error":""},"_links":{"self":[{"href":"https:\/\/www.europesays.com\/fr\/wp-json\/wp\/v2\/posts\/440654","targetHints":{"allow":["GET"]}}],"collection":[{"href":"https:\/\/www.europesays.com\/fr\/wp-json\/wp\/v2\/posts"}],"about":[{"href":"https:\/\/www.europesays.com\/fr\/wp-json\/wp\/v2\/types\/post"}],"author":[{"embeddable":true,"href":"https:\/\/www.europesays.com\/fr\/wp-json\/wp\/v2\/users\/2"}],"replies":[{"embeddable":true,"href":"https:\/\/www.europesays.com\/fr\/wp-json\/wp\/v2\/comments?post=440654"}],"version-history":[{"count":0,"href":"https:\/\/www.europesays.com\/fr\/wp-json\/wp\/v2\/posts\/440654\/revisions"}],"wp:featuredmedia":[{"embeddable":true,"href":"https:\/\/www.europesays.com\/fr\/wp-json\/wp\/v2\/media\/387936"}],"wp:attachment":[{"href":"https:\/\/www.europesays.com\/fr\/wp-json\/wp\/v2\/media?parent=440654"}],"wp:term":[{"taxonomy":"category","embeddable":true,"href":"https:\/\/www.europesays.com\/fr\/wp-json\/wp\/v2\/categories?post=440654"},{"taxonomy":"post_tag","embeddable":true,"href":"https:\/\/www.europesays.com\/fr\/wp-json\/wp\/v2\/tags?post=440654"}],"curies":[{"name":"wp","href":"https:\/\/api.w.org\/{rel}","templated":true}]}}