{"id":440659,"date":"2025-10-05T11:38:10","date_gmt":"2025-10-05T11:38:10","guid":{"rendered":"https:\/\/www.europesays.com\/fr\/440659\/"},"modified":"2025-10-05T11:38:10","modified_gmt":"2025-10-05T11:38:10","slug":"pendant-deux-mois-on-va-voir-les-flics-partout-et-apres-plus-rien","status":"publish","type":"post","link":"https:\/\/www.europesays.com\/fr\/440659\/","title":{"rendered":"Pendant deux mois on va voir les flics partout, et apr\u00e8s plus rien"},"content":{"rendered":"<p>Une soixantaine de CRS ont \u00e9t\u00e9 d\u00e9ploy\u00e9s par l&rsquo;\u00c9tat apr\u00e8s la fusillade ayant fait deux morts et cinq bless\u00e9s vendredi soir, \u00e0 Nice. Dans le quartier des Moulins, gangren\u00e9 par le trafic de stup\u00e9fiants, la col\u00e8re et et la lassitude pr\u00e9dominent. \u00ab\u00a0On sort pour acheter le pain, est-ce qu&rsquo;on va rentrer ou pas\u00a0\u00bb, s&rsquo;interroge, d\u00e9pit\u00e9, Hassan.<\/p>\n<p>Au lendemain de la fusillade qui a fait deux morts et cinq bless\u00e9s vendredi soir dans le <a href=\"https:\/\/rmc.bfmtv.com\/actualites\/police-justice\/ce-sont-des-monstres-a-nice-au-lendemain-de-l-incendie-qui-a-fait-7-morts-le-quartier-sous-le-choc_AN-202407190097.html\" title=\"&quot;Ce sont des monstres&quot;: \u00e0 Nice, au lendemain de l&#039;incendie qui a fait 7 morts, le quartier sous le choc\" class=\"internal_link\" rel=\"nofollow noopener\" target=\"_blank\">quartier des Moulins<\/a>, \u00e0 Nice, la peur domine chez les habitants. Entre la col\u00e8re, l\u2019impuissance et la lassitude, beaucoup ne croient plus aux promesses de s\u00e9curit\u00e9.<\/p>\n<p>Hamad n\u2019oubliera jamais ce qu\u2019il a vu. \u00ab\u00a0Au d\u00e9but, on a pens\u00e9 que c\u2019\u00e9tait des p\u00e9tards\u2026 puis on a compris que c\u2019\u00e9taient des balles r\u00e9elles.\u00a0\u00bb Alors qu\u2019il jouait aux cartes avec ses amis, il a vu plusieurs personnes s\u2019effondrer \u00e0 quelques m\u00e8tres de lui. Parmi elles, des victimes collat\u00e9rales. \u00ab\u00a0On a essay\u00e9 de limiter l\u2019\u00e9coulement de sang\u2026 mais il y en avait partout, c\u2019\u00e9tait infernal\u00a0\u00bb, raconte-t-il apr\u00e8s avoir port\u00e9 secours \u00e0 un adolescent de 16 ans, bless\u00e9 au thorax.<\/p>\n<p>Plusieurs victimes \u00ab\u00a0sans lien avec le trafic des stup\u00e9fiants\u00a0\u00bb<\/p>\n<p>Vendredi soir, vers 21h10, plusieurs assaillants embarqu\u00e9s dans une Peugeot 3008 ont ouvert le feu \u00e0 proximit\u00e9 d\u2019un point de deal de la place principale des Moulins. Les tirs, \u00e0 la kalachnikov, ont fait deux morts et cinq bless\u00e9s. Selon le procureur de Nice Damien Martinelli, \u00ab\u00a0plusieurs victimes apparaissent sans lien avec le trafic de stup\u00e9fiants, les tirs ayant pu viser indistinctement les personnes pr\u00e9sentes\u00a0\u00bb.<\/p>\n<p>Parmi les victimes d\u00e9c\u00e9d\u00e9es figurent un p\u00e8re de famille n\u00e9 en 1966, originaire de Tch\u00e9tch\u00e9nie, et un jeune Ni\u00e7ois n\u00e9 en 2005. Les bless\u00e9s, \u00e2g\u00e9s de 16 \u00e0 43 ans, ne sont d\u00e9sormais plus en danger de mort. Un v\u00e9hicule calcin\u00e9 correspondant \u00e0 celui des suspects a \u00e9t\u00e9 retrouv\u00e9 \u00e0 Mougins, \u00e0 une vingtaine de kilom\u00e8tres de Nice. Le parquet a ouvert une enqu\u00eate pour \u00ab\u00a0homicides volontaires en bande organis\u00e9e\u00a0\u00bb et \u00ab\u00a0tentatives d\u2019homicide volontaire en bande organis\u00e9e\u00a0\u00bb.<\/p>\n<blockquote class=\"embed embed_quote\"><p>\u00ab\u00a0Si j&rsquo;avais les moyens de partir, je partirais\u00a0\u00bb, confie Hassan, habitant du quartier des Moulins<\/p><\/blockquote>\n<p>En r\u00e9action, soixante CRS ont \u00e9t\u00e9 envoy\u00e9s sur place pour s\u00e9curiser le quartier. Mais pour Hamad, cela ne changera rien : \u00ab\u00a0Pendant deux mois on va voir les flics partout, et apr\u00e8s plus rien. Toujours pareil.\u00a0\u00bb<\/p>\n<p>Un constat partag\u00e9 par Hassan, 20 ans d\u2019habitation dans le quartier, qui n\u2019ose plus sortir : \u00ab\u00a0On sort pour acheter le pain, mais on ne sait m\u00eame pas si on va rentrer.\u00a0\u00bb Fatigu\u00e9, il pense de plus en plus \u00e0 quitter les Moulins. \u00ab\u00a0Je suis bient\u00f4t \u00e0 la retraite, mes enfants sont partis. Moi, je n\u2019ai pas les moyens de partir\u2026 mais si je les avais, je partirais.\u00a0\u00bb Et d\u2019esquisser un sourire amer : \u00ab\u00a0Au moins mes enfants ont r\u00e9ussi \u00e0 quitter le quartier.\u00a0\u00bb<\/p>\n<p>Christian Estrosi veut des renforts permanents<\/p>\n<p>Face aux critiques, la pr\u00e9fecture d\u00e9fend son action. Elle rappelle que 300 personnes issues des Moulins et d\u2019un autre quartier sensible, l\u2019Ariane, ont \u00e9t\u00e9 incarc\u00e9r\u00e9es depuis le d\u00e9but de l\u2019ann\u00e9e dans le cadre de la lutte contre le trafic de stup\u00e9fiants. Elle met aussi en avant les investissements : deux millions d\u2019euros par an pour les dispositifs \u00e9ducatifs et sociaux, et 75 millions pour le renouvellement urbain.<\/p>\n<p>Pour baucoup d\u2019habitants, ces efforts peinent \u00e0 apaiser le climat d\u2019ins\u00e9curit\u00e9. Le maire de Nice, Christian Estrosi, a appel\u00e9 le gouvernement \u00e0 d\u00e9ployer des renforts \u00ab\u00a0permanents\u00a0\u00bb dans le quartier.<\/p>\n","protected":false},"excerpt":{"rendered":"Une soixantaine de CRS ont \u00e9t\u00e9 d\u00e9ploy\u00e9s par l&rsquo;\u00c9tat apr\u00e8s la fusillade ayant fait deux morts et cinq&hellip;\n","protected":false},"author":2,"featured_media":440660,"comment_status":"","ping_status":"","sticky":false,"template":"","format":"standard","meta":{"footnotes":""},"categories":[2819],"tags":[1111,11,1777,674,1011,27,12,2401,882,25],"class_list":{"0":"post-440659","1":"post","2":"type-post","3":"status-publish","4":"format-standard","5":"has-post-thumbnail","7":"category-nice","8":"tag-actu","9":"tag-actualites","10":"tag-eu","11":"tag-europe","12":"tag-fr","13":"tag-france","14":"tag-news","15":"tag-nice","16":"tag-provence-alpes-cote-dazur","17":"tag-republique-francaise"},"share_on_mastodon":{"url":"https:\/\/pubeurope.com\/@fr\/115321366316780478","error":""},"_links":{"self":[{"href":"https:\/\/www.europesays.com\/fr\/wp-json\/wp\/v2\/posts\/440659","targetHints":{"allow":["GET"]}}],"collection":[{"href":"https:\/\/www.europesays.com\/fr\/wp-json\/wp\/v2\/posts"}],"about":[{"href":"https:\/\/www.europesays.com\/fr\/wp-json\/wp\/v2\/types\/post"}],"author":[{"embeddable":true,"href":"https:\/\/www.europesays.com\/fr\/wp-json\/wp\/v2\/users\/2"}],"replies":[{"embeddable":true,"href":"https:\/\/www.europesays.com\/fr\/wp-json\/wp\/v2\/comments?post=440659"}],"version-history":[{"count":0,"href":"https:\/\/www.europesays.com\/fr\/wp-json\/wp\/v2\/posts\/440659\/revisions"}],"wp:featuredmedia":[{"embeddable":true,"href":"https:\/\/www.europesays.com\/fr\/wp-json\/wp\/v2\/media\/440660"}],"wp:attachment":[{"href":"https:\/\/www.europesays.com\/fr\/wp-json\/wp\/v2\/media?parent=440659"}],"wp:term":[{"taxonomy":"category","embeddable":true,"href":"https:\/\/www.europesays.com\/fr\/wp-json\/wp\/v2\/categories?post=440659"},{"taxonomy":"post_tag","embeddable":true,"href":"https:\/\/www.europesays.com\/fr\/wp-json\/wp\/v2\/tags?post=440659"}],"curies":[{"name":"wp","href":"https:\/\/api.w.org\/{rel}","templated":true}]}}