{"id":440663,"date":"2025-10-05T11:42:09","date_gmt":"2025-10-05T11:42:09","guid":{"rendered":"https:\/\/www.europesays.com\/fr\/440663\/"},"modified":"2025-10-05T11:42:09","modified_gmt":"2025-10-05T11:42:09","slug":"cette-compagnie-aerienne-recrute-a-bordeaux-pour-une-experience-a-lautre-bout-du-monde","status":"publish","type":"post","link":"https:\/\/www.europesays.com\/fr\/440663\/","title":{"rendered":"Cette compagnie a\u00e9rienne recrute \u00e0 Bordeaux pour une exp\u00e9rience \u00e0 l&rsquo;autre bout du monde"},"content":{"rendered":"<p>            Par<br \/>\n        <strong><br \/>\n            <a href=\"https:\/\/actu.fr\/auteur\/redaction-bordeaux\" title=\"Consulter tous les articles de R\u00e9daction Bordeaux\" target=\"_blank\" rel=\"noopener\">R\u00e9daction Bordeaux<\/a><br \/>\n        <\/strong><\/p>\n<p>        Publi\u00e9 le<\/p>\n<p>            5 oct. 2025 \u00e0 12h36        <\/p>\n<p><a href=\"https:\/\/actu.fr\/nouvelle-aquitaine\/bordeaux_33063\/cette-compagnie-aerienne-recrute-a-bordeaux-salaire-superieur-a-2-400-euros-et-logement-de-fonction-a-la-cle_62436843.html?fbclid=IwY2xjawNIgVFleHRuA2FlbQIxMAABHj_Zyeq4ACFZbcL4jKZefqSd0h9XUGevvbiM-wJ1JcLS_u_a3y1d2DT-DmMP_aem_n2O-AF6Oo1bV057eEjQZ6w\" target=\"_blank\" rel=\"noopener\">Emirates revient \u00e0 Bordeaux<\/a> samedi 20\u00a0octobre, \u00e0 9\u00a0heures, pour une journ\u00e9e de recrutement de son <strong>personnel de bord<\/strong> au Radisson H\u00f4tel. Avant de candidater, la compagnie demande toutefois quelques pr\u00e9requis\u2009: ma\u00eetriser l\u2019anglais \u00e9crit et parl\u00e9, mesurer au moins 1,60\u00a0m (et maximum 2,12m) ou encore \u00eatre \u00e2g\u00e9 d\u2019au moins 21\u00a0ans.<\/p>\n<p class=\" wall-content\">Par ailleurs, les candidats devront justifier d\u2019au moins <strong>un an d\u2019exp\u00e9rience en h\u00f4tellerie<\/strong> ou en service \u00e0 la client\u00e8le et les <strong>tatouages<\/strong> doivent pouvoir \u00eatre <strong>totalement dissimul\u00e9s<\/strong> lors du port de l\u2019uniforme de l\u2019\u00e9quipage de cabine Emirates.<\/p>\n<p>Entretien individuel et CV en anglais<\/p>\n<p class=\" wall-content\">Les personnes capables de r\u00e9pondre aux exigences de visa de travail des \u00c9mirats arabes unis et correspondant aux crit\u00e8res pr\u00e9c\u00e9demment cit\u00e9s pourront donc se pr\u00e9senter. Mais \u00e0 quoi faut-il vraiment s\u2019attendre samedi 20\u00a0octobre\u2009?<\/p>\n<p class=\" wall-content\">Tout d\u2019abord, l\u2019\u00e9quipe de recrutement pr\u00e9sentera les missions du personnel de cabine mais aussi les conditions de vie \u00e0 Duba\u00ef. Les candidats participeront \u00e0 diverses activit\u00e9s de groupe et passeront<strong> un test en ligne<\/strong>. Un entretien individuel leur sera \u00e9galement propos\u00e9 afin de conna\u00eetre leurs motivations.<\/p>\n<p class=\" wall-content\">Enfin, outre un CV \u00e0 jour et en anglais, les futurs <a href=\"https:\/\/actu.fr\/insolite\/agite-en-sueur-un-steward-de-british-airways-retrouve-nu-et-sous-l-emprise-de-drogues-en-plein-vol_63070669.html\" target=\"_blank\" rel=\"noopener\">stewards<\/a> et <a href=\"https:\/\/actu.fr\/insolite\/passagers-indelicats-situations-cocasses-celebrites-a-bord-les-confidences-d-une-hotesse-de-l-air_36150190.html\" target=\"_blank\" rel=\"noopener\">h\u00f4tesses de l\u2019air<\/a> devront \u00eatre munis sur leur t\u00e9l\u00e9phone d\u2019une copie du certificat d\u2019\u00e9tudes et de leur <strong>passeport en PDF<\/strong> afin de pouvoir facilement les partager.<\/p>\n<p>Un salaire moyen de 2\u2009811\u00a0euros mensuel<\/p>\n<p class=\" wall-content\">Avec 15,8\u00a0millions de passagers transport\u00e9s en 2020, selon ses chiffres, Emirates propose plus de 130 destinations. Les personnes admises au sein de la compagnie b\u00e9n\u00e9ficieront d\u2019un <strong>logement de fonction<\/strong> en colocation, des billets \u00e0 tarif r\u00e9duit pour voyager et un salaire moyen de 11\u2009244 dirhams des \u00c9mirats arabes unis (AED) \u00e9quivalent \u00e0<strong> environ 2\u2009811\u00a0euros.<\/strong><\/p>\n<p>Votre r\u00e9gion, votre actu !<\/p>\n<p>Recevez chaque jour les infos qui comptent pour vous.<\/p>\n<p>\t<a href=\"https:\/\/actu.fr\/newsletter\" class=\"ac-btn ac-btn--corner ac-btn--medium ac-btn--blue800\" target=\"_blank\" rel=\"noopener\">S&rsquo;incrire<\/a><\/p>\n<p class=\" wall-content\">Il s\u2019agit d\u2019un salaire mensuel de d\u00e9part pour les vols en classe \u00e9conomique. En d\u00e9tail, ce dernier est de 1\u2009245\u00a0euros et environ <strong>17,40\u00a0euros par heure de vol op\u00e9r\u00e9e<\/strong>. La moyenne est de 80 \u00e0 100\u00a0heures par mois.<\/p>\n<p class=\" wall-content\">Par ailleurs, le personnel de bord b\u00e9n\u00e9ficie d\u2019une couverture m\u00e9dicale et de 30 jours de cong\u00e9s annuels avec un billet gratuit et ferme pour son pays d\u2019origine.<\/p>\n<p>Tous les renseignements sont disponibles sur <a href=\"https:\/\/www.emiratesgroupcareers.com\/cabin-crew\/?fbclid=IwY2xjawNIhEJleHRuA2FlbQIxMAABHuRLzPUpSf8NWFNKF_wCDu8eJtB7oM_9LwI9GsGwHKf862e9YHAjQ9WHP8rM_aem_dXXZ1t9lOzEt5M2HIpW3LA#\" target=\"_blank\" rel=\"noopener\">le site d\u2019Emirates<\/a>. Radisson H\u00f4tel, 13 rue des Gamins \u00e0 Bordeaux.<\/p>\n<p class=\" wall-content\">Personnalisez votre actualit\u00e9 en ajoutant vos villes et m\u00e9dias en favori avec <a href=\"https:\/\/moncompte.actu.fr\" title=\"D\u00e9couvez Mon Actu\" rel=\"nofollow noopener\" data-trk=\"{&quot;cta&quot;:{&quot;action&quot;:&quot;https:\\\/\\\/moncompte.actu.fr&quot;,&quot;category&quot;:&quot;mon compte&quot;,&quot;from&quot;:&quot;article footer&quot;,&quot;name&quot;:&quot;Mon actu&quot;,&quot;type&quot;:&quot;cta&quot;}}\" target=\"_blank\">Mon Actu<\/a>.<\/p>\n","protected":false},"excerpt":{"rendered":"Par R\u00e9daction Bordeaux Publi\u00e9 le 5 oct. 2025 \u00e0 12h36 Emirates revient \u00e0 Bordeaux samedi 20\u00a0octobre, \u00e0 9\u00a0heures,&hellip;\n","protected":false},"author":2,"featured_media":440664,"comment_status":"","ping_status":"","sticky":false,"template":"","format":"standard","meta":{"footnotes":""},"categories":[2817],"tags":[1111,11,296,1997,341,1777,674,1011,27,5113,12,2219,25,104],"class_list":{"0":"post-440663","1":"post","2":"type-post","3":"status-publish","4":"format-standard","5":"has-post-thumbnail","7":"category-bordeaux","8":"tag-actu","9":"tag-actualites","10":"tag-aeronautique","11":"tag-bordeaux","12":"tag-emploi","13":"tag-eu","14":"tag-europe","15":"tag-fr","16":"tag-france","17":"tag-job-dating","18":"tag-news","19":"tag-nouvelle-aquitaine","20":"tag-republique-francaise","21":"tag-societe"},"share_on_mastodon":{"url":"https:\/\/pubeurope.com\/@fr\/115321382047785336","error":""},"_links":{"self":[{"href":"https:\/\/www.europesays.com\/fr\/wp-json\/wp\/v2\/posts\/440663","targetHints":{"allow":["GET"]}}],"collection":[{"href":"https:\/\/www.europesays.com\/fr\/wp-json\/wp\/v2\/posts"}],"about":[{"href":"https:\/\/www.europesays.com\/fr\/wp-json\/wp\/v2\/types\/post"}],"author":[{"embeddable":true,"href":"https:\/\/www.europesays.com\/fr\/wp-json\/wp\/v2\/users\/2"}],"replies":[{"embeddable":true,"href":"https:\/\/www.europesays.com\/fr\/wp-json\/wp\/v2\/comments?post=440663"}],"version-history":[{"count":0,"href":"https:\/\/www.europesays.com\/fr\/wp-json\/wp\/v2\/posts\/440663\/revisions"}],"wp:featuredmedia":[{"embeddable":true,"href":"https:\/\/www.europesays.com\/fr\/wp-json\/wp\/v2\/media\/440664"}],"wp:attachment":[{"href":"https:\/\/www.europesays.com\/fr\/wp-json\/wp\/v2\/media?parent=440663"}],"wp:term":[{"taxonomy":"category","embeddable":true,"href":"https:\/\/www.europesays.com\/fr\/wp-json\/wp\/v2\/categories?post=440663"},{"taxonomy":"post_tag","embeddable":true,"href":"https:\/\/www.europesays.com\/fr\/wp-json\/wp\/v2\/tags?post=440663"}],"curies":[{"name":"wp","href":"https:\/\/api.w.org\/{rel}","templated":true}]}}