{"id":440667,"date":"2025-10-05T11:44:09","date_gmt":"2025-10-05T11:44:09","guid":{"rendered":"https:\/\/www.europesays.com\/fr\/440667\/"},"modified":"2025-10-05T11:44:09","modified_gmt":"2025-10-05T11:44:09","slug":"emploi-deux-job-dating-organises-a-toulouse-avec-des-centaines-doffres-a-la-cle","status":"publish","type":"post","link":"https:\/\/www.europesays.com\/fr\/440667\/","title":{"rendered":"Emploi. Deux job dating organis\u00e9s \u00e0 Toulouse avec des centaines d&rsquo;offres \u00e0 la cl\u00e9"},"content":{"rendered":"<p>            Par<br \/>\n        <strong><br \/>\n            <a href=\"https:\/\/actu.fr\/auteur\/gabriel-kenedi\" title=\"Consulter tous les articles de Gabriel Kenedi\" target=\"_blank\" rel=\"noopener\">Gabriel Kenedi<\/a><br \/>\n        <\/strong><\/p>\n<p>        Publi\u00e9 le<\/p>\n<p>            5 oct. 2025 \u00e0 13h05        <\/p>\n<p>Le Village des Recruteurs s\u2019installe pendant deux jours<a href=\"https:\/\/actu.fr\/toulouse\/\" target=\"_blank\" rel=\"noopener\"> \u00e0 Toulouse<\/a>, les mercredi 8 et jeudi 9 octobre 2025. \u00c0 la cl\u00e9 ? \u00ab\u00a0Une journ\u00e9e riche en opportunit\u00e9s professionnelles\u00a0\u00bb pour les personnes \u00e0 la recherche d\u2019un emploi ou d\u2019une formation.\u00a0<\/p>\n<p>Un salon avec plus de 1500 offres \u00e0 pourvoir\u00a0<\/p>\n<p class=\" wall-content\">Le village des recruteurs est un salon multisectoriel d\u00e9di\u00e9 au recrutement et \u00e0 la formation qui est en libre acc\u00e8s pour les candidats. \u00ab\u00a0L\u2019\u00e9v\u00e8nement est gratuit et accessible \u00e0 tous. Et les entretiens se font sans rendez-vous\u00a0\u00bb, pr\u00e9cisent les organisateurs de ce forum de l\u2019emploi, qui se d\u00e9roulera<strong> salle Jean-Mermoz<\/strong>, sur l\u2019\u00eele du Ramier.\u00a0<\/p>\n<p class=\" wall-content\"><strong>Plusieurs secteurs d\u2019activit\u00e9<\/strong> seront repr\u00e9sent\u00e9s : commerce, industrie, BTP, finance ou encore logistique, entre autres. Parmi les recruteurs :\u00a0l\u2019arm\u00e9e de Terre, Aldi, Groupama, Domino, LCL, Primark, Tisseo Voyageur, SNCF R\u00e9seau, Veolia, Mutuelle Previfrance, ManPower, et d\u2019autres.<\/p>\n<p class=\" wall-content\">CDD, CDI, stages, formations, alternances, missions d\u2019int\u00e9rim\u2026 Au total, plus de 1 500 offres seront accessibles durant deux jours.\u00a0<\/p>\n<p>Comment participer ?\u00a0<\/p>\n<p class=\" wall-content\">Pour participer, c\u2019est simple : il suffit de cr\u00e9er un profil et d\u2019importer son CV sur le site Internet de l\u2019\u00e9v\u00e8nement afin de consulter les offres disponibles, ou alors plus simplement de se pr\u00e9senter<strong> le jour J<\/strong> muni de son CV !\u00a0<\/p>\n<p>Vid\u00e9os : en ce moment sur ActuLe Village des recruteurs, les mercredi 7 et jeudi 8 octobre, salle Mermoz, \u00e0 Toulouse, de 9h30 \u00e0 17h. Plus d\u2019infos <a href=\"https:\/\/toulouse.levillagedesrecruteurs.matchingsquare.com\/caeaeecc-f649-4c17-bae8-fe51f7947238\/publicpages\/b6800a7d-8126-4712-bb12-2bb8f2f0abfd\" target=\"_blank\" rel=\"noopener\">sur le site de l\u2019\u00e9v\u00e8nement<\/a>.\u00a0<\/p>\n<p>Votre r\u00e9gion, votre actu !<\/p>\n<p>Recevez chaque jour les infos qui comptent pour vous.<\/p>\n<p>\t<a href=\"https:\/\/actu.fr\/newsletter\" class=\"ac-btn ac-btn--corner ac-btn--medium ac-btn--blue800\" target=\"_blank\" rel=\"noopener\">S&rsquo;incrire<\/a><br \/>\nUn autre rendez-vous de l\u2019emploi, mardi\u00a0<\/p>\n<p class=\" wall-content\">Avant ce gros job dating, <strong>un autre rendez-vous<\/strong> se pr\u00e9sente pour celles et ceux qui cherchent un emploi. Toulouse M\u00e9tropole et France Travail organisent conjointement, en associant de nombreux partenaires, la 4\u1d49 \u00e9dition du forum <strong>\u00ab Place de l\u2019emploi et de la formation \u00bb<\/strong> le mardi 7 octobre 2025, <strong>sur les Ramblas<\/strong> des all\u00e9es Jean Jaur\u00e8s \u00e0 Toulouse de 13h \u00e0 17h. L\u2019entr\u00e9e est libre.<\/p>\n<p class=\" wall-content\">\u00ab\u00a0Ce forum se d\u00e9roule au c\u0153ur de la ville de Toulouse afin d\u2019aller \u00e0 la rencontre des personnes les plus \u00e9loign\u00e9es de l\u2019emploi et de les accompagner vers un retour \u00e0 l\u2019emploi durable\u00a0\u00bb, annoncent les organisateurs.<\/p>\n<p>Une trentaine d\u2019entreprises pr\u00e9sentes<\/p>\n<p class=\" wall-content\">Les personnes en recherche d\u2019emploi pourront trouver sur ce forum :<br \/>\u2013 \u00a0Une<strong> trentaine d\u2019entreprises<\/strong> issues de secteurs vari\u00e9s\u00a0(industrie, logistique, transport ; transition \u00e9cologique, \u00e9conomie circulaire, BTP ; fonction publique territoriale ; commerces, restauration, h\u00f4tellerie ; sant\u00e9, services \u00e0 la personne, animation, sport, administratif ; entrepreneuriat et cr\u00e9ation d\u2019activit\u00e9).<br \/>\u2013 De nombreuses offres d\u2019emploi \u00e0 pourvoir sur place<br \/>\u2013 Un stand d\u2019information anim\u00e9 par les acteurs de l\u2019emploi du territoire : France Travail, Missions Locales, PLIE\u2026<br \/>\u2013 Un p\u00f4le d\u00e9di\u00e9 \u00e0 la cr\u00e9ation d\u2019entreprise.<\/p>\n<p>Plus d\u2019infos <a href=\"https:\/\/metropole.toulouse.fr\/agenda\/forum-emploi\" target=\"_blank\" rel=\"noopener\">sur le site de la mairie de Toulouse<\/a>.\u00a0<\/p>\n<p class=\" wall-content\">Personnalisez votre actualit\u00e9 en ajoutant vos villes et m\u00e9dias en favori avec <a href=\"https:\/\/moncompte.actu.fr\" title=\"D\u00e9couvez Mon Actu\" rel=\"nofollow noopener\" data-trk=\"{&quot;cta&quot;:{&quot;action&quot;:&quot;https:\\\/\\\/moncompte.actu.fr&quot;,&quot;category&quot;:&quot;mon compte&quot;,&quot;from&quot;:&quot;article footer&quot;,&quot;name&quot;:&quot;Mon actu&quot;,&quot;type&quot;:&quot;cta&quot;}}\" target=\"_blank\">Mon Actu<\/a>.<\/p>\n","protected":false},"excerpt":{"rendered":"Par Gabriel Kenedi Publi\u00e9 le 5 oct. 2025 \u00e0 13h05 Le Village des Recruteurs s\u2019installe pendant deux jours&hellip;\n","protected":false},"author":2,"featured_media":440668,"comment_status":"","ping_status":"","sticky":false,"template":"","format":"standard","meta":{"footnotes":""},"categories":[2816],"tags":[1111,11,33,341,1777,674,1011,27,5113,12,2680,25,2312],"class_list":{"0":"post-440667","1":"post","2":"type-post","3":"status-publish","4":"format-standard","5":"has-post-thumbnail","7":"category-toulouse","8":"tag-actu","9":"tag-actualites","10":"tag-economie","11":"tag-emploi","12":"tag-eu","13":"tag-europe","14":"tag-fr","15":"tag-france","16":"tag-job-dating","17":"tag-news","18":"tag-occitanie","19":"tag-republique-francaise","20":"tag-toulouse"},"share_on_mastodon":{"url":"https:\/\/pubeurope.com\/@fr\/115321390002798313","error":""},"_links":{"self":[{"href":"https:\/\/www.europesays.com\/fr\/wp-json\/wp\/v2\/posts\/440667","targetHints":{"allow":["GET"]}}],"collection":[{"href":"https:\/\/www.europesays.com\/fr\/wp-json\/wp\/v2\/posts"}],"about":[{"href":"https:\/\/www.europesays.com\/fr\/wp-json\/wp\/v2\/types\/post"}],"author":[{"embeddable":true,"href":"https:\/\/www.europesays.com\/fr\/wp-json\/wp\/v2\/users\/2"}],"replies":[{"embeddable":true,"href":"https:\/\/www.europesays.com\/fr\/wp-json\/wp\/v2\/comments?post=440667"}],"version-history":[{"count":0,"href":"https:\/\/www.europesays.com\/fr\/wp-json\/wp\/v2\/posts\/440667\/revisions"}],"wp:featuredmedia":[{"embeddable":true,"href":"https:\/\/www.europesays.com\/fr\/wp-json\/wp\/v2\/media\/440668"}],"wp:attachment":[{"href":"https:\/\/www.europesays.com\/fr\/wp-json\/wp\/v2\/media?parent=440667"}],"wp:term":[{"taxonomy":"category","embeddable":true,"href":"https:\/\/www.europesays.com\/fr\/wp-json\/wp\/v2\/categories?post=440667"},{"taxonomy":"post_tag","embeddable":true,"href":"https:\/\/www.europesays.com\/fr\/wp-json\/wp\/v2\/tags?post=440667"}],"curies":[{"name":"wp","href":"https:\/\/api.w.org\/{rel}","templated":true}]}}