{"id":440669,"date":"2025-10-05T11:45:14","date_gmt":"2025-10-05T11:45:14","guid":{"rendered":"https:\/\/www.europesays.com\/fr\/440669\/"},"modified":"2025-10-05T11:45:14","modified_gmt":"2025-10-05T11:45:14","slug":"un-pieton-percute-par-un-automobiliste","status":"publish","type":"post","link":"https:\/\/www.europesays.com\/fr\/440669\/","title":{"rendered":"un pi\u00e9ton percut\u00e9 par un automobiliste"},"content":{"rendered":"<p>            Par<br \/>\n        <strong><br \/>\n            <a href=\"https:\/\/actu.fr\/auteur\/gabriel-kenedi\" title=\"Consulter tous les articles de Gabriel Kenedi\" target=\"_blank\" rel=\"noopener\">Gabriel Kenedi<\/a><br \/>\n        <\/strong><\/p>\n<p>        Publi\u00e9 le<\/p>\n<p>            5 oct. 2025 \u00e0 12h44        <\/p>\n<p>Un homme se trouve <strong>entre la vie et la mort<\/strong> apr\u00e8s avoir \u00e9t\u00e9 percut\u00e9 par une voiture alors qu\u2019il traversait \u00e0 pied le p\u00e9riph\u00e9rique de Toulouse, dimanche 5 octobre 2025, a appris <a href=\"https:\/\/actu.fr\/toulouse\/\" target=\"_blank\" rel=\"noopener\">Actu Toulouse<\/a>, confirmant une information de <a href=\"https:\/\/www.ladepeche.fr\/2025\/10\/05\/info-la-depeche-un-pieton-entre-la-vie-et-la-mort-apres-avoir-ete-percute-par-une-voiture-sur-le-peripherique-12972872.php\" target=\"_blank\" rel=\"noopener\">La D\u00e9p\u00eache<\/a>.\u00a0<\/p>\n<p>Un pi\u00e9ton traverse la route<\/p>\n<p class=\" wall-content\">L\u2019accident est survenu peu apr\u00e8s 7h30, ce dimanche 5 octobre 2025, au niveau du <strong>p\u00e9riph\u00e9rique ext\u00e9rieur<\/strong>, \u00e0 hauteur de l\u2019\u00e9changeur de Sesqui\u00e8res.\u00a0<\/p>\n<p class=\" wall-content\">\u00ab\u00a0Le pi\u00e9ton, qui est semble-t-il <strong>une personne sans domicile fixe<\/strong>, a \u00e9t\u00e9 renvers\u00e9 par un automobiliste alors qu\u2019il traversait pour une raison inconnue le p\u00e9riph\u00e9rique\u00a0\u00bb, pr\u00e9cise une source polici\u00e8re \u00e0 Actu Toulouse.\u00a0<\/p>\n<p class=\" wall-content\">La victime, qui serait <strong>\u00e2g\u00e9e d\u2019une vingtaine d\u2019ann\u00e9es<\/strong>, d\u2019apr\u00e8s les pompiers, a \u00e9t\u00e9 retrouv\u00e9e inconsciente par les sapeurs-pompiers. <strong>Gri\u00e8vement bless\u00e9e<\/strong>, elle a \u00e9t\u00e9 prise en charge par les secours, intub\u00e9e, et a \u00e9t\u00e9 transport\u00e9e en<strong> \u00ab\u00a0urgence absolue\u00a0\u00bb<\/strong> \u00e0 l\u2019h\u00f4pital Purpan, o\u00f9 elle a \u00e9t\u00e9 plac\u00e9e en d\u00e9chocage.\u00a0<\/p>\n<p>L\u2019automobiliste sous l\u2019emprise de l\u2019alcool\u00a0<\/p>\n<p class=\" wall-content\">L\u2019automobiliste, quant \u00e0 lui, <strong>\u00ab\u00a0s\u2019est rendu de lui-m\u00eame\u00a0\u00bb<\/strong> \u00e0 la police et a \u00e9t\u00e9 <strong>plac\u00e9 en garde \u00e0 vue<\/strong>. \u00ab\u00a0Les premi\u00e8res constatations indiquent qu\u2019il \u00e9tait <strong>sous l\u2019emprise de l\u2019alcool<\/strong>, mais on ne sait pas encore \u00e0 quel niveau exactement\u00a0\u00bb, pr\u00e9cise la m\u00eame source. Des analyses suppl\u00e9mentaires sont en cours.<\/p>\n<p>Vid\u00e9os : en ce moment sur Actu<\/p>\n<p class=\" wall-content\"><strong>Une enqu\u00eate a \u00e9t\u00e9 ouverte<\/strong> pour d\u00e9terminer les circonstances pr\u00e9cises de cet accident.\u00a0<\/p>\n<p class=\" wall-content\">Personnalisez votre actualit\u00e9 en ajoutant vos villes et m\u00e9dias en favori avec <a href=\"https:\/\/moncompte.actu.fr\" title=\"D\u00e9couvez Mon Actu\" rel=\"nofollow noopener\" data-trk=\"{&quot;cta&quot;:{&quot;action&quot;:&quot;https:\\\/\\\/moncompte.actu.fr&quot;,&quot;category&quot;:&quot;mon compte&quot;,&quot;from&quot;:&quot;article footer&quot;,&quot;name&quot;:&quot;Mon actu&quot;,&quot;type&quot;:&quot;cta&quot;}}\" target=\"_blank\">Mon Actu<\/a>.<\/p>\n","protected":false},"excerpt":{"rendered":"Par Gabriel Kenedi Publi\u00e9 le 5 oct. 2025 \u00e0 12h44 Un homme se trouve entre la vie et&hellip;\n","protected":false},"author":2,"featured_media":274123,"comment_status":"","ping_status":"","sticky":false,"template":"","format":"standard","meta":{"footnotes":""},"categories":[2816],"tags":[119,1111,11,1777,674,118,1011,27,12,2680,4800,1072,25,2312],"class_list":{"0":"post-440669","1":"post","2":"type-post","3":"status-publish","4":"format-standard","5":"has-post-thumbnail","7":"category-toulouse","8":"tag-accident","9":"tag-actu","10":"tag-actualites","11":"tag-eu","12":"tag-europe","13":"tag-faits-divers","14":"tag-fr","15":"tag-france","16":"tag-news","17":"tag-occitanie","18":"tag-peripherique-de-toulouse","19":"tag-police","20":"tag-republique-francaise","21":"tag-toulouse"},"share_on_mastodon":{"url":"https:\/\/pubeurope.com\/@fr\/115321393969164727","error":""},"_links":{"self":[{"href":"https:\/\/www.europesays.com\/fr\/wp-json\/wp\/v2\/posts\/440669","targetHints":{"allow":["GET"]}}],"collection":[{"href":"https:\/\/www.europesays.com\/fr\/wp-json\/wp\/v2\/posts"}],"about":[{"href":"https:\/\/www.europesays.com\/fr\/wp-json\/wp\/v2\/types\/post"}],"author":[{"embeddable":true,"href":"https:\/\/www.europesays.com\/fr\/wp-json\/wp\/v2\/users\/2"}],"replies":[{"embeddable":true,"href":"https:\/\/www.europesays.com\/fr\/wp-json\/wp\/v2\/comments?post=440669"}],"version-history":[{"count":0,"href":"https:\/\/www.europesays.com\/fr\/wp-json\/wp\/v2\/posts\/440669\/revisions"}],"wp:featuredmedia":[{"embeddable":true,"href":"https:\/\/www.europesays.com\/fr\/wp-json\/wp\/v2\/media\/274123"}],"wp:attachment":[{"href":"https:\/\/www.europesays.com\/fr\/wp-json\/wp\/v2\/media?parent=440669"}],"wp:term":[{"taxonomy":"category","embeddable":true,"href":"https:\/\/www.europesays.com\/fr\/wp-json\/wp\/v2\/categories?post=440669"},{"taxonomy":"post_tag","embeddable":true,"href":"https:\/\/www.europesays.com\/fr\/wp-json\/wp\/v2\/tags?post=440669"}],"curies":[{"name":"wp","href":"https:\/\/api.w.org\/{rel}","templated":true}]}}