{"id":440670,"date":"2025-10-05T11:46:21","date_gmt":"2025-10-05T11:46:21","guid":{"rendered":"https:\/\/www.europesays.com\/fr\/440670\/"},"modified":"2025-10-05T11:46:21","modified_gmt":"2025-10-05T11:46:21","slug":"en-images-a-la-madeleine-cyclistes-joggeurs-et-pietons-sapproprient-le-grand-boulevard","status":"publish","type":"post","link":"https:\/\/www.europesays.com\/fr\/440670\/","title":{"rendered":"EN IMAGES. \u00c0 La Madeleine, cyclistes, joggeurs et pi\u00e9tons s&rsquo;approprient le Grand boulevard"},"content":{"rendered":"<p>            Par<br \/>\n        <strong><br \/>\n            <a href=\"https:\/\/actu.fr\/auteur\/margot-nicodeme\" title=\"Consulter tous les articles de Margot Nicod\u00e8me\" rel=\"nofollow noopener\" target=\"_blank\">Margot Nicod\u00e8me<\/a><br \/>\n        <\/strong><\/p>\n<p>        Publi\u00e9 le<\/p>\n<p>            5 oct. 2025 \u00e0 12h39        <\/p>\n<p>C\u2019est une opportunit\u00e9 extraordinaire que les habitants de<b> <a href=\"https:\/\/actu.fr\/hauts-de-france\/la-madeleine_59368\" rel=\"nofollow noopener\" target=\"_blank\">La Madeleine<\/a> (Nord) <\/b>et des alentours n\u2019ont pas voulu manquer. Ce dimanche 5 octobre, le Grand boulevard qui m\u00e8ne \u00e0 <a href=\"https:\/\/actu.fr\/hauts-de-france\/lille_59350\" rel=\"nofollow noopener\" target=\"_blank\">Lille<\/a> \u00e9tait, sur un tron\u00e7on, <a href=\"https:\/\/actu.fr\/hauts-de-france\/la-madeleine_59368\/la-madeleine-roller-mini-skate-park-profitez-du-grand-boulevard-sans-voiture-dimanche_63244680.html\" rel=\"nofollow noopener\" target=\"_blank\">coup\u00e9 \u00e0 la circulation automobile<\/a>. Une initiative de la mairie, pour permettre aux pi\u00e9tons, cyclistes, joggeurs de s\u2019approprier en toute libert\u00e9 ce grand axe.<\/p>\n<p class=\" wall-content\">\n<p>Roller, skate-park, v\u00e9lo : les familles profitent du Grand boulevard vid\u00e9 de ses voitures ce dimanche<br \/>\n    <img   decoding=\"async\" loading=\"lazy\" class=\"size-large\" src=\"https:\/\/www.europesays.com\/fr\/wp-content\/uploads\/2025\/10\/9624e5c942e86aa24e5c942e8ae24ev-960x640.jpg\" alt=\"Les pi\u00e9tons, cyclistes, joggeurs, s'en sont donn\u00e9 \u00e0 c\u0153ur joie.\" width=\"960\" height=\"640\"\/><br \/>\n    Les pi\u00e9tons, cyclistes, joggeurs, s\u2019en sont donn\u00e9 \u00e0 c\u0153ur joie. \u00a9Margot Nicod\u00e8me<\/p>\n<p class=\" wall-content\">D\u00e8s 9h, et jusqu\u2019\u00e0 13h, toute la partie du boulevard comprise entre les stations de tramway Romarin et Saint-Maur \u00e9tait totalement d\u00e9di\u00e9e aux pi\u00e9tons, qui ont notamment pu s\u2019essayer au roller. L\u2019association Ride on Lille pr\u00eatait en effet des rollers et le mat\u00e9riel de protection n\u00e9cessaire pour s\u2019initier \u00e0 la glisse.<\/p>\n<p class=\" wall-content\">Les Moniteurs cyclistes fran\u00e7ais, de leur c\u00f4t\u00e9, avaient install\u00e9 un<b> <\/b>mini skate-park, tr\u00e8s pris\u00e9 des enfants. De mani\u00e8re g\u00e9n\u00e9rale, ils \u00e9taient tr\u00e8s nombreux accompagn\u00e9s de leurs parents \u00e0 profiter de ce \u00ab\u00a0quartier libre\u00a0\u00bb comme l\u2019a nomm\u00e9 la mairie, \u00e0 v\u00e9lo, \u00e0 pied ou en trottinette. Cet \u00e9v\u00e9nement fut aussi l\u2019occasion d\u2019exposer, pour Monsieur Lecoeur, collectionneur passionn\u00e9, ses v\u00e9los motoris\u00e9s d\u2019apr\u00e8s-guerre, qui n\u2019ont pas manqu\u00e9 d\u2019attirer la curiosit\u00e9.\u00a0<\/p>\n<p class=\" wall-content\">Vivez ce temps fort, en images :<\/p>\n<p>    <img   decoding=\"async\" loading=\"lazy\" class=\"size-large\" src=\"https:\/\/www.europesays.com\/fr\/wp-content\/uploads\/2025\/10\/2b8ad5c942e866f8ad5c942e8539adv-960x640.jpg\" alt=\"Un mini skate-park a \u00e9t\u00e9 install\u00e9.\" width=\"960\" height=\"640\"\/><br \/>\n    Un mini skate-park a \u00e9t\u00e9 install\u00e9. \u00a9Margot Nicod\u00e8me<br \/>\n    <img   decoding=\"async\" loading=\"lazy\" class=\"size-large\" src=\"https:\/\/www.europesays.com\/fr\/wp-content\/uploads\/2025\/10\/39d5e5c942e869dd5e5c942e8b1e5ev-960x640.jpg\" alt=\"Le Grand boulevard qui m\u00e8ne \u00e0 Lille \u00e9tait libre d'acc\u00e8s jusqu'\u00e0 13h.\" width=\"960\" height=\"640\"\/><br \/>\n    Le Grand boulevard qui m\u00e8ne \u00e0 Lille \u00e9tait libre d\u2019acc\u00e8s jusqu\u2019\u00e0 13h. \u00a9Margot Nicod\u00e8me<\/p>\n<p>Votre r\u00e9gion, votre actu !<\/p>\n<p>Recevez chaque jour les infos qui comptent pour vous.<\/p>\n<p>\t<a href=\"https:\/\/actu.fr\/newsletter\" class=\"ac-btn ac-btn--corner ac-btn--medium ac-btn--blue800\" rel=\"nofollow noopener\" target=\"_blank\">S&rsquo;incrire<\/a><\/p>\n<p>    <img   decoding=\"async\" loading=\"lazy\" class=\"size-large\" src=\"https:\/\/www.europesays.com\/fr\/wp-content\/uploads\/2025\/10\/6f36e5c942e86c346e5c942e80846ev-960x640.jpg\" alt=\"Monsieur Lecoeur a expos\u00e9 sa collection de v\u00e9los motoris\u00e9s d'apr\u00e8s-guerre.\" width=\"960\" height=\"640\"\/><br \/>\n    Monsieur Lecoeur a expos\u00e9 sa collection de v\u00e9los motoris\u00e9s d\u2019apr\u00e8s-guerre. \u00a9Margot Nicod\u00e8me<br \/>\n    <img   decoding=\"async\" loading=\"lazy\" class=\"size-large\" src=\"https:\/\/www.europesays.com\/fr\/wp-content\/uploads\/2025\/10\/a8a2e5c942e86dca2e5c942e8b0b2ev-960x640.jpg\" alt=\"L'axe \u00e9tait coup\u00e9 \u00e0 la circulation des voitures entre les arr\u00eats de tram Saint-Maur et Romarin.\" width=\"960\" height=\"640\"\/><br \/>\n    L\u2019axe \u00e9tait coup\u00e9 \u00e0 la circulation des voitures entre les arr\u00eats de tram Saint-Maur et Romarin. \u00a9Margot Nicod\u00e8me<br \/>\n    <img   decoding=\"async\" loading=\"lazy\" class=\"size-large\" src=\"https:\/\/www.europesays.com\/fr\/wp-content\/uploads\/2025\/10\/776ed99a42e867b6ed99a42e84f6edv-960x640.jpg\" alt=\"Les cyclistes \u00e9taient de sortie, en famille.\" width=\"960\" height=\"640\"\/><br \/>\n    Les cyclistes \u00e9taient de sortie, en famille. \u00a9Margot Nicod\u00e8me<\/p>\n<p class=\" wall-content\">Personnalisez votre actualit\u00e9 en ajoutant vos villes et m\u00e9dias en favori avec <a href=\"https:\/\/moncompte.actu.fr\" title=\"D\u00e9couvez Mon Actu\" rel=\"nofollow noopener\" data-trk=\"{&quot;cta&quot;:{&quot;action&quot;:&quot;https:\\\/\\\/moncompte.actu.fr&quot;,&quot;category&quot;:&quot;mon compte&quot;,&quot;from&quot;:&quot;article footer&quot;,&quot;name&quot;:&quot;Mon actu&quot;,&quot;type&quot;:&quot;cta&quot;}}\" target=\"_blank\">Mon Actu<\/a>.<\/p>\n","protected":false},"excerpt":{"rendered":"Par Margot Nicod\u00e8me Publi\u00e9 le 5 oct. 2025 \u00e0 12h39 C\u2019est une opportunit\u00e9 extraordinaire que les habitants de&hellip;\n","protected":false},"author":2,"featured_media":440671,"comment_status":"","ping_status":"","sticky":false,"template":"","format":"standard","meta":{"footnotes":""},"categories":[2815],"tags":[1111,11,646,1777,674,1011,27,811,1307,12,25,104,208],"class_list":{"0":"post-440670","1":"post","2":"type-post","3":"status-publish","4":"format-standard","5":"has-post-thumbnail","7":"category-lille","8":"tag-actu","9":"tag-actualites","10":"tag-automobile","11":"tag-eu","12":"tag-europe","13":"tag-fr","14":"tag-france","15":"tag-hauts-de-france","16":"tag-lille","17":"tag-news","18":"tag-republique-francaise","19":"tag-societe","20":"tag-velo"},"share_on_mastodon":{"url":"https:\/\/pubeurope.com\/@fr\/115321398974702643","error":""},"_links":{"self":[{"href":"https:\/\/www.europesays.com\/fr\/wp-json\/wp\/v2\/posts\/440670","targetHints":{"allow":["GET"]}}],"collection":[{"href":"https:\/\/www.europesays.com\/fr\/wp-json\/wp\/v2\/posts"}],"about":[{"href":"https:\/\/www.europesays.com\/fr\/wp-json\/wp\/v2\/types\/post"}],"author":[{"embeddable":true,"href":"https:\/\/www.europesays.com\/fr\/wp-json\/wp\/v2\/users\/2"}],"replies":[{"embeddable":true,"href":"https:\/\/www.europesays.com\/fr\/wp-json\/wp\/v2\/comments?post=440670"}],"version-history":[{"count":0,"href":"https:\/\/www.europesays.com\/fr\/wp-json\/wp\/v2\/posts\/440670\/revisions"}],"wp:featuredmedia":[{"embeddable":true,"href":"https:\/\/www.europesays.com\/fr\/wp-json\/wp\/v2\/media\/440671"}],"wp:attachment":[{"href":"https:\/\/www.europesays.com\/fr\/wp-json\/wp\/v2\/media?parent=440670"}],"wp:term":[{"taxonomy":"category","embeddable":true,"href":"https:\/\/www.europesays.com\/fr\/wp-json\/wp\/v2\/categories?post=440670"},{"taxonomy":"post_tag","embeddable":true,"href":"https:\/\/www.europesays.com\/fr\/wp-json\/wp\/v2\/tags?post=440670"}],"curies":[{"name":"wp","href":"https:\/\/api.w.org\/{rel}","templated":true}]}}