{"id":440672,"date":"2025-10-05T11:47:13","date_gmt":"2025-10-05T11:47:13","guid":{"rendered":"https:\/\/www.europesays.com\/fr\/440672\/"},"modified":"2025-10-05T11:47:13","modified_gmt":"2025-10-05T11:47:13","slug":"lille-psg-les-compositions-probables","status":"publish","type":"post","link":"https:\/\/www.europesays.com\/fr\/440672\/","title":{"rendered":"Lille-PSG : Les compositions probables"},"content":{"rendered":"<p style=\"text-align: justify;\" align=\"justify\"><strong>LIGUE 1 2025-2026 \u2013 Selon L\u2019\u00c9quipe, voici les compositions probables du match entre Lille et le PSG pr\u00e9vu ce dimanche.<\/strong><\/p>\n<p style=\"text-align: justify;\" align=\"justify\">Apr\u00e8s sa d\u00e9faite face \u00e0 l\u2019<strong>Olympique Lyonnais<\/strong> en championnat, <strong>Lille<\/strong> s\u2019est relanc\u00e9 avec une victoire sur la pelouse de l\u2019<strong>AS Rome<\/strong> en <strong>Ligue<\/strong> <strong>Europa<\/strong>. Le <strong>Paris Saint-Germain<\/strong> s\u2019est de son c\u00f4t\u00e9 impos\u00e9 sur la pelouse du <strong>FC<\/strong> <strong>Barcelone<\/strong> malgr\u00e9 de nombreux absents, notamment dans le secteur offensif.<\/p>\n<p>Gon\u00e7alo Ramos titulaire ?<\/p>\n<p style=\"text-align: justify;\">Si le <strong>LOSC<\/strong> \u00e9volu\u00e9 habituellement en 4-2-3-1, <strong>Bruno<\/strong> <strong>G\u00e9n\u00e9sio<\/strong> pourrait opter pour un 4-3-3 plus conservateur avec trois milieux axiaux pour contre le PSG. <strong>Benjamin<\/strong> <strong>Andr\u00e9<\/strong>, <strong>Nabil<\/strong> <strong>Bentaleb<\/strong> et <strong>Ngal\u2019ayel<\/strong> <strong>Mukau<\/strong> pourraient \u00eatre associ\u00e9s. <strong>Olivier<\/strong> <strong>Giroud<\/strong> devrait lui \u00eatre \u00e0 la pointe de l\u2019attaque lilloise.<\/p>\n<p style=\"text-align: justify;\"><strong>Luis<\/strong> <strong>Enrique<\/strong> devrait lui faire des changements dans son onze de d\u00e9part. <strong>Senny<\/strong> <strong>Mayulu<\/strong>, titularis\u00e9 en pointe face \u00e0 <strong>Barcelone<\/strong>, devrait cette fois \u00e9voluer au milieu de terrain. <strong>Gon\u00e7alo<\/strong>\u00a0<strong>Ramos<\/strong> pourrait \u00eatre titularis\u00e9 apr\u00e8s but d\u00e9cisif face au Bar\u00e7a. <strong>Achraf<\/strong> <strong>Hakimi<\/strong> devrait \u00eatre le capitaine du <strong>Paris Saint-Germain<\/strong> pour ce choc face \u00e0 Lille.<\/p>\n<p>Les compositions probables de Lille-PSG<br \/>\nLa composition de Lille<\/p>\n<p style=\"text-align: justify;\">\u00d6zer \u2013 Santos, Ngoy, Mbemba, Perraud \u2013 Bentaleb, Mukau, Andr\u00e9 \u2013 Fernandez-Pardo, Haraldsson, Giroud\u00a0<\/p>\n<p>La composition de PSG<\/p>\n<p style=\"text-align: justify;\">Chevalier \u2013 Hakimi, Zabarnyi, Beraldo, Hernandez \u2013 Za\u00efre-Emery, Vitinha, Mayulu \u2013 Lee, Ramos, Mbaye<\/p>\n<p>Les cotes de Lille-PSG<\/p>\n<p style=\"text-align: justify;\">Tentez votre chance en profitant de votre <a href=\"https:\/\/www.winamax.fr\/registration\/landing\/affiliation_Bonus100?banid=33423\" target=\"_blank\" rel=\"noopener\">1er d\u00e9p\u00f4t doubl\u00e9 jusqu\u2019\u00e0 100 \u20ac<\/a> direct en paris gratuits sur Winamax !<\/p>\n","protected":false},"excerpt":{"rendered":"LIGUE 1 2025-2026 \u2013 Selon L\u2019\u00c9quipe, voici les compositions probables du match entre Lille et le PSG pr\u00e9vu&hellip;\n","protected":false},"author":2,"featured_media":440673,"comment_status":"","ping_status":"","sticky":false,"template":"","format":"standard","meta":{"footnotes":""},"categories":[2815],"tags":[1111,11,2113,1777,674,63,1011,27,811,1307,12,93,25],"class_list":{"0":"post-440672","1":"post","2":"type-post","3":"status-publish","4":"format-standard","5":"has-post-thumbnail","7":"category-lille","8":"tag-actu","9":"tag-actualites","10":"tag-breve","11":"tag-eu","12":"tag-europe","13":"tag-football","14":"tag-fr","15":"tag-france","16":"tag-hauts-de-france","17":"tag-lille","18":"tag-news","19":"tag-psg","20":"tag-republique-francaise"},"share_on_mastodon":{"url":"https:\/\/pubeurope.com\/@fr\/115321401805006171","error":""},"_links":{"self":[{"href":"https:\/\/www.europesays.com\/fr\/wp-json\/wp\/v2\/posts\/440672","targetHints":{"allow":["GET"]}}],"collection":[{"href":"https:\/\/www.europesays.com\/fr\/wp-json\/wp\/v2\/posts"}],"about":[{"href":"https:\/\/www.europesays.com\/fr\/wp-json\/wp\/v2\/types\/post"}],"author":[{"embeddable":true,"href":"https:\/\/www.europesays.com\/fr\/wp-json\/wp\/v2\/users\/2"}],"replies":[{"embeddable":true,"href":"https:\/\/www.europesays.com\/fr\/wp-json\/wp\/v2\/comments?post=440672"}],"version-history":[{"count":0,"href":"https:\/\/www.europesays.com\/fr\/wp-json\/wp\/v2\/posts\/440672\/revisions"}],"wp:featuredmedia":[{"embeddable":true,"href":"https:\/\/www.europesays.com\/fr\/wp-json\/wp\/v2\/media\/440673"}],"wp:attachment":[{"href":"https:\/\/www.europesays.com\/fr\/wp-json\/wp\/v2\/media?parent=440672"}],"wp:term":[{"taxonomy":"category","embeddable":true,"href":"https:\/\/www.europesays.com\/fr\/wp-json\/wp\/v2\/categories?post=440672"},{"taxonomy":"post_tag","embeddable":true,"href":"https:\/\/www.europesays.com\/fr\/wp-json\/wp\/v2\/tags?post=440672"}],"curies":[{"name":"wp","href":"https:\/\/api.w.org\/{rel}","templated":true}]}}