{"id":440674,"date":"2025-10-05T11:48:22","date_gmt":"2025-10-05T11:48:22","guid":{"rendered":"https:\/\/www.europesays.com\/fr\/440674\/"},"modified":"2025-10-05T11:48:22","modified_gmt":"2025-10-05T11:48:22","slug":"je-venais-des-quartiers-et-javais-laccent-jai-du-bosser-deux-fois-plus","status":"publish","type":"post","link":"https:\/\/www.europesays.com\/fr\/440674\/","title":{"rendered":"Je venais des quartiers et j\u2019avais l\u2019accent, j\u2019ai d\u00fb bosser deux fois plus\u00a0!"},"content":{"rendered":"<p>Difficile d\u2019avancer sur la Canebi\u00e8re aux c\u00f4t\u00e9s d\u2019Idir Azougli\u00a0: \u00e0 chaque pas, les passants le h\u00e8lent pour obtenir un selfie. C\u2019est dire la popularit\u00e9 du com\u00e9dien marseillais qui, \u00e0 30\u00a0ans, affiche d\u00e9j\u00e0 un beau palmar\u00e8s, du film ind\u00e9pendant (<a href=\"https:\/\/www.laprovence.com\/article\/papier\/5382358\/carton-plein-pour-le-film-marseillais-sheherazade.html\" target=\"_blank\" rel=\"noopener\">Sh\u00e9h\u00e9razade de Jean-Bernard Marlin<\/a>) \u00e0 la grosse production am\u00e9ricaine (<a href=\"https:\/\/www.laprovence.com\/article\/sorties-loisirs\/6417892\/festival-de-cannes-stillwater-matt-damon-un-americain-a-marseille.html\" target=\"_blank\" rel=\"noopener\">Stillwater<\/a>). L\u2019acteur a tourn\u00e9 devant la cam\u00e9ra de C\u00e9dric Jimenez (Bac Nord), <a href=\"https:\/\/www.laprovence.com\/article\/culture-loisirs\/3253154025948314\/tournage-de-la-saison-2-de-pax-massilia-j-adore-marseille-assure-le-realisateur-olivier-marchal\" target=\"_blank\" rel=\"noopener\">Olivier Marchal (Pax Massilia)<\/a>, Tom McCarthy\u2026 \u00ab\u00a0Pendant longtemps je ne donnais pas d\u2019interview, confie-t-il. J\u2019avais honte. Je pensais \u00eatre un com\u00e9dien \u00e9ph\u00e9m\u00e8re.\u00a0\u00bb\u00a0Aujourd\u2019hui il s\u2019assume enfin. Il se confie \u00e0 l\u2019occasion de la sortie de M\u00e9t\u00e9ors de Hubert Charuel (Petit Paysan) et Claude Le Pape, pr\u00e9sent\u00e9 en s\u00e9lection Un Certain Regard au Festival de Cannes 2025, et qui sortira en salles le mercredi 8\u00a0octobre. Le film parle d\u2019une amiti\u00e9 forte dans la pr\u00e9carit\u00e9 entre Mika (Paul Kircher) et Dan (Idir Azougli), \u00e0 Saint-Dizier en Haute-Marne. Rencontre au <a href=\"https:\/\/www.laprovence.com\/article\/culture-loisirs\/6920247351650614\/l-artplexe-rachete-les-varietes\" target=\"_blank\" rel=\"noopener\">cin\u00e9ma L\u2019Artplexe<\/a> qui l\u2019invitait en avant-premi\u00e8re.<\/p>\n<p><strong>Le titre \u00ab\u00a0M\u00e9t\u00e9ors\u00a0\u00bb est un peu myst\u00e9rieux. Que symbolise-t-il pour vous\u00a0?<\/strong>&#13;\n<\/p>\n<p>\u00c0 la base, le r\u00e9alisateur voulait tourner un film catastrophe, puis le projet a \u00e9volu\u00e9\u00a0: Hubert s\u2019est aper\u00e7u qu\u2019il voulait davant&#8230;<\/p>\n","protected":false},"excerpt":{"rendered":"Difficile d\u2019avancer sur la Canebi\u00e8re aux c\u00f4t\u00e9s d\u2019Idir Azougli\u00a0: \u00e0 chaque pas, les passants le h\u00e8lent pour obtenir&hellip;\n","protected":false},"author":2,"featured_media":440675,"comment_status":"","ping_status":"","sticky":false,"template":"","format":"standard","meta":{"footnotes":""},"categories":[2814],"tags":[17,1111,11,56757,10863,251,154,1777,674,1011,27,56756,757,761,884,12,882,25,56758],"class_list":{"0":"post-440674","1":"post","2":"type-post","3":"status-publish","4":"format-standard","5":"has-post-thumbnail","7":"category-marseille","8":"tag-17","9":"tag-actu","10":"tag-actualites","11":"tag-azougli","12":"tag-comedien","13":"tag-culture","14":"tag-des","15":"tag-eu","16":"tag-europe","17":"tag-fr","18":"tag-france","19":"tag-idir","20":"tag-je","21":"tag-marseillais","22":"tag-marseille","23":"tag-news","24":"tag-provence-alpes-cote-dazur","25":"tag-republique-francaise","26":"tag-venais"},"share_on_mastodon":{"url":"https:\/\/pubeurope.com\/@fr\/115321405713807610","error":""},"_links":{"self":[{"href":"https:\/\/www.europesays.com\/fr\/wp-json\/wp\/v2\/posts\/440674","targetHints":{"allow":["GET"]}}],"collection":[{"href":"https:\/\/www.europesays.com\/fr\/wp-json\/wp\/v2\/posts"}],"about":[{"href":"https:\/\/www.europesays.com\/fr\/wp-json\/wp\/v2\/types\/post"}],"author":[{"embeddable":true,"href":"https:\/\/www.europesays.com\/fr\/wp-json\/wp\/v2\/users\/2"}],"replies":[{"embeddable":true,"href":"https:\/\/www.europesays.com\/fr\/wp-json\/wp\/v2\/comments?post=440674"}],"version-history":[{"count":0,"href":"https:\/\/www.europesays.com\/fr\/wp-json\/wp\/v2\/posts\/440674\/revisions"}],"wp:featuredmedia":[{"embeddable":true,"href":"https:\/\/www.europesays.com\/fr\/wp-json\/wp\/v2\/media\/440675"}],"wp:attachment":[{"href":"https:\/\/www.europesays.com\/fr\/wp-json\/wp\/v2\/media?parent=440674"}],"wp:term":[{"taxonomy":"category","embeddable":true,"href":"https:\/\/www.europesays.com\/fr\/wp-json\/wp\/v2\/categories?post=440674"},{"taxonomy":"post_tag","embeddable":true,"href":"https:\/\/www.europesays.com\/fr\/wp-json\/wp\/v2\/tags?post=440674"}],"curies":[{"name":"wp","href":"https:\/\/api.w.org\/{rel}","templated":true}]}}