{"id":440678,"date":"2025-10-05T11:50:09","date_gmt":"2025-10-05T11:50:09","guid":{"rendered":"https:\/\/www.europesays.com\/fr\/440678\/"},"modified":"2025-10-05T11:50:09","modified_gmt":"2025-10-05T11:50:09","slug":"david-kimelfeld-va-jeter-leponge","status":"publish","type":"post","link":"https:\/\/www.europesays.com\/fr\/440678\/","title":{"rendered":"David Kimelfeld va jeter l&rsquo;\u00e9ponge"},"content":{"rendered":"<p>            Par<br \/>\n        <strong><br \/>\n            <a href=\"https:\/\/actu.fr\/auteur\/nicolas-zaugra\" title=\"Consulter tous les articles de Nicolas Zaugra\" rel=\"nofollow noopener\" target=\"_blank\">Nicolas Zaugra<\/a><br \/>\n        <\/strong><\/p>\n<p>        Publi\u00e9 le<\/p>\n<p>            5 oct. 2025 \u00e0 12h56<br \/>\n        ; mis \u00e0 jour le 5 oct. 2025 \u00e0 13h00    <\/p>\n<p><strong>INFO ACTU LYON<\/strong>. <a href=\"https:\/\/actu.fr\/auvergne-rhone-alpes\/lyon_69123\/elections-2020-a-lyon-s-il-est-elu-david-kimelfeld-compte-metamorphoser-la-place-bellecour_34517657.html\" rel=\"nofollow noopener\" target=\"_blank\">David Kimelfeld<\/a>, ancien pr\u00e9sident de la M\u00e9tropole de <a href=\"https:\/\/actu.fr\/auvergne-rhone-alpes\/lyon_69123\" rel=\"nofollow noopener\" target=\"_blank\">Lyon<\/a>, s\u2019appr\u00eate \u00e0 jeter l\u2019\u00e9ponge en vue des \u00e9lections municipales et m\u00e9tropolitaines 2026.<\/p>\n<p class=\" wall-content\">L\u2019ancien \u00e9lu macroniste, devenu membre de la F\u00e9d\u00e9ration des Progressistes, un petit parti de centre gauche, n\u2019a pas trouv\u00e9 d\u2019espace politique pour lancer une candidature. Selon nos informations, il r\u00e9fl\u00e9chit m\u00eame \u00e0 sa retraite politique en se retirant du paysage politique local.<\/p>\n<p>Il renonce \u00e0 toute ambition pour 2026<\/p>\n<p class=\" wall-content\">\u00ab\u00a0Il avait l\u2019air d\u00e9prim\u00e9, il a act\u00e9 que son projet n\u2019est pas possible\u00a0\u00bb, confie un \u00e9lu municipal qui l\u2019a crois\u00e9 r\u00e9cemment. Selon les informations d\u2019actu Lyon, David Kimelfeld qui nous assurait il y a quelques jours que sa position est <a href=\"https:\/\/actu.fr\/auvergne-rhone-alpes\/lyon_69123\/lyon-ni-doucet-ni-aulas-cet-elu-appelle-a-eviter-ce-face-a-face-violent_63206081.html\" rel=\"nofollow noopener\" target=\"_blank\">\u00ab\u00a0ni Aulas, ni Doucet\u00a0\u00bb<\/a>, a act\u00e9 qu\u2019il <strong>renon\u00e7ait \u00e0 lancer une candidature pour 2026.<\/strong><\/p>\n<p class=\" wall-content\">Apr\u00e8s s\u2019\u00eatre rapproch\u00e9 de Fouzyia Bouzerda (\u00e9lue MoDem) \u00e0 la M\u00e9tropole, qui a finalement d\u00e9cid\u00e9 de rejoindre <a href=\"https:\/\/actu.fr\/auvergne-rhone-alpes\/lyon_69123\/municipales-2026-a-lyon-aulas-ou-doucet-le-candidat-georges-kepenekian-a-fait-son-choix_63231179.html\" rel=\"nofollow noopener\" target=\"_blank\">Jean-Michel Aulas<\/a> (ce qui a provoqu\u00e9 des tensions dans le groupe m\u00e9tropolitain qu\u2019elle a quitt\u00e9), Kimelfeld a aussi multipli\u00e9 les contacts avec les \u00e9lus \u00e9cologistes, ceux de Place Publique ou encore des Radicaux de gauche. Mais le parti de Rapha\u00ebl Glucksmann a fait le choix, \u00e0 la Ville de Lyon, de soutenir <a href=\"https:\/\/actu.fr\/auvergne-rhone-alpes\/lyon_69123\/lyon-municipales-2026-gregory-doucet-gagne-le-soutien-de-raphael-glucksmann-pour-sa-campagne_63235977.html\" rel=\"nofollow noopener\" target=\"_blank\">Gr\u00e9gory Doucet<\/a>\u2026<\/p>\n<p class=\" wall-content\">Selon nos informations, il a d\u00e9j\u00e0 fait savoir \u00e0 certains interlocuteurs qu\u2019il ne sera candidat \u00e0 rien, ni \u00e0 la Ville \u00e0 la M\u00e9tropole dans la campagne qui a d\u00e9j\u00e0 d\u00e9but\u00e9. Il r\u00e9fl\u00e9chit aussi s\u00e9rieusement \u00e0 tourner la page de la politique locale d\u00e8s l\u2019ann\u00e9e prochaine.<\/p>\n<p>D\u00e9cision d\u00e9finitive apr\u00e8s la mi-octobre<\/p>\n<p class=\" wall-content\">Sollicit\u00e9 ce dimanche, David Kimelfeld confirme qu\u2019il est fort possible qu\u2019il renonce \u00e0 toute candidature et que \u00ab\u00a0\u00e7a se termine ainsi\u00a0\u00bb. Il renvoie \u00e0 <strong>une d\u00e9cision d\u00e9finitive apr\u00e8s la mi-octobre.\u00a0<\/strong><\/p>\n<p>Votre r\u00e9gion, votre actu !<\/p>\n<p>Recevez chaque jour les infos qui comptent pour vous.<\/p>\n<p>\t<a href=\"https:\/\/actu.fr\/newsletter\" class=\"ac-btn ac-btn--corner ac-btn--medium ac-btn--blue800\" rel=\"nofollow noopener\" target=\"_blank\">S&rsquo;incrire<\/a><\/p>\n<p class=\" wall-content\">Toujours selon nos informations, un soutien aux municipales 2026 \u00e0 Nathalie Perrin-Gilbert tient aussi la corde tout comme celui des Radicaux de gauche en faveur de l\u2019ancienne adjointe \u00e0 la Culture qui poursuit sa campagne pour l\u2019h\u00f4tel de ville.<\/p>\n<p>Critique des Verts et de Jean-Michel Aulas<\/p>\n<p class=\" wall-content\">L\u2019ancien \u00e9lu socialiste proche de <a href=\"https:\/\/actu.fr\/auvergne-rhone-alpes\/lyon_69123\/lyon-gregory-doucet-donne-a-cette-place-le-nom-de-gerard-collomb-voici-pourquoi_62459205.html\" rel=\"nofollow noopener\" target=\"_blank\">G\u00e9rard Collomb<\/a> qui avait finalement divorc\u00e9 politiquement avant l\u2019ancien maire de Lyon \u00e9tait devenu pr\u00e9sident de la M\u00e9tropole de Lyon pendant deux ans. Il s\u2019\u00e9tait ensuite lanc\u00e9 aux m\u00e9tropolitaines de 2020 o\u00f9 il a \u00e9t\u00e9 battu par l\u2019\u00e9cologiste Bruno Bernard.<\/p>\n<p class=\" wall-content\">L\u2019ex-maire du 4e arrondissement de Lyon s\u2019est aussi \u00e9loign\u00e9 du macronisme qu\u2019il accuse de se rapprocher d\u2019une droite trop dure. Pour les municipales 2026, il critique durement le bilan des Verts et l\u2019alliance Renaissance\/ LR avec Laurent Wauquiez derri\u00e8re Jean-Michel Aulas. Cet automne pourrait bien \u00eatre la fin de la carri\u00e8re politique de David Kimelfeld entam\u00e9e en 1983 quand il a rejoint le PS\u2026<\/p>\n<p class=\" wall-content\">Personnalisez votre actualit\u00e9 en ajoutant vos villes et m\u00e9dias en favori avec <a href=\"https:\/\/moncompte.actu.fr\" title=\"D\u00e9couvez Mon Actu\" rel=\"nofollow noopener\" data-trk=\"{&quot;cta&quot;:{&quot;action&quot;:&quot;https:\\\/\\\/moncompte.actu.fr&quot;,&quot;category&quot;:&quot;mon compte&quot;,&quot;from&quot;:&quot;article footer&quot;,&quot;name&quot;:&quot;Mon actu&quot;,&quot;type&quot;:&quot;cta&quot;}}\" target=\"_blank\">Mon Actu<\/a>.<\/p>\n","protected":false},"excerpt":{"rendered":"Par Nicolas Zaugra Publi\u00e9 le 5 oct. 2025 \u00e0 12h56 ; mis \u00e0 jour le 5 oct. 2025&hellip;\n","protected":false},"author":2,"featured_media":440679,"comment_status":"","ping_status":"","sticky":false,"template":"","format":"standard","meta":{"footnotes":""},"categories":[1889],"tags":[1111,11,2430,4188,1777,674,1011,27,2428,12,316,25],"class_list":{"0":"post-440678","1":"post","2":"type-post","3":"status-publish","4":"format-standard","5":"has-post-thumbnail","7":"category-lyon","8":"tag-actu","9":"tag-actualites","10":"tag-auvergne-rhone-alpes","11":"tag-elections-municipales","12":"tag-eu","13":"tag-europe","14":"tag-fr","15":"tag-france","16":"tag-lyon","17":"tag-news","18":"tag-politique","19":"tag-republique-francaise"},"share_on_mastodon":{"url":"https:\/\/pubeurope.com\/@fr\/115321413591821937","error":""},"_links":{"self":[{"href":"https:\/\/www.europesays.com\/fr\/wp-json\/wp\/v2\/posts\/440678","targetHints":{"allow":["GET"]}}],"collection":[{"href":"https:\/\/www.europesays.com\/fr\/wp-json\/wp\/v2\/posts"}],"about":[{"href":"https:\/\/www.europesays.com\/fr\/wp-json\/wp\/v2\/types\/post"}],"author":[{"embeddable":true,"href":"https:\/\/www.europesays.com\/fr\/wp-json\/wp\/v2\/users\/2"}],"replies":[{"embeddable":true,"href":"https:\/\/www.europesays.com\/fr\/wp-json\/wp\/v2\/comments?post=440678"}],"version-history":[{"count":0,"href":"https:\/\/www.europesays.com\/fr\/wp-json\/wp\/v2\/posts\/440678\/revisions"}],"wp:featuredmedia":[{"embeddable":true,"href":"https:\/\/www.europesays.com\/fr\/wp-json\/wp\/v2\/media\/440679"}],"wp:attachment":[{"href":"https:\/\/www.europesays.com\/fr\/wp-json\/wp\/v2\/media?parent=440678"}],"wp:term":[{"taxonomy":"category","embeddable":true,"href":"https:\/\/www.europesays.com\/fr\/wp-json\/wp\/v2\/categories?post=440678"},{"taxonomy":"post_tag","embeddable":true,"href":"https:\/\/www.europesays.com\/fr\/wp-json\/wp\/v2\/tags?post=440678"}],"curies":[{"name":"wp","href":"https:\/\/api.w.org\/{rel}","templated":true}]}}