{"id":440682,"date":"2025-10-05T11:53:12","date_gmt":"2025-10-05T11:53:12","guid":{"rendered":"https:\/\/www.europesays.com\/fr\/440682\/"},"modified":"2025-10-05T11:53:12","modified_gmt":"2025-10-05T11:53:12","slug":"rixe-mortelle-en-essonne-deux-adolescents-de-16-ans-mis-en-examen-pour-meurtre","status":"publish","type":"post","link":"https:\/\/www.europesays.com\/fr\/440682\/","title":{"rendered":"Rixe mortelle en Essonne\u00a0: deux adolescents de 16 ans mis en examen pour meurtre"},"content":{"rendered":"<p>Deux adolescents de 16 ans ont \u00e9t\u00e9 mis en examen samedi pour meurtre apr\u00e8s la mort, lundi, d&rsquo;un jeune de 18 ans, rou\u00e9 de coups \u00e0 la gare RER d&rsquo;\u00c9vry-Courcouronnes.<\/p>\n<p>Les gardes \u00e0 vue ont d\u00e9bouch\u00e9 sur des poursuites. Le procureur d&rsquo;\u00c9vry a annonc\u00e9, samedi, la mise en examen pour homicide volontaire des deux adolescents de 16 ans soup\u00e7onn\u00e9 d&rsquo;avoir particip\u00e9 \u00e0 la rixe mortelle, lundi soir, aux abords de la gare RER d&rsquo;\u00c9vry-Courcouronnes (Essonne).<\/p>\n<p>La victime est un jeune homme de 18 ans, rou\u00e9 de coups. Il est\u00a0<a class=\"IciLink ici-link IciArticleLink g-ici-body-regular-1 underline brand svelte-lu7k6w\" href=\"https:\/\/www.francebleu.fr\/infos\/faits-divers-justice\/essonne-deces-d-un-jeune-homme-de-18-ans-roue-de-coups-a-la-gare-d-evry-1633571\" rel=\"nofollow noopener\" target=\"_blank\">d\u00e9c\u00e9d\u00e9 une heure apr\u00e8s la rixe<\/a>, malgr\u00e9 les tentatives de r\u00e9animation des secours.<\/p>\n<p>\u00c0 \u00e9couter aussi   <img decoding=\"async\" src=\"https:\/\/www.europesays.com\/fr\/wp-content\/uploads\/2025\/10\/1759665191_274_560x315\" alt=\"Des \u00e9l\u00e8ves de retour au lyc\u00e9e Louis-Armand de Yerres (Essonne), le 25 mars 2025.\" style=\"--_image-preview:url('data:image\/jpeg;base64,\/9j\/2wBDACgcHiMeGSgjISMtKygwPGRBPDc3PHtYXUlkkYCZlo+AjIqgtObDoKrarYqMyP\/L2u71\/\/\/\/m8H\/\/\/\/6\/+b9\/\/j\/2wBDASstLTw1PHZBQXb4pYyl+Pj4+Pj4+Pj4+Pj4+Pj4+Pj4+Pj4+Pj4+Pj4+Pj4+Pj4+Pj4+Pj4+Pj4+Pj4+Pj4+Pj\/wAARCAAXACoDASIAAhEBAxEB\/8QAGAAAAwEBAAAAAAAAAAAAAAAAAAIDAQT\/xAAZEAEBAQEBAQAAAAAAAAAAAAAAAQISAxP\/xAAUAQEAAAAAAAAAAAAAAAAAAAAA\/8QAFBEBAAAAAAAAAAAAAAAAAAAAAP\/aAAwDAQACEQMRAD8ArPQ3blzpSUFuy30SuiXQL\/QfRz9N6AmFYADNJ0ABGgA\/\/9k=');\" loading=\"lazy\" fetchpriority=\"low\" aria-hidden=\"true\" class=\"svelte-1pnmlwx rounded\" onload=\"this.__e=event\" onerror=\"this.__e=event\"\/>Rixe inter-quartiers<\/p>\n<p>L&rsquo;agression a eu lieu dans un contexte de rixe entre quartiers, a pr\u00e9cis\u00e9 le procureur d&rsquo;\u00c9vry. La victime \u00e9tait originaire de Ris-Orangis et les deux adolescents mis en examen de la ville voisine de Grigny. Dans un d\u00e9partement qui concentre chaque ann\u00e9e un quart des rixes recens\u00e9es en France.<\/p>\n<p>Dans cette affaire, un premier adolescent avait \u00e9t\u00e9 interpell\u00e9, jeudi, en Seine-Saint-Denis. Le deuxi\u00e8me s&rsquo;est pr\u00e9sent\u00e9 de lui-m\u00eame au commissariat d&rsquo;\u00c9vry-Courcouronnes vendredi matin. En plus de la mise en examen, l&rsquo;un des deux a \u00e9galement \u00e9t\u00e9 plac\u00e9 en d\u00e9tention provisoire.<\/p>\n<p>\u00c0 \u00e9couter aussi   <img decoding=\"async\" src=\"https:\/\/www.europesays.com\/fr\/wp-content\/uploads\/2025\/10\/1759665192_872_560x315\" alt=\"Yazid Kherfi, directeur de l'association &quot;M\u00e9diation nomade&quot;.\" style=\"--_image-preview:url('data:image\/jpeg;base64,\/9j\/2wBDACgcHiMeGSgjISMtKygwPGRBPDc3PHtYXUlkkYCZlo+AjIqgtObDoKrarYqMyP\/L2u71\/\/\/\/m8H\/\/\/\/6\/+b9\/\/j\/2wBDASstLTw1PHZBQXb4pYyl+Pj4+Pj4+Pj4+Pj4+Pj4+Pj4+Pj4+Pj4+Pj4+Pj4+Pj4+Pj4+Pj4+Pj4+Pj4+Pj4+Pj\/wAARCAAXACoDASIAAhEBAxEB\/8QAGAAAAwEBAAAAAAAAAAAAAAAAAAEDAgT\/xAAYEAEBAQEBAAAAAAAAAAAAAAAAAQISEf\/EABcBAAMBAAAAAAAAAAAAAAAAAAABAgP\/xAAWEQEBAQAAAAAAAAAAAAAAAAAAARH\/2gAMAwEAAhEDEQA\/AOms2jVT1o9TinRdI9nNgYrayUo9VKmxrdQ3oBDRK6OaAAVzWvQDJ\/\/Z');\" loading=\"lazy\" fetchpriority=\"low\" aria-hidden=\"true\" class=\"svelte-1pnmlwx rounded\" onload=\"this.__e=event\" onerror=\"this.__e=event\"\/><\/p>\n","protected":false},"excerpt":{"rendered":"Deux adolescents de 16 ans ont \u00e9t\u00e9 mis en examen samedi pour meurtre apr\u00e8s la mort, lundi, d&rsquo;un&hellip;\n","protected":false},"author":2,"featured_media":440683,"comment_status":"","ping_status":"","sticky":false,"template":"","format":"standard","meta":{"footnotes":""},"categories":[1592],"tags":[1111,11,1777,674,1011,27,662,12,626,25],"class_list":{"0":"post-440682","1":"post","2":"type-post","3":"status-publish","4":"format-standard","5":"has-post-thumbnail","7":"category-ile-de-france","8":"tag-actu","9":"tag-actualites","10":"tag-eu","11":"tag-europe","12":"tag-fr","13":"tag-france","14":"tag-ile-de-france","15":"tag-news","16":"tag-paris","17":"tag-republique-francaise"},"share_on_mastodon":{"url":"https:\/\/pubeurope.com\/@fr\/115321425839116883","error":""},"_links":{"self":[{"href":"https:\/\/www.europesays.com\/fr\/wp-json\/wp\/v2\/posts\/440682","targetHints":{"allow":["GET"]}}],"collection":[{"href":"https:\/\/www.europesays.com\/fr\/wp-json\/wp\/v2\/posts"}],"about":[{"href":"https:\/\/www.europesays.com\/fr\/wp-json\/wp\/v2\/types\/post"}],"author":[{"embeddable":true,"href":"https:\/\/www.europesays.com\/fr\/wp-json\/wp\/v2\/users\/2"}],"replies":[{"embeddable":true,"href":"https:\/\/www.europesays.com\/fr\/wp-json\/wp\/v2\/comments?post=440682"}],"version-history":[{"count":0,"href":"https:\/\/www.europesays.com\/fr\/wp-json\/wp\/v2\/posts\/440682\/revisions"}],"wp:featuredmedia":[{"embeddable":true,"href":"https:\/\/www.europesays.com\/fr\/wp-json\/wp\/v2\/media\/440683"}],"wp:attachment":[{"href":"https:\/\/www.europesays.com\/fr\/wp-json\/wp\/v2\/media?parent=440682"}],"wp:term":[{"taxonomy":"category","embeddable":true,"href":"https:\/\/www.europesays.com\/fr\/wp-json\/wp\/v2\/categories?post=440682"},{"taxonomy":"post_tag","embeddable":true,"href":"https:\/\/www.europesays.com\/fr\/wp-json\/wp\/v2\/tags?post=440682"}],"curies":[{"name":"wp","href":"https:\/\/api.w.org\/{rel}","templated":true}]}}