{"id":440696,"date":"2025-10-05T12:00:12","date_gmt":"2025-10-05T12:00:12","guid":{"rendered":"https:\/\/www.europesays.com\/fr\/440696\/"},"modified":"2025-10-05T12:00:12","modified_gmt":"2025-10-05T12:00:12","slug":"aux-etats-unis-la-violence-dice-monte-dun-cran-et-indigne-les-habitants-de-chicago","status":"publish","type":"post","link":"https:\/\/www.europesays.com\/fr\/440696\/","title":{"rendered":"Aux \u00c9tats-Unis, la violence d\u2019ICE monte d\u2019un cran et indigne les habitants de Chicago"},"content":{"rendered":"\n<p> La lecture de ce contenu est susceptible d\u2019entra\u00eener un d\u00e9p\u00f4t de cookies de la part de l\u2019op\u00e9rateur tiers qui l\u2019h\u00e9berge. Compte-tenu des choix que vous avez exprim\u00e9s en mati\u00e8re de d\u00e9p\u00f4t de cookies, nous avons bloqu\u00e9 l\u2019affichage de ce contenu. Si vous souhaitez y acc\u00e9der, vous devez accepter la cat\u00e9gorie de cookies \u201cContenus tiers\u201d en cliquant sur le bouton ci-dessous. <\/p>\n<p> Lire la Vid\u00e9o              <\/p>\n<p class=\"asset asset-text\">\u00c9TATS-UNIS &#8211; Bombes lacrymog\u00e8nes jet\u00e9es par la fen\u00eatre d\u2019une voiture, raids en pleine nuit, enfants attach\u00e9s\u2026 \u00c0 <a href=\"https:\/\/www.huffingtonpost.fr\/international\/article\/a-chicago-les-sorties-de-trump-inquietent-il-menace-d-entrer-en-guerre-contre-une-ville-americaine_254510.html\" rel=\"nofollow noopener\" target=\"_blank\">Chicago<\/a>, la <a href=\"https:\/\/www.huffingtonpost.fr\/international\/article\/moyens-colossaux-expulsions-la-police-anti-migrants-de-trump-a-de-quoi-faire-peur_254008.html\" rel=\"nofollow noopener\" target=\"_blank\">police anti-immigration ICE<\/a> semble n\u2019avoir aucune limite. Et cette escalade dans la violence indigne les habitants, qui organisent la r\u00e9sistance. Des manifestations contre la <a href=\"https:\/\/www.huffingtonpost.fr\/international\/article\/aux-etats-unis-cette-decision-de-la-cour-supreme-autorise-le-controle-au-facies-et-donald-trump-s-en-frotte-les-mains_254595.html\" rel=\"nofollow noopener\" target=\"_blank\">politique d\u2019expulsions des migrants<\/a> en situation irr\u00e9guli\u00e8re se tiennent tous les jours dans la troisi\u00e8me plus grosse ville du pays.<\/p>\n<p class=\"asset asset-text\">Le quartier de Brighton Park cristallise toutes les tensions. Samedi 4\u00a0octobre, des agents f\u00e9d\u00e9raux masqu\u00e9s sont pass\u00e9s en voiture devant un parc et ont jet\u00e9 des gaz lacrymog\u00e8nes, sans justification apparente, <strong>comme on le voit dans la vid\u00e9o ci-dessus<\/strong>. Des policiers ont \u00e9galement tir\u00e9 dans le bras d\u2019une manifestante arm\u00e9e, qui bloquait leur v\u00e9hicule.<\/p>\n<p class=\"asset asset-text\">Les habitants du quartier disent se sentir \u00ab\u00a0constamment en danger\u00a0\u00bb \u00e0 cause de la pr\u00e9sence d\u2019ICE dans leurs rues. Les m\u00e9thodes violentes de la police anti immigration ne font qu\u2019aggraver leur col\u00e8re. Les affrontements entre police et manifestants se sont multipli\u00e9s pendant le week-end.<\/p>\n<p class=\"asset asset-text\"><a href=\"https:\/\/www.huffingtonpost.fr\/international\/article\/trump-bloque-par-la-justice-pour-le-deploiement-de-la-garde-nationale-a-portland_255607.html\" rel=\"nofollow noopener\" target=\"_blank\">Donald Trump<\/a> a sign\u00e9 un d\u00e9cret autorisant le d\u00e9ploiement de la garde nationale \u00e0 Chicago avec 300\u00a0gardes, comme dans d\u2019autres villes d\u00e9mocrates, pour \u00ab\u00a0prot\u00e9ger les agents et biens f\u00e9d\u00e9raux\u00a0\u00bb selon sa porte-parole. Une juge f\u00e9d\u00e9rale a bloqu\u00e9 un d\u00e9cret similaire de Donald Trump pour Portland, rappelant que les forces de l\u2019ordre habituelles \u00e9taient aptes \u00e0 contr\u00f4ler les manifestations anti ICE.<\/p>\n","protected":false},"excerpt":{"rendered":"La lecture de ce contenu est susceptible d\u2019entra\u00eener un d\u00e9p\u00f4t de cookies de la part de l\u2019op\u00e9rateur tiers&hellip;\n","protected":false},"author":2,"featured_media":440697,"comment_status":"","ping_status":"","sticky":false,"template":"","format":"standard","meta":{"footnotes":""},"categories":[1589],"tags":[11,17005,73,1866,1061,14,12,2532,1864,1865,1863,308],"class_list":{"0":"post-440696","1":"post","2":"type-post","3":"status-publish","4":"format-standard","5":"has-post-thumbnail","7":"category-etats-unis","8":"tag-actualites","9":"tag-chicago","10":"tag-etats-unis","11":"tag-etats-unis-damerique","12":"tag-immigration","13":"tag-international","14":"tag-news","15":"tag-nos-videos","16":"tag-united-states","17":"tag-united-states-of-america","18":"tag-us","19":"tag-usa"},"share_on_mastodon":{"url":"https:\/\/pubeurope.com\/@fr\/115321452869533393","error":""},"_links":{"self":[{"href":"https:\/\/www.europesays.com\/fr\/wp-json\/wp\/v2\/posts\/440696","targetHints":{"allow":["GET"]}}],"collection":[{"href":"https:\/\/www.europesays.com\/fr\/wp-json\/wp\/v2\/posts"}],"about":[{"href":"https:\/\/www.europesays.com\/fr\/wp-json\/wp\/v2\/types\/post"}],"author":[{"embeddable":true,"href":"https:\/\/www.europesays.com\/fr\/wp-json\/wp\/v2\/users\/2"}],"replies":[{"embeddable":true,"href":"https:\/\/www.europesays.com\/fr\/wp-json\/wp\/v2\/comments?post=440696"}],"version-history":[{"count":0,"href":"https:\/\/www.europesays.com\/fr\/wp-json\/wp\/v2\/posts\/440696\/revisions"}],"wp:featuredmedia":[{"embeddable":true,"href":"https:\/\/www.europesays.com\/fr\/wp-json\/wp\/v2\/media\/440697"}],"wp:attachment":[{"href":"https:\/\/www.europesays.com\/fr\/wp-json\/wp\/v2\/media?parent=440696"}],"wp:term":[{"taxonomy":"category","embeddable":true,"href":"https:\/\/www.europesays.com\/fr\/wp-json\/wp\/v2\/categories?post=440696"},{"taxonomy":"post_tag","embeddable":true,"href":"https:\/\/www.europesays.com\/fr\/wp-json\/wp\/v2\/tags?post=440696"}],"curies":[{"name":"wp","href":"https:\/\/api.w.org\/{rel}","templated":true}]}}