{"id":440698,"date":"2025-10-05T12:01:11","date_gmt":"2025-10-05T12:01:11","guid":{"rendered":"https:\/\/www.europesays.com\/fr\/440698\/"},"modified":"2025-10-05T12:01:11","modified_gmt":"2025-10-05T12:01:11","slug":"au-royaume-uni-la-police-va-avoir-le-pouvoir-de-restreindre-certaines-manifestations","status":"publish","type":"post","link":"https:\/\/www.europesays.com\/fr\/440698\/","title":{"rendered":"Au Royaume-Uni, la police va avoir le pouvoir de restreindre certaines manifestations"},"content":{"rendered":"<p>Samedi, 488 personnes ont \u00e9t\u00e9 arr\u00eat\u00e9es pour avoir manifest\u00e9 en soutien au groupe Palestine Action, class\u00e9 \u00abterroriste\u00bb par le gouvernement, alors que leur maintien a \u00e9t\u00e9 qualifi\u00e9 de \u00abd\u00e9shonorant\u00bb par la ministre de l\u2019Int\u00e9rieur.<\/p>\n<p class=\"fig-paragraph\">La police britannique va avoir davantage de pouvoir pour imposer des restrictions \u00e0 certaines manifestations, a annonc\u00e9 ce dimanche 5 octobre le gouvernement, en citant en particulier des rassemblements propalestiniens qui suscitent \u00abdes craintes importantes\u00bb au sein de la communaut\u00e9 juive. Cette annonce intervient trois jours apr\u00e8s l&rsquo;attaque devant une synagogue \u00e0\u00a0<a href=\"http:\/\/www.lefigaro.fr\/international\/manchester-endeuille-par-un-attentat-islamiste-contre-une-synagogue-20251003\" target=\"_blank\" data-fig-type=\"Article\" rel=\"noopener\" data-gtm-custom-categorie=\"navigation\" data-gtm-custom-action=\"crossclick\" data-gtm-custom-label=\"Contextuel\" data-gtm-event=\"customEventSPE\" data-fig-domain=\"LEFIGARO\">Manchester<\/a>\u00a0(nord de l&rsquo;<a href=\"https:\/\/video.lefigaro.fr\/figaro\/international\/royaume-uni-pour-la-premiere-fois-une-femme-prend-la-tete-de-leglise-anglicane-dangleterre-20251004\" target=\"_blank\" data-fig-type=\"Video\" rel=\"noopener\" data-gtm-custom-categorie=\"navigation\" data-gtm-custom-action=\"crossclick\" data-gtm-custom-label=\"Contextuel\" data-gtm-event=\"customEventSPE\" data-fig-domain=\"LEFIGARO\">Angleterre<\/a>), dans laquelle deux personnes ont \u00e9t\u00e9 tu\u00e9es et trois gri\u00e8vement bless\u00e9es.<\/p>\n<p class=\"fig-paragraph\">Le gouvernement et la police ont ensuite appel\u00e9 \u00e0 reporter ou annuler, en solidarit\u00e9 avec la communaut\u00e9 juive, des manifestations propalestiniennes pr\u00e9vues ce week-end. Leur maintien a \u00e9t\u00e9 qualifi\u00e9 de \u00abd\u00e9shonorant\u00bb par la ministre de l&rsquo;Int\u00e9rieur Shabana Mahmood. Samedi, 488 personnes ont \u00e9t\u00e9 arr\u00eat\u00e9es pour avoir manifest\u00e9 en soutien au groupe\u00a0<a href=\"http:\/\/www.lefigaro.fr\/international\/royaume-uni-aux-origines-de-palestine-action-l-organisation-classee-terroriste-par-le-gouvernement-20250907\" target=\"_blank\" data-fig-type=\"Article\" rel=\"noopener\" data-gtm-custom-categorie=\"navigation\" data-gtm-custom-action=\"crossclick\" data-gtm-custom-label=\"Contextuel\" data-gtm-event=\"customEventSPE\" data-fig-domain=\"LEFIGARO\">Palestine Action<\/a>, class\u00e9 \u00abterroriste\u00bb par le gouvernement. Parmi elles se trouvaient de nombreux retrait\u00e9s, des \u00e9tudiants, un pr\u00eatre etc.<\/p>\n<p>                                    <a class=\"fig-a11y-skip a11y-hidden\" href=\"#fig-a11y-skip-main-inarticle\"><br \/>\n        Passer la publicit\u00e9<br \/>\n    <\/a><\/p>\n<p>\u00abProt\u00e9ger le droit de manifester\u00bb<\/p>\n<p class=\"fig-paragraph\">Depuis l&rsquo;attaque sans pr\u00e9c\u00e9dent du Hamas en Isra\u00ebl le 7 octobre 2023 qui a entra\u00een\u00e9 la\u00a0<a href=\"http:\/\/www.lefigaro.fr\/international\/gaza-le-ministre-israelien-de-la-defense-affirme-qu-environ-900-000-habitants-ont-evacue-la-ville-20251005\" target=\"_blank\" data-fig-type=\"NewsFlash\" rel=\"noopener\" data-gtm-custom-categorie=\"navigation\" data-gtm-custom-action=\"crossclick\" data-gtm-custom-label=\"Contextuel\" data-gtm-event=\"customEventSPE\" data-fig-domain=\"LEFIGARO\">guerre \u00e0 Gaza<\/a>, des manifestations propalestiniennes ont lieu r\u00e9guli\u00e8rement \u00e0 Londres et dans d&rsquo;autres villes du Royaume-Uni. \u00abDes manifestations de grande ampleur et r\u00e9p\u00e9t\u00e9es peuvent laisser certaines parties de notre pays, en particulier des communaut\u00e9s religieuses, se sentir en ins\u00e9curit\u00e9\u00bb, a d\u00e9clar\u00e9 la ministre de l&rsquo;Int\u00e9rieur, cit\u00e9e dans un communiqu\u00e9. Elle a mis avant les \u00abcraintes importantes\u00bb au sein de la communaut\u00e9 juive.<\/p>\n<p class=\"fig-paragraph\">Les \u00abrenforcements de la l\u00e9gislation\u00bb annonc\u00e9s dimanche permettent, selon Shabana Mahmood, \u00abde prot\u00e9ger le droit de manifester tout en veillant \u00e0 ce que chacun se sente en s\u00e9curit\u00e9 dans ce pays\u00bb. Ils permettent \u00e0 la police d&rsquo;imposer des \u00abconditions\u00bb et des \u00abrestrictions\u00bb aux manifestations. La police pourra notamment \u00ablimiter la dur\u00e9e\u00bb du rassemblement.<\/p>\n<p class=\"fig-paragraph\">\u00abSi une manifestation a lieu au m\u00eame endroit pendant plusieurs semaines cons\u00e9cutives et provoque des troubles r\u00e9p\u00e9t\u00e9s, la police aura le pouvoir, par exemple, d&rsquo;ordonner aux organisateurs de la tenir ailleurs\u00bb, est-il \u00e9crit dans le communiqu\u00e9 du Home Office. En appelant vendredi Palestine Action \u00e0 annuler son rassemblement, le chef de la police de Londres Mark Roley a rappel\u00e9 que la police britannique n&rsquo;avait \u00abpas le pouvoir\u00bb d&rsquo;interdire les manifestations.<\/p>\n","protected":false},"excerpt":{"rendered":"Samedi, 488 personnes ont \u00e9t\u00e9 arr\u00eat\u00e9es pour avoir manifest\u00e9 en soutien au groupe Palestine Action, class\u00e9 \u00abterroriste\u00bb par&hellip;\n","protected":false},"author":2,"featured_media":440699,"comment_status":"","ping_status":"","sticky":false,"template":"","format":"standard","meta":{"footnotes":""},"categories":[1588],"tags":[11,1777,674,1272,12,1072,473,1853,1851,1850,1852],"class_list":{"0":"post-440698","1":"post","2":"type-post","3":"status-publish","4":"format-standard","5":"has-post-thumbnail","7":"category-royaume-uni","8":"tag-actualites","9":"tag-eu","10":"tag-europe","11":"tag-manifestations","12":"tag-news","13":"tag-police","14":"tag-royaume-uni","15":"tag-royaume-uni-de-grande-bretagne-et-dirlande-du-nord","16":"tag-uk","17":"tag-united-kingdom","18":"tag-united-kingdom-of-great-britain-and-northern-ireland"},"share_on_mastodon":{"url":"https:\/\/pubeurope.com\/@fr\/115321456877306714","error":""},"_links":{"self":[{"href":"https:\/\/www.europesays.com\/fr\/wp-json\/wp\/v2\/posts\/440698","targetHints":{"allow":["GET"]}}],"collection":[{"href":"https:\/\/www.europesays.com\/fr\/wp-json\/wp\/v2\/posts"}],"about":[{"href":"https:\/\/www.europesays.com\/fr\/wp-json\/wp\/v2\/types\/post"}],"author":[{"embeddable":true,"href":"https:\/\/www.europesays.com\/fr\/wp-json\/wp\/v2\/users\/2"}],"replies":[{"embeddable":true,"href":"https:\/\/www.europesays.com\/fr\/wp-json\/wp\/v2\/comments?post=440698"}],"version-history":[{"count":0,"href":"https:\/\/www.europesays.com\/fr\/wp-json\/wp\/v2\/posts\/440698\/revisions"}],"wp:featuredmedia":[{"embeddable":true,"href":"https:\/\/www.europesays.com\/fr\/wp-json\/wp\/v2\/media\/440699"}],"wp:attachment":[{"href":"https:\/\/www.europesays.com\/fr\/wp-json\/wp\/v2\/media?parent=440698"}],"wp:term":[{"taxonomy":"category","embeddable":true,"href":"https:\/\/www.europesays.com\/fr\/wp-json\/wp\/v2\/categories?post=440698"},{"taxonomy":"post_tag","embeddable":true,"href":"https:\/\/www.europesays.com\/fr\/wp-json\/wp\/v2\/tags?post=440698"}],"curies":[{"name":"wp","href":"https:\/\/api.w.org\/{rel}","templated":true}]}}