{"id":440714,"date":"2025-10-05T12:13:12","date_gmt":"2025-10-05T12:13:12","guid":{"rendered":"https:\/\/www.europesays.com\/fr\/440714\/"},"modified":"2025-10-05T12:13:12","modified_gmt":"2025-10-05T12:13:12","slug":"marc-marquez-lasst-sich-zeit-fur-seine-ruckkehr-ich-werde-die-fristen-fur-die-genesung-einhalten","status":"publish","type":"post","link":"https:\/\/www.europesays.com\/fr\/440714\/","title":{"rendered":"Marc M\u00e1rquez l\u00e4sst sich Zeit f\u00fcr seine R\u00fcckkehr: \u201eIch werde die Fristen f\u00fcr die Genesung einhalten\u201c"},"content":{"rendered":"<p class=\"gt-block\">Verletzte sich beim Gro\u00dfen Preis von Indonesien am rechten Schl\u00fcsselbein <a href=\"https:\/\/www.autohebdo.de\/Nachrichten\/MotoGP\" data-internallinksmanager029f6b8e52c=\"4\" title=\"MotoGP\" rel=\"nofollow noopener\" target=\"_blank\">MotoGP<\/a>Marc M\u00e1rquez wird den ersten Flug nach Spanien nehmen, wo eine genaue Diagnose seines Gesundheitszustands durchgef\u00fchrt wird. Bis dahin ist es nicht m\u00f6glich, das genaue Datum seiner R\u00fcckkehr in den MotoGP-Wettbewerb zu kennen.<\/p>\n<p>Sollten seine B\u00e4nder jedoch besch\u00e4digt sein \u2013 wie die Untersuchung des medizinischen Zentrums der Rennstrecke best\u00e4tigte \u2013 k\u00f6nnte es dauern. Sieben Tage, nachdem er sich beim Gro\u00dfen Preis von Japan seinen Traum erf\u00fcllt hatte, neunmaliger Weltmeister zu werden, nahm die Saison der Nummer 93 eine dramatische Wendung.<\/p>\n<\/p>\n<p class=\"gt-block\">\u201eDas ist also eindeutig nicht die beste Art, die Meisterschaft zu feiern, sagte er nach dem Ereignis in von Ducati \u00fcbermittelten Kommentaren. Es scheint, dass dieser Mandalika Grand Prix ziemlich kompliziert war, aber heute f\u00fchlten wir uns immer besser, besonders beim Aufw\u00e4rmen, wo wir wirklich gro\u00dfe Fortschritte gemacht haben. Zum Rennen kann ich nicht mehr sagen, da ich nur f\u00fcnf oder sechs Kurven gefahren bin.\u201c<\/p>\n<p>Marc M\u00e1rquez hebt Marco Bezzecchis Geste hervor<\/p>\n<p class=\"gt-block\">Er wurde von Marco Bezzecchi getroffen, bevor er st\u00fcrzte, und betont auch die sportliche Einstellung des Italieners nach dem Vorfall. Es stimmt, dass ich traurig bin, weil ich eine Verletzung am rechten Schl\u00fcsselbein habe, aber nach dem Vorfall im Rennen kam Marco Bezzecchi sofort zu mir und sagte: \u201eTut mir leid, das passiert. Mir ist das schon passiert, und wahrscheinlich wird es anderen wieder passieren, aber niemand macht so etwas mit Absicht. Also ja, ich nehme Marcos Entschuldigung an, er \u00fcbernimmt die Verantwortung f\u00fcr seinen Fehler.\u201c<\/p>\n<p class=\"gt-block\">Obwohl er wei\u00df, dass er beim n\u00e4chsten Rennen in Australien wahrscheinlich nicht dabei sein wird, deutet Marc M\u00e1rquez, dessen Haupttitel mit seinem neunten Weltmeistertitel bereits feststeht, bereits an, dass er seine R\u00fcckkehr in den Wettkampfsport aus Respekt vor seinem K\u00f6rper freiwillig verschieben k\u00f6nnte. \u201eJetzt werden wir versuchen, so schnell wie m\u00f6glich nach Madrid zu fahren und mit den \u00c4rzten zu besprechen, um welche Verletzung es sich genau handelt. Dann werden wir versuchen, so schnell wie m\u00f6glich zur\u00fcckzukehren, aber unter Ber\u00fccksichtigung der Genesungszeiten.\u201c schlie\u00dft der Katalane.<\/p>\n<p class=\"gt-block\"><strong>LESEN SIE AUCH &gt;\u00a0<a href=\"https:\/\/www.autohebdo.de\/kurz\/MotoGP\/Marc-Marquez-erleidet-in-Indonesien-einen-Schl%C3%BCsselbeinbruch.html\" rel=\"nofollow noopener\" target=\"_blank\">Marc M\u00e1rquez erleidet in Indonesien einen Schl\u00fcsselbeinbruch<\/a><\/strong><\/p>\n","protected":false},"excerpt":{"rendered":"Verletzte sich beim Gro\u00dfen Preis von Indonesien am rechten Schl\u00fcsselbein MotoGPMarc M\u00e1rquez wird den ersten Flug nach Spanien&hellip;\n","protected":false},"author":2,"featured_media":440715,"comment_status":"","ping_status":"","sticky":false,"template":"","format":"standard","meta":{"footnotes":""},"categories":[1413],"tags":[1011,27,1457,1456,60],"class_list":{"0":"post-440714","1":"post","2":"type-post","3":"status-publish","4":"format-standard","5":"has-post-thumbnail","7":"category-moto","8":"tag-fr","9":"tag-france","10":"tag-moto","11":"tag-motocycle","12":"tag-sports"},"share_on_mastodon":{"url":"https:\/\/pubeurope.com\/@fr\/115321504044690600","error":""},"_links":{"self":[{"href":"https:\/\/www.europesays.com\/fr\/wp-json\/wp\/v2\/posts\/440714","targetHints":{"allow":["GET"]}}],"collection":[{"href":"https:\/\/www.europesays.com\/fr\/wp-json\/wp\/v2\/posts"}],"about":[{"href":"https:\/\/www.europesays.com\/fr\/wp-json\/wp\/v2\/types\/post"}],"author":[{"embeddable":true,"href":"https:\/\/www.europesays.com\/fr\/wp-json\/wp\/v2\/users\/2"}],"replies":[{"embeddable":true,"href":"https:\/\/www.europesays.com\/fr\/wp-json\/wp\/v2\/comments?post=440714"}],"version-history":[{"count":0,"href":"https:\/\/www.europesays.com\/fr\/wp-json\/wp\/v2\/posts\/440714\/revisions"}],"wp:featuredmedia":[{"embeddable":true,"href":"https:\/\/www.europesays.com\/fr\/wp-json\/wp\/v2\/media\/440715"}],"wp:attachment":[{"href":"https:\/\/www.europesays.com\/fr\/wp-json\/wp\/v2\/media?parent=440714"}],"wp:term":[{"taxonomy":"category","embeddable":true,"href":"https:\/\/www.europesays.com\/fr\/wp-json\/wp\/v2\/categories?post=440714"},{"taxonomy":"post_tag","embeddable":true,"href":"https:\/\/www.europesays.com\/fr\/wp-json\/wp\/v2\/tags?post=440714"}],"curies":[{"name":"wp","href":"https:\/\/api.w.org\/{rel}","templated":true}]}}