{"id":440724,"date":"2025-10-05T12:20:14","date_gmt":"2025-10-05T12:20:14","guid":{"rendered":"https:\/\/www.europesays.com\/fr\/440724\/"},"modified":"2025-10-05T12:20:14","modified_gmt":"2025-10-05T12:20:14","slug":"bientot-le-premier-salon-du-livre","status":"publish","type":"post","link":"https:\/\/www.europesays.com\/fr\/440724\/","title":{"rendered":"bient\u00f4t le premier salon du livre"},"content":{"rendered":"<p>A Montlouis-sur-Loire, le premier salon du livre, qui aura lieu les 11 et 12\u00a0octobre 2025 au Saule-Michaud, se dessine s\u00e9rieusement. Avec beaucoup d\u2019enthousiasme et une organisation m\u00e9ticuleuse, l\u2019association \u00ab\u00a07 \u00e0 dire\u00a0\u00bb, dont le but est d\u2019organiser des \u00e9v\u00e9nements culturels, artistiques et litt\u00e9raires dans la r\u00e9gion, s\u2019investit pleinement dans la pr\u00e9paration de ce prochain salon&#8230; <\/p>\n<p>    Cet article a \u00e9t\u00e9 tronqu\u00e9. Abonnez-vous pour lire l&rsquo;article complet sur notre site.<\/p>\n<p style=\"margin: 0 !important; padding: 0 !important; font-size: 12px !important;\">Cet article a \u00e9t\u00e9 tronqu\u00e9. Abonnez-vous pour lire l&rsquo;article complet.<\/p>\n<p>    <a href=\"https:\/\/www.lanouvellerepublique.fr\/abonnements\" style=\"display: inline-block; margin-top: 5px !important; padding: 6px 12px !important; background: #cb1c27; color: white; text-decoration: none; border-radius: 4px; font-size: 12px !important;\" target=\"_blank\" rel=\"noopener\"><br \/>\n      S&rsquo;abonner<br \/>\n    <\/a><\/p>\n","protected":false},"excerpt":{"rendered":"A Montlouis-sur-Loire, le premier salon du livre, qui aura lieu les 11 et 12\u00a0octobre 2025 au Saule-Michaud, se&hellip;\n","protected":false},"author":2,"featured_media":440725,"comment_status":"","ping_status":"","sticky":false,"template":"","format":"standard","meta":{"footnotes":""},"categories":[1357],"tags":[1379,1674,58,59,1011,27,1380,1393,21131],"class_list":{"0":"post-440724","1":"post","2":"type-post","3":"status-publish","4":"format-standard","5":"has-post-thumbnail","7":"category-livres","8":"tag-books","9":"tag-communes","10":"tag-divertissement","11":"tag-entertainment","12":"tag-fr","13":"tag-france","14":"tag-livres","15":"tag-loisirs","16":"tag-montlouis-sur-loire"},"share_on_mastodon":{"url":"https:\/\/pubeurope.com\/@fr\/115321531624639721","error":""},"_links":{"self":[{"href":"https:\/\/www.europesays.com\/fr\/wp-json\/wp\/v2\/posts\/440724","targetHints":{"allow":["GET"]}}],"collection":[{"href":"https:\/\/www.europesays.com\/fr\/wp-json\/wp\/v2\/posts"}],"about":[{"href":"https:\/\/www.europesays.com\/fr\/wp-json\/wp\/v2\/types\/post"}],"author":[{"embeddable":true,"href":"https:\/\/www.europesays.com\/fr\/wp-json\/wp\/v2\/users\/2"}],"replies":[{"embeddable":true,"href":"https:\/\/www.europesays.com\/fr\/wp-json\/wp\/v2\/comments?post=440724"}],"version-history":[{"count":0,"href":"https:\/\/www.europesays.com\/fr\/wp-json\/wp\/v2\/posts\/440724\/revisions"}],"wp:featuredmedia":[{"embeddable":true,"href":"https:\/\/www.europesays.com\/fr\/wp-json\/wp\/v2\/media\/440725"}],"wp:attachment":[{"href":"https:\/\/www.europesays.com\/fr\/wp-json\/wp\/v2\/media?parent=440724"}],"wp:term":[{"taxonomy":"category","embeddable":true,"href":"https:\/\/www.europesays.com\/fr\/wp-json\/wp\/v2\/categories?post=440724"},{"taxonomy":"post_tag","embeddable":true,"href":"https:\/\/www.europesays.com\/fr\/wp-json\/wp\/v2\/tags?post=440724"}],"curies":[{"name":"wp","href":"https:\/\/api.w.org\/{rel}","templated":true}]}}