{"id":440726,"date":"2025-10-05T12:21:50","date_gmt":"2025-10-05T12:21:50","guid":{"rendered":"https:\/\/www.europesays.com\/fr\/440726\/"},"modified":"2025-10-05T12:21:50","modified_gmt":"2025-10-05T12:21:50","slug":"deux-anciennes-eleves-de-la-star-academy-invitees-de-la-finale-ce-samedi-soir","status":"publish","type":"post","link":"https:\/\/www.europesays.com\/fr\/440726\/","title":{"rendered":"Deux anciennes \u00e9l\u00e8ves de la Star Academy invit\u00e9es de la finale ce samedi soir !"},"content":{"rendered":"<p>Ce samedi 4 octobre sur TF1, pour accompagner les huit finalistes de The Voice Kids 2025, la production fera appel \u00e0 quatre artistes, dont deux personnalit\u00e9s tr\u00e8s populaires issues des deux derni\u00e8res promotions de la Star Academy. Pour l&rsquo;une d&rsquo;entre elles, cette participation aura m\u00eame des allures de revanche symbolique. Explications.<\/p>\n<p>Apr\u00e8s plusieurs semaines de comp\u00e9tition, c&rsquo;est d\u00e9j\u00e0 l&rsquo;heure du d\u00e9nouement de<a href=\"https:\/\/www.programme-tv.net\/news\/tv\/385186-the-voice-kids-date-de-diffusion-retour-de-m-pokora-nouvelle-coach-toutes-les-infos-sur-la-saison-11\/\" data-api-deeplink=\"teleloisirs:\/\/news\/385186\" target=\"_blank\" rel=\"noopener\"> The Voice Kids 2025<\/a>. Ce samedi 4 octobre \u00e0 partir de 21h10, TF1 diffusera la finale de son t\u00e9l\u00e9-crochet pr\u00e9sent\u00e9 par Nikos Aliagas. <a href=\"https:\/\/www.programme-tv.net\/news\/tv\/387678-the-voice-kids-quand-isabelle-nanty-a-t-elle-tourne-l-etape-des-groupes-diffusee-ce-samedi-sur-tf1\/\" data-api-deeplink=\"teleloisirs:\/\/news\/387678\" target=\"_blank\" rel=\"noopener\">Une finale qui intervient deux semaines apr\u00e8s la derni\u00e8re \u00e9mission<\/a>, en raison de la diffusion par la cha\u00eene d&rsquo;un num\u00e9ro du Grand Concours consacr\u00e9 aux 40 ans des Restos du c\u0153ur. La phase des groupes, v\u00e9ritable antichambre de la finale, avait accueilli <a href=\"https:\/\/www.programme-tv.net\/biographie\/6076-nanty-isabelle\/\" data-link-people=\"b406f4eb-7fbc-4510-8c5f-7753d9dc2fad\" target=\"_blank\" rel=\"noopener\">Isabelle Nanty<\/a>, <a href=\"https:\/\/www.programme-tv.net\/biographie\/136618-ducret-arnaud\/\" data-link-people=\"c6ccd587-fb2e-4cc2-accb-79e36dc93d94\" target=\"_blank\" rel=\"noopener\">Arnaud Ducret<\/a> et la chanteuse Nej pour se produire aux c\u00f4t\u00e9s des jeunes talents.<\/p>\n<p>Qui sont les finalistes de The Voice Kids 2025 ?<\/p>\n<p>Et cette finale ne d\u00e9rogera pas \u00e0 la r\u00e8gle avec <b>de nouveaux invit\u00e9s prestigieux<\/b> qui accompagneront les huit finalistes que sont Diego et Wylie (team Santa), Albert et Charlotte (team Patrick Fiori), Ella et Miriam (team Soprano) ainsi que Roxane et Kimon (team Matt Pokora). Tous ont pour ambition de succ\u00e9der \u00e0 Tim, coach\u00e9 par <a href=\"https:\/\/www.programme-tv.net\/biographie\/438-fabian-lara\/\" data-link-people=\"1e4f609c-22b1-4fa4-8844-4431644263d8\" target=\"_blank\" rel=\"noopener\">Lara Fabian<\/a>, <a href=\"https:\/\/www.programme-tv.net\/news\/tv\/362162-c-est-lui-qui-a-choisi-la-chanson-tim-gagnant-de-the-voice-kids-2024-revele-que-patrick-bruel-ne-savait-pas-qu-il-ne-connaissait-pas-son-pere\/\" data-api-deeplink=\"teleloisirs:\/\/news\/362162\" target=\"_blank\" rel=\"noopener\">qui avait remport\u00e9 la 10e saison de The Voice Kids<\/a> en octobre 2024. De son c\u00f4t\u00e9, Patrick Fiori se verrait bien <b>ajouter un cinqui\u00e8me troph\u00e9e \u00e0 son actif<\/b>, lui qui devance Matt Pokora d&rsquo;une victoire. Quant \u00e0 Soprano et \u00e0 Santa, <a href=\"https:\/\/www.programme-tv.net\/news\/tv\/387889-je-me-casse-santa-desesperee-face-a-ses-talents-dans-the-voice-kids-2025-elle-veut-quitter-le-plateau\/\" data-api-deeplink=\"teleloisirs:\/\/news\/387889\" target=\"_blank\" rel=\"noopener\">ils aimeraient bien ne pas rester \u00ab\u00a0Fanny\u00a0\u00bb<\/a>, comme on dit du c\u00f4t\u00e9 de Marseille pour \u00e9voquer un score vierge.<\/p>\n<p>                        The Voice Kids 2025 : qui sont les invit\u00e9s de la finale pr\u00e9sent\u00e9e par Nikos Aliagas ?<\/p>\n<p><b>Quatre artistes confirm\u00e9s seront pr\u00e9sents sur la sc\u00e8ne de <\/b><b>The Voice Kids<\/b><b> ce samedi. <\/b>\u00c0 commencer par <a href=\"https:\/\/www.programme-tv.net\/biographie\/46035-bent-amel\/\" data-link-people=\"b7eb1b90-651e-4c0c-b591-4e98a32341a0\" target=\"_blank\" rel=\"noopener\">Amel Bent<\/a>, qui conna\u00eet bien l&rsquo;\u00e9mission pour y avoir \u00e9t\u00e9 elle-m\u00eame coach durant les saisons 5 et 6. Figure montante de la sc\u00e8ne musicale fran\u00e7aise, Linh sera aussi de la partie. La jeune trentenaire a<a href=\"https:\/\/www.programme-tv.net\/news\/tv\/388560-eurovision-junior-2025-voici-la-candidate-vue-dans-la-france-a-un-incroyable-talent-qui-representera-la-france-cette-annee\/\" data-api-deeplink=\"teleloisirs:\/\/news\/388560\" target=\"_blank\" rel=\"noopener\"> la particularit\u00e9 d&rsquo;avoir \u00e9crit et compos\u00e9 le titre Ce monde<\/a>, que d\u00e9fendra Lou Deleuze \u00e0 l&rsquo;Eurovision Junior 2025 en d\u00e9cembre prochain. Enfin, deux anciennes \u00e9l\u00e8ves des deux derni\u00e8res promotions de la Star Academy viendront montrer toute l&rsquo;\u00e9tendue de leur talent. Il s&rsquo;agit d&rsquo;Helena, artiste belge au style affirm\u00e9 issue de la promotion 2023 et de Marine, gagnante de Star Academy 2024 <a href=\"https:\/\/www.programme-tv.net\/news\/people\/387558-canon-marine-star-academy-devoile-son-nouveau-look-il-y-a-un-gros-changement\/\" data-api-deeplink=\"teleloisirs:\/\/news\/387558\" target=\"_blank\" rel=\"noopener\">dont le nouveau look n&rsquo;est pas pass\u00e9 inaper\u00e7u<\/a>.<\/p>\n<p>            La revanche de Marine, de The Voice Kids \u00e0 la Star Academy<\/p>\n<p>Ce passage dans The Voice Kids est un joli pied de nez au pass\u00e9 pour la Nordiste, qui avait <a href=\"https:\/\/www.programme-tv.net\/news\/people\/379993-heureusement-que-personne-ne-sest-retourne-marine-star-academy-explique-pourquoi-son-echec-a-the-voice-kids-a-ete-une-chance-pour-elle\/\" data-api-deeplink=\"teleloisirs:\/\/news\/379993\" target=\"_blank\" rel=\"noopener\">tent\u00e9 sa chance dans l&rsquo;\u00e9mission sans succ\u00e8s en 2015<\/a>. Cette ann\u00e9e-l\u00e0, les fauteuils de Patrick Fiori, Jenifer et <a href=\"https:\/\/www.programme-tv.net\/biographie\/3334-bertignac-louis\/\" data-link-people=\"16a3402c-f9c9-4bf0-b9d0-fb23f92329c7\" target=\"_blank\" rel=\"noopener\">Louis Bertignac<\/a> <b>ne s&rsquo;\u00e9taient pas retourn\u00e9s.<\/b> Nul doute que Nikos Aliagas ne manquera pas de rappeler cet \u00e9pisode marquant de la vie d&rsquo;une Marine alors encore adolescente.<\/p>\n<blockquote class=\"twitter-tweet\">\n<p lang=\"fr\" dir=\"ltr\">Les Finalistes de <a href=\"https:\/\/twitter.com\/hashtag\/TheVoiceKids?src=hash&amp;ref_src=twsrc%5Etfw\" target=\"_blank\" rel=\"noopener\">#TheVoiceKids<\/a> vont vivre une soir\u00e9e magique avec des invit\u00e9s d\u2019exception \u2728<br \/>Amel Bent, H\u00e9l\u00e9na, Linh et Marine seront pr\u00e9sentes aux c\u00f4t\u00e9s des Talents pour des duos in\u00e9dits \ud83e\udd29<\/p>\n<p>RDV Samedi pour la Finale de The Voice Kids sur <a href=\"https:\/\/twitter.com\/TF1?ref_src=twsrc%5Etfw\" target=\"_blank\" rel=\"noopener\">@tf1<\/a> &amp; <a href=\"https:\/\/twitter.com\/tf1plus?ref_src=twsrc%5Etfw\" target=\"_blank\" rel=\"noopener\">@tf1plus<\/a> \u270c\ufe0f <a href=\"https:\/\/t.co\/koluwup1Z4\">pic.twitter.com\/koluwup1Z4<\/a><\/p>\n<p>\u2014 The Voice Kids\u270c\ufe0f (@TheVoice_TF1) <a href=\"https:\/\/twitter.com\/TheVoice_TF1\/status\/1973056507408531740?ref_src=twsrc%5Etfw\" target=\"_blank\" rel=\"noopener\">September 30, 2025<\/a><\/p><\/blockquote>\n<p>        <script async src=\"https:\/\/platform.twitter.com\/widgets.js\" charset=\"utf-8\"><\/script><\/p>\n","protected":false},"excerpt":{"rendered":"Ce samedi 4 octobre sur TF1, pour accompagner les huit finalistes de The Voice Kids 2025, la production&hellip;\n","protected":false},"author":2,"featured_media":440727,"comment_status":"","ping_status":"","sticky":false,"template":"","format":"standard","meta":{"footnotes":""},"categories":[1356],"tags":[244,58,59,1011,27,10824,2886,10827,9644,10825,10826,5095,252,10828,1364],"class_list":{"0":"post-440726","1":"post","2":"type-post","3":"status-publish","4":"format-standard","5":"has-post-thumbnail","7":"category-television","8":"tag-commentaire","9":"tag-divertissement","10":"tag-entertainment","11":"tag-fr","12":"tag-france","13":"tag-m-pokora","14":"tag-matt-pokora","15":"tag-nikos-aliagas","16":"tag-patrick-fiori","17":"tag-santa-hyphen-hyphen","18":"tag-soprano","19":"tag-star-academy","20":"tag-television","21":"tag-the-voice-kids","22":"tag-tv"},"share_on_mastodon":{"url":"https:\/\/pubeurope.com\/@fr\/115321539307793748","error":""},"_links":{"self":[{"href":"https:\/\/www.europesays.com\/fr\/wp-json\/wp\/v2\/posts\/440726","targetHints":{"allow":["GET"]}}],"collection":[{"href":"https:\/\/www.europesays.com\/fr\/wp-json\/wp\/v2\/posts"}],"about":[{"href":"https:\/\/www.europesays.com\/fr\/wp-json\/wp\/v2\/types\/post"}],"author":[{"embeddable":true,"href":"https:\/\/www.europesays.com\/fr\/wp-json\/wp\/v2\/users\/2"}],"replies":[{"embeddable":true,"href":"https:\/\/www.europesays.com\/fr\/wp-json\/wp\/v2\/comments?post=440726"}],"version-history":[{"count":0,"href":"https:\/\/www.europesays.com\/fr\/wp-json\/wp\/v2\/posts\/440726\/revisions"}],"wp:featuredmedia":[{"embeddable":true,"href":"https:\/\/www.europesays.com\/fr\/wp-json\/wp\/v2\/media\/440727"}],"wp:attachment":[{"href":"https:\/\/www.europesays.com\/fr\/wp-json\/wp\/v2\/media?parent=440726"}],"wp:term":[{"taxonomy":"category","embeddable":true,"href":"https:\/\/www.europesays.com\/fr\/wp-json\/wp\/v2\/categories?post=440726"},{"taxonomy":"post_tag","embeddable":true,"href":"https:\/\/www.europesays.com\/fr\/wp-json\/wp\/v2\/tags?post=440726"}],"curies":[{"name":"wp","href":"https:\/\/api.w.org\/{rel}","templated":true}]}}