{"id":440740,"date":"2025-10-05T12:30:19","date_gmt":"2025-10-05T12:30:19","guid":{"rendered":"https:\/\/www.europesays.com\/fr\/440740\/"},"modified":"2025-10-05T12:30:19","modified_gmt":"2025-10-05T12:30:19","slug":"disparition-inquietante-a-lamballe-la-battue-citoyenne-se-poursuit-des-plongeurs-de-la-gendarmerie-inspectent-le-plan-deau-video","status":"publish","type":"post","link":"https:\/\/www.europesays.com\/fr\/440740\/","title":{"rendered":"Disparition inqui\u00e9tante\u00a0\u00e0 Lamballe\u00a0: la battue citoyenne se poursuit, des plongeurs de la gendarmerie inspectent le plan d\u2019eau [Vid\u00e9o]"},"content":{"rendered":"<p>\u00ab Plus le temps passe, plus c\u2019est inqui\u00e9tant, on a h\u00e2te de le retrouver. On est super contents que notre appel ait \u00e9t\u00e9 entendu, plusieurs b\u00e9n\u00e9voles sont \u00e0 nos c\u00f4t\u00e9s, on va pouvoir ratisser beaucoup plus large \u00bb, confie la tante d\u2019<a href=\"https:\/\/www.letelegramme.fr\/cotes-d-armor\/lamballe-armor-22400\/disparition-inquietante-dun-jeune-homme-de-19-ans-a-lamballe-6902941.php\" target=\"_blank\" rel=\"nofollow noopener\">Enzo Sarrazin<\/a>\ufeff, <a href=\"https:\/\/www.letelegramme.fr\/cotes-d-armor\/lamballe-armor-22400\/disparition-inquietante-dun-jeune-homme-de-19-ans-a-lamballe-6902941.php\" target=\"_blank\" rel=\"nofollow noopener\">jeune homme de 19 ans port\u00e9 disparu<\/a> depuis ce vendredi, \u00e0 Lamballe (22). Ce dimanche 5 octobre, une quarantaine de volontaires ont r\u00e9pondu \u00e0 l\u2019appel de la famille, en vue d\u2019organiser une battue citoyenne.\ufeff<\/p>\n<p>Le jeune homme, \u00ab psychologiquement fragile \u00bb selon ses proches, a quitt\u00e9 le domicile de sa compagne, situ\u00e9 non loin de la salle Quai des r\u00eaves, vendredi matin. \u00ab Son t\u00e9l\u00e9phone portable a \u00e9t\u00e9 g\u00e9olocalis\u00e9 pour la derni\u00e8re fois en fin de soir\u00e9e, vendredi, dans un p\u00e9rim\u00e8tre de 2 \u00e0 3 km autour de la coll\u00e9giale de Lamballe, ce qui comprend un vaste secteur \u00bb, souligne la gendarmerie, qui a r\u00e9alis\u00e9 des patrouilles terrestres aux confins de Lamballe, Saint-Aaron et La Poterie. Un h\u00e9licopt\u00e8re a \u00e9galement survol\u00e9 le secteur, samedi.<\/p>\n<p><img decoding=\"async\" src=\"https:\/\/www.europesays.com\/fr\/wp-content\/uploads\/2025\/10\/68e263bc44f4f3dd87036674.1.jpeg\" width=\"480\" height=\"300\" class=\"web_golden_m\" loading=\"lazy\" alt=\"Des plongeurs de la gendarmerie inspectent le plan d\u2019eau de La Ville-Gaudu, ce dimanche 5\u00a0octobre.\"\/>Des plongeurs de la gendarmerie inspectent le plan d\u2019eau de La Ville-Gaudu, ce dimanche 5\u00a0octobre. (Le T\u00e9l\u00e9gramme\/Corentin Le Doujet)Bois et plan d\u2019eau<\/p>\n<p>Rendez-vous a \u00e9t\u00e9 donn\u00e9 aux volontaires \u00e0 9 h, ce dimanche, sur le parking du supermarch\u00e9 Lidl, \u00e0 Lamballe. \u00ab La derni\u00e8re indication qu\u2019Enzo a donn\u00e9e, c\u2019est qu\u2019il a franchi un foss\u00e9 et un champ \u00bb, pr\u00e9cise la tante du jeune homme, dont les parents sont install\u00e9s en Guadeloupe et n\u2019\u00e9taient pas pr\u00e9sents \u00e0 Lamballe, ce dimanche matin.<\/p>\n<p>R\u00e9partis en trois groupes, les b\u00e9n\u00e9voles ont lanc\u00e9 les recherches peu apr\u00e8s 9 h 30, encadr\u00e9s par la brigade de gendarmerie de Lamballe. Les bois situ\u00e9s \u00e0 proximit\u00e9 de la zone d\u2019activit\u00e9s ont \u00e9t\u00e9 fouill\u00e9s au cours de la matin\u00e9e, sans succ\u00e8s. Une \u00e9quipe de plongeurs de la gendarmerie a \u00e9galement \u00e9t\u00e9 d\u00e9p\u00each\u00e9e sur zone, pour inspecter le plan d\u2019eau de La Ville-Gaudu.<\/p>\n<p><img decoding=\"async\" src=\"https:\/\/www.europesays.com\/fr\/wp-content\/uploads\/2025\/10\/68e263bc44f4f3dd87036673.1.jpeg\" width=\"480\" height=\"300\" class=\"web_golden_m\" loading=\"lazy\" alt=\"\u00c0 la mi-journ\u00e9e, ce dimanche 5\u00a0octobre, le jeune homme port\u00e9 disparu reste introuvable.\"\/>\u00c0 la mi-journ\u00e9e, ce dimanche 5\u00a0octobre, le jeune homme port\u00e9 disparu reste introuvable. (Le T\u00e9l\u00e9gramme\/Corentin Le Doujet)\u00ab Rendez-vous \u00e0 14 h 30 \u00e0 La Poterie \u00bb<\/p>\n<p>\u00c0 la mi-journ\u00e9e, ce dimanche, le jeune homme port\u00e9 disparu est toujours introuvable. \u00ab On se donne rendez-vous cet apr\u00e8s-midi \u00e0 14 h 30, au cimeti\u00e8re de La Poterie, pour chercher dans cette zone-l\u00e0 \u00bb, indique la belle-m\u00e8re d\u2019Enzo, \u00e0 l\u2019initiative de la battue citoyenne.<\/p>\n","protected":false},"excerpt":{"rendered":"\u00ab Plus le temps passe, plus c\u2019est inqui\u00e9tant, on a h\u00e2te de le retrouver. On est super contents&hellip;\n","protected":false},"author":2,"featured_media":440741,"comment_status":"","ping_status":"","sticky":false,"template":"","format":"standard","meta":{"footnotes":""},"categories":[4],"tags":[11,829,2171,2715,118,1011,27,2170,12,25],"class_list":{"0":"post-440740","1":"post","2":"type-post","3":"status-publish","4":"format-standard","5":"has-post-thumbnail","7":"category-france","8":"tag-actualites","9":"tag-bretagne","10":"tag-cotes-darmor","11":"tag-disparition","12":"tag-faits-divers","13":"tag-fr","14":"tag-france","15":"tag-lamballe-armor","16":"tag-news","17":"tag-republique-francaise"},"share_on_mastodon":{"url":"https:\/\/pubeurope.com\/@fr\/115321571366005499","error":""},"_links":{"self":[{"href":"https:\/\/www.europesays.com\/fr\/wp-json\/wp\/v2\/posts\/440740","targetHints":{"allow":["GET"]}}],"collection":[{"href":"https:\/\/www.europesays.com\/fr\/wp-json\/wp\/v2\/posts"}],"about":[{"href":"https:\/\/www.europesays.com\/fr\/wp-json\/wp\/v2\/types\/post"}],"author":[{"embeddable":true,"href":"https:\/\/www.europesays.com\/fr\/wp-json\/wp\/v2\/users\/2"}],"replies":[{"embeddable":true,"href":"https:\/\/www.europesays.com\/fr\/wp-json\/wp\/v2\/comments?post=440740"}],"version-history":[{"count":0,"href":"https:\/\/www.europesays.com\/fr\/wp-json\/wp\/v2\/posts\/440740\/revisions"}],"wp:featuredmedia":[{"embeddable":true,"href":"https:\/\/www.europesays.com\/fr\/wp-json\/wp\/v2\/media\/440741"}],"wp:attachment":[{"href":"https:\/\/www.europesays.com\/fr\/wp-json\/wp\/v2\/media?parent=440740"}],"wp:term":[{"taxonomy":"category","embeddable":true,"href":"https:\/\/www.europesays.com\/fr\/wp-json\/wp\/v2\/categories?post=440740"},{"taxonomy":"post_tag","embeddable":true,"href":"https:\/\/www.europesays.com\/fr\/wp-json\/wp\/v2\/tags?post=440740"}],"curies":[{"name":"wp","href":"https:\/\/api.w.org\/{rel}","templated":true}]}}