{"id":440744,"date":"2025-10-05T12:32:11","date_gmt":"2025-10-05T12:32:11","guid":{"rendered":"https:\/\/www.europesays.com\/fr\/440744\/"},"modified":"2025-10-05T12:32:11","modified_gmt":"2025-10-05T12:32:11","slug":"6-000-coureurs-et-marcheurs-mobilises-contre-le-cancer-du-sein","status":"publish","type":"post","link":"https:\/\/www.europesays.com\/fr\/440744\/","title":{"rendered":"6\u00a0000 coureurs et marcheurs mobilis\u00e9s contre le cancer du sein"},"content":{"rendered":"<p>Ce dimanche matin, plusieurs centaines de maillots roses affluent de toutes parts aux abords du Parc des Expos. Au total, c\u2019est quelque 6\u00a0000 personnes qui se sont mobilis\u00e9es aujourd\u2019hui pour courir ou marcher contre le cancer du sein, apr\u00e8s avoir r\u00e9cup\u00e9r\u00e9 la veille leur dossard et t-shirt rose. Les participants ont pu choisir parmi 3 parcours diff\u00e9rents dont le d\u00e9part \u00e9tait fix\u00e9 \u00e0 11\u00a0h\u00a0: La Grabotte (3,1\u00a0km), La Pampille (5,5\u00a0km), La Jarjille (7,9\u00a0km).<\/p>\n<p>\u00ab\u00a0On a des proches concern\u00e9s, on est sensible \u00e0 la question\u00a0\u00bb<\/p>\n<p>Apr\u00e8s un \u00e9chauffement collectif dans le hall du Parc des Expo sur fond de musique et d\u2019ambiance festive, le d\u00e9part s\u2019est fait dans une bonne ambiance g\u00e9n\u00e9rale. \u00ab\u00a0On a des proches concern\u00e9s, on est sensible \u00e0 la question\u00a0\u00bb, nous confient Sandrine et Annick du groupe les Poolettes, qui ont trouv\u00e9 l\u2019\u00e9v\u00e9nement bien organis\u00e9. \u00ab\u00a0On est 6\u00a0000 au lieu de 5000, et plus il y a de places ouvertes plus il y a de monde\u00a0!\u00a0\u00bb.<\/p>\n<p>  Des parcours d\u00e8s 4 ans<\/p>\n<p>Sandrine et Sabine profitent pour leur part de l\u2019\u00e9v\u00e9nement pour venir courir ensemble\u00a0: \u00ab\u00a0L\u2019organisation est au top, on en profite pour courir et la cause est utile\u00a0\u00bb, glissent-elles. Sylvie participe quant \u00e0 elle depuis plusieurs ann\u00e9es d\u00e9j\u00e0\u00a0: \u00ab\u00a0C\u2019est un \u00e9v\u00e9nement symbolique, on est malheureusement concern\u00e9e dans la famille par le cancer du sein. Je viens avec mon mari, mes filles\u2026\u00a0\u00bb.<\/p>\n<p>Les plus jeunes de 4 \u00e0 10 ans ont pu profiter d\u2019un parcours adapt\u00e9 nomm\u00e9 \u00ab\u00a0Les Matrus\u00a0\u00bb, de 380 \u00e0 760\u00a0m autour du Parc des Expos.<\/p>\n<p>\u00ab\u00a0C\u2019est un \u00e9v\u00e9nement symbolique\u00bb<\/p>\n<p>Groupes d\u2019amis, familles\u2026 Tous les profils se retrouvent pour cette septi\u00e8me \u00e9dition de la Saint\u00e9 Rose, qui s\u2019inscrit dans le cadre d&rsquo;\u00ab\u00a0Octobre rose\u00a0\u00bb, campagne de sensibilisation \u00e0 la question du cancer du sein et \u00e0 son d\u00e9pistage pour les femmes. La Saint\u00e9 Rose permet \u00e0 l\u2019association organisatrice de r\u00e9colter des fonds pour la Ligue contre le cancer Loire tout en \u00ab\u00a0sensibilisant sur les bienfaits de l\u2019activit\u00e9 physique et pr\u00e9ventive\u00a0\u00bb. L\u2019ann\u00e9e derni\u00e8re, un ch\u00e8que de 60\u00a0000\u00a0euros avait \u00e9t\u00e9 revers\u00e9 \u00e0 la Ligue contre le cancer. Les b\u00e9n\u00e9fices d\u00e9gag\u00e9s financent quant \u00e0 eux \u00ab\u00a0les soins de support propos\u00e9s pendant et apr\u00e8s les traitements\u00a0\u00bb.<\/p>\n<p>Plusieurs stands (CHU Saint-Etienne, Ligue contre le cancer Loire) sont pr\u00e9sents sur place pour assurer l\u2019accueil et la distribution d\u2019informations relatives au cancer du sein. \u00ab\u00a0L\u2019ambiance est chaude et sympathique, on a de bons contacts avec les participants\u2026 Beaucoup viennent s\u2019informer, dont des enfants avec leurs parents\u00a0\u00bb, notent Pierre, Annie et Martine du stand de la Ligue contre le cancer Loire.<\/p>\n","protected":false},"excerpt":{"rendered":"Ce dimanche matin, plusieurs centaines de maillots roses affluent de toutes parts aux abords du Parc des Expos.&hellip;\n","protected":false},"author":2,"featured_media":440745,"comment_status":"","ping_status":"","sticky":false,"template":"","format":"standard","meta":{"footnotes":""},"categories":[9653],"tags":[1111,11,2430,7539,1777,674,1011,27,12,54321,25,4001,7538,104,1631],"class_list":{"0":"post-440744","1":"post","2":"type-post","3":"status-publish","4":"format-standard","5":"has-post-thumbnail","7":"category-saint-etienne","8":"tag-actu","9":"tag-actualites","10":"tag-auvergne-rhone-alpes","11":"tag-edition-loire-sud","12":"tag-eu","13":"tag-europe","14":"tag-fr","15":"tag-france","16":"tag-news","17":"tag-octobre-rose","18":"tag-republique-francaise","19":"tag-saint-etienne","20":"tag-saint-etienne-ville","21":"tag-societe","22":"tag-vie-associative"},"share_on_mastodon":{"url":"https:\/\/pubeurope.com\/@fr\/115321578669833888","error":""},"_links":{"self":[{"href":"https:\/\/www.europesays.com\/fr\/wp-json\/wp\/v2\/posts\/440744","targetHints":{"allow":["GET"]}}],"collection":[{"href":"https:\/\/www.europesays.com\/fr\/wp-json\/wp\/v2\/posts"}],"about":[{"href":"https:\/\/www.europesays.com\/fr\/wp-json\/wp\/v2\/types\/post"}],"author":[{"embeddable":true,"href":"https:\/\/www.europesays.com\/fr\/wp-json\/wp\/v2\/users\/2"}],"replies":[{"embeddable":true,"href":"https:\/\/www.europesays.com\/fr\/wp-json\/wp\/v2\/comments?post=440744"}],"version-history":[{"count":0,"href":"https:\/\/www.europesays.com\/fr\/wp-json\/wp\/v2\/posts\/440744\/revisions"}],"wp:featuredmedia":[{"embeddable":true,"href":"https:\/\/www.europesays.com\/fr\/wp-json\/wp\/v2\/media\/440745"}],"wp:attachment":[{"href":"https:\/\/www.europesays.com\/fr\/wp-json\/wp\/v2\/media?parent=440744"}],"wp:term":[{"taxonomy":"category","embeddable":true,"href":"https:\/\/www.europesays.com\/fr\/wp-json\/wp\/v2\/categories?post=440744"},{"taxonomy":"post_tag","embeddable":true,"href":"https:\/\/www.europesays.com\/fr\/wp-json\/wp\/v2\/tags?post=440744"}],"curies":[{"name":"wp","href":"https:\/\/api.w.org\/{rel}","templated":true}]}}