{"id":440746,"date":"2025-10-05T12:33:11","date_gmt":"2025-10-05T12:33:11","guid":{"rendered":"https:\/\/www.europesays.com\/fr\/440746\/"},"modified":"2025-10-05T12:33:11","modified_gmt":"2025-10-05T12:33:11","slug":"saint-etienne-les-artisans-de-la-capeb-loire-vont-construire-le-nouveau-siege-du-syndicat","status":"publish","type":"post","link":"https:\/\/www.europesays.com\/fr\/440746\/","title":{"rendered":"Saint-\u00c9tienne. Les artisans de la Capeb Loire vont construire le nouveau si\u00e8ge du syndicat"},"content":{"rendered":"<p>Elle est install\u00e9e ici, dans un b\u00e2timent de 900\u00a0m\u00b2 au c\u0153ur du Technopole de Saint-\u00c9tienne, juste \u00e0 c\u00f4t\u00e9 de la Chambre de m\u00e9tiers et de l\u2019artisanat, depuis le milieu des ann\u00e9es 90. Mais ses locaux ne sont d\u00e9sormais plus adapt\u00e9s \u00e0 ses ambitions, explique-t-elle.<\/p>\n<p>D\u2019ici deux \u00e0 trois ans, la Conf\u00e9d\u00e9ration de l\u2019Artisanat et des Petites Entreprises du B\u00e2timent de la Loire, qui f\u00e9d\u00e8re 800 adh\u00e9rents, devrait pouvoir prendre ses quartiers dans un nouveau b\u00e2timent flambant neuf de 3\u00a0500\u00a0m\u00b2. Le permis de construire a \u00e9t\u00e9 d\u00e9livr\u00e9 r\u00e9cemment.<\/p>\n<p>Le site est id\u00e9alement situ\u00e9<\/p>\n<p>L\u2019histoire a commenc\u00e9 il y a deux ans, lorsque son locataire (qui occupait tout le rez-de-chauss\u00e9e), l\u2019\u00c9cole de la deuxi\u00e8me chance, a&#8230;<\/p>\n","protected":false},"excerpt":{"rendered":"Elle est install\u00e9e ici, dans un b\u00e2timent de 900\u00a0m\u00b2 au c\u0153ur du Technopole de Saint-\u00c9tienne, juste \u00e0 c\u00f4t\u00e9&hellip;\n","protected":false},"author":2,"featured_media":440747,"comment_status":"","ping_status":"","sticky":false,"template":"","format":"standard","meta":{"footnotes":""},"categories":[9653],"tags":[1111,11,1477,2430,4749,33,7539,1777,674,1011,27,3367,12,25,4001,7538],"class_list":{"0":"post-440746","1":"post","2":"type-post","3":"status-publish","4":"format-standard","5":"has-post-thumbnail","7":"category-saint-etienne","8":"tag-actu","9":"tag-actualites","10":"tag-artisanat","11":"tag-auvergne-rhone-alpes","12":"tag-btp-et-chantiers","13":"tag-economie","14":"tag-edition-loire-sud","15":"tag-eu","16":"tag-europe","17":"tag-fr","18":"tag-france","19":"tag-loire","20":"tag-news","21":"tag-republique-francaise","22":"tag-saint-etienne","23":"tag-saint-etienne-ville"},"share_on_mastodon":{"url":"https:\/\/pubeurope.com\/@fr\/115321582777477920","error":""},"_links":{"self":[{"href":"https:\/\/www.europesays.com\/fr\/wp-json\/wp\/v2\/posts\/440746","targetHints":{"allow":["GET"]}}],"collection":[{"href":"https:\/\/www.europesays.com\/fr\/wp-json\/wp\/v2\/posts"}],"about":[{"href":"https:\/\/www.europesays.com\/fr\/wp-json\/wp\/v2\/types\/post"}],"author":[{"embeddable":true,"href":"https:\/\/www.europesays.com\/fr\/wp-json\/wp\/v2\/users\/2"}],"replies":[{"embeddable":true,"href":"https:\/\/www.europesays.com\/fr\/wp-json\/wp\/v2\/comments?post=440746"}],"version-history":[{"count":0,"href":"https:\/\/www.europesays.com\/fr\/wp-json\/wp\/v2\/posts\/440746\/revisions"}],"wp:featuredmedia":[{"embeddable":true,"href":"https:\/\/www.europesays.com\/fr\/wp-json\/wp\/v2\/media\/440747"}],"wp:attachment":[{"href":"https:\/\/www.europesays.com\/fr\/wp-json\/wp\/v2\/media?parent=440746"}],"wp:term":[{"taxonomy":"category","embeddable":true,"href":"https:\/\/www.europesays.com\/fr\/wp-json\/wp\/v2\/categories?post=440746"},{"taxonomy":"post_tag","embeddable":true,"href":"https:\/\/www.europesays.com\/fr\/wp-json\/wp\/v2\/tags?post=440746"}],"curies":[{"name":"wp","href":"https:\/\/api.w.org\/{rel}","templated":true}]}}