{"id":440754,"date":"2025-10-05T12:38:12","date_gmt":"2025-10-05T12:38:12","guid":{"rendered":"https:\/\/www.europesays.com\/fr\/440754\/"},"modified":"2025-10-05T12:38:12","modified_gmt":"2025-10-05T12:38:12","slug":"serin-aurait-tranche-pour-son-avenir-la-fin-du-feuilleton-pour-le-rct-et-le-mhr","status":"publish","type":"post","link":"https:\/\/www.europesays.com\/fr\/440754\/","title":{"rendered":"Serin aurait tranch\u00e9 pour son avenir, la fin du feuilleton pour le RCT et le MHR ?"},"content":{"rendered":"<p>Le feuilleton semble toucher \u00e0 sa fin. Depuis de longs mois, l\u2019avenir de Baptiste Serin attise les curiosit\u00e9s. En <a href=\"https:\/\/www.quinzemondial.com\/top-14\/toulon-serin-evoque-son-avenir-et-sa-fin-de-contrat-avec-le-rct-818235\" rel=\"nofollow noopener\" target=\"_blank\">fin de contrat avec le Rugby Club Toulonnais,<\/a> le demi de m\u00eal\u00e9e a un temps sembl\u00e9 dans le viseur de l\u2019UBB, son club formateur, avant que le choix ne se r\u00e9sume \u00e0 un duel entre le RCT et le MHR. Si les Montpelli\u00e9rains lui ont fait une offre financi\u00e8re all\u00e9chante, l\u2019international fran\u00e7ais aurait d\u00e9cid\u00e9 de rester dans le Var \u00e0 en croire les informations de <a href=\"https:\/\/www.lequipe.fr\/Rugby\/Actualites\/Baptiste-serin-bien-parti-pour-prolonger-avec-toulon\/1598987\" rel=\"nofollow noopener\" target=\"_blank\">L\u2019\u00c9quipe<\/a>.<\/p>\n<p>Trois ans de plus pour Serin, White va aussi prolonger<\/p>\n<p>Les discussions seraient sur le point d\u2019aboutir entre le RCT et Baptiste Serin autour d\u2019une prolongation de contrat de trois saisons suppl\u00e9mentaires. Une bonne nouvelle pour le club varois, qui a connu un important \u00e9chec dans le dossier Menoncello. Priorit\u00e9 de Mignoni, le centre italien devrait rejoindre le Stade Toulousain. Outre Serin, Ben White va \u00e9galement prolonger \u00e0 Toulon pour deux ans, de quoi mettre fin aux sp\u00e9culations sur l\u2019arriv\u00e9e d\u2019un nouveau demi de m\u00eal\u00e9e.<\/p>\n<p>Partagez cette info avec vos amis et vos proches en cliquant ici<br \/>Pour r\u00e9sumer<\/p>\n<p>Baptiste Serin, en fin de contrat \u00e0 l\u2019issue de la saison, aurait tranch\u00e9 pour son avenir. Le demi de m\u00eal\u00e9e \u00e9tait dans le viseur de Montpellier, tandis que le Rugby Club Toulonnais voulait le conserver. Il aurait choisi de prolonger.<\/p>\n<p> <img decoding=\"async\" width=\"76\" height=\"76\" loading=\"lazy\" src=\"https:\/\/www.europesays.com\/fr\/wp-content\/uploads\/2025\/04\/avatar-quinze.png\" alt=\"Arnaud D\u00e9chelotte\"\/><\/p>\n","protected":false},"excerpt":{"rendered":"Le feuilleton semble toucher \u00e0 sa fin. Depuis de longs mois, l\u2019avenir de Baptiste Serin attise les curiosit\u00e9s.&hellip;\n","protected":false},"author":2,"featured_media":440755,"comment_status":"","ping_status":"","sticky":false,"template":"","format":"standard","meta":{"footnotes":""},"categories":[9619],"tags":[1111,11,1777,674,1011,27,12,882,25,2310],"class_list":{"0":"post-440754","1":"post","2":"type-post","3":"status-publish","4":"format-standard","5":"has-post-thumbnail","7":"category-toulon","8":"tag-actu","9":"tag-actualites","10":"tag-eu","11":"tag-europe","12":"tag-fr","13":"tag-france","14":"tag-news","15":"tag-provence-alpes-cote-dazur","16":"tag-republique-francaise","17":"tag-toulon"},"share_on_mastodon":{"url":"","error":""},"_links":{"self":[{"href":"https:\/\/www.europesays.com\/fr\/wp-json\/wp\/v2\/posts\/440754","targetHints":{"allow":["GET"]}}],"collection":[{"href":"https:\/\/www.europesays.com\/fr\/wp-json\/wp\/v2\/posts"}],"about":[{"href":"https:\/\/www.europesays.com\/fr\/wp-json\/wp\/v2\/types\/post"}],"author":[{"embeddable":true,"href":"https:\/\/www.europesays.com\/fr\/wp-json\/wp\/v2\/users\/2"}],"replies":[{"embeddable":true,"href":"https:\/\/www.europesays.com\/fr\/wp-json\/wp\/v2\/comments?post=440754"}],"version-history":[{"count":0,"href":"https:\/\/www.europesays.com\/fr\/wp-json\/wp\/v2\/posts\/440754\/revisions"}],"wp:featuredmedia":[{"embeddable":true,"href":"https:\/\/www.europesays.com\/fr\/wp-json\/wp\/v2\/media\/440755"}],"wp:attachment":[{"href":"https:\/\/www.europesays.com\/fr\/wp-json\/wp\/v2\/media?parent=440754"}],"wp:term":[{"taxonomy":"category","embeddable":true,"href":"https:\/\/www.europesays.com\/fr\/wp-json\/wp\/v2\/categories?post=440754"},{"taxonomy":"post_tag","embeddable":true,"href":"https:\/\/www.europesays.com\/fr\/wp-json\/wp\/v2\/tags?post=440754"}],"curies":[{"name":"wp","href":"https:\/\/api.w.org\/{rel}","templated":true}]}}