{"id":440759,"date":"2025-10-05T12:41:10","date_gmt":"2025-10-05T12:41:10","guid":{"rendered":"https:\/\/www.europesays.com\/fr\/440759\/"},"modified":"2025-10-05T12:41:10","modified_gmt":"2025-10-05T12:41:10","slug":"destruction-ou-rehabilitation-un-an-apres-les-habitants-du-foyer-moise-de-rouen-toujours-dans-le-flou","status":"publish","type":"post","link":"https:\/\/www.europesays.com\/fr\/440759\/","title":{"rendered":"Destruction ou r\u00e9habilitation ? Un an apr\u00e8s, les habitants du foyer Mo\u00efse de Rouen toujours dans le flou"},"content":{"rendered":"<p>            Par<br \/>\n        <strong><br \/>\n            <a href=\"https:\/\/actu.fr\/auteur\/thomas-rideau\" title=\"Consulter tous les articles de Thomas Rideau\" rel=\"nofollow noopener\" target=\"_blank\">Thomas Rideau<\/a><br \/>\n        <\/strong><\/p>\n<p>        Publi\u00e9 le<\/p>\n<p>            5 oct. 2025 \u00e0 14h18        <\/p>\n<p>Que va devenir le <strong>foyer Mo\u00efse<\/strong>\u2009? Le sujet a marqu\u00e9 la vie locale rouennaise ces derniers mois avec une opposition <strong>\u2013 plus ou moins frontale \u2013<\/strong> entre les r\u00e9sidents et la mairie de <a href=\"https:\/\/actu.fr\/normandie\/rouen_76540\" rel=\"nofollow noopener\" target=\"_blank\">Rouen (Seine-Maritime)<\/a>. Jeudi 3 octobre 2025, une d\u00e9lib\u00e9ration devait \u00eatre vot\u00e9e au conseil municipal pour acter la destruction des lieux avant de dispara\u00eetre. O\u00f9 en sommes-nous<strong> un an apr\u00e8s\u2009<\/strong>?<\/p>\n<p>\u00ab\u2009Une autre fa\u00e7on d\u2019habiter\u2009\u00bb<\/p>\n<p class=\" wall-content\">Quand on demande aux diff\u00e9rents acteurs, c\u2019est peu de dire que le son de cloche est <strong>diff\u00e9rent<\/strong>. Pour rappel, le foyer Mo\u00efse est un immeuble, dans les quartiers ouest de Rouen, qui borde la rue du m\u00eame nom. Rouen Habitat en est propri\u00e9taire et la gestion est assur\u00e9e par l\u2019association Coallia, depuis septembre\u00a02021.<\/p>\n<p class=\" wall-content\">Si le b\u00e2timent en lui-m\u00eame est une \u0153uvre d\u2019art, d\u2019apr\u00e8s l\u2019architecte <strong>Stany Cambot<\/strong>, c\u2019est surtout ce qui se passe \u00e0 l\u2019int\u00e9rieur qui m\u00e9rite le coup d\u2019\u0153il et le fait qu\u2019il ne soit pas d\u00e9moli, assurent l\u2019association <a href=\"https:\/\/actu.fr\/normandie\/rouen_76540\/a-rouen-le-collectif-echelle-inconnue-pense-la-ville-autrement_443936.html\" rel=\"nofollow noopener\" target=\"_blank\">\u00c9chelles Inconnues<\/a> et les r\u00e9sidents rencontr\u00e9s par 76actu.<\/p>\n<p class=\" wall-content\">Des travailleurs migrants venus du S\u00e9n\u00e9gal et de Mauritanie vivent entre les murs du 14, rue Mo\u00efse depuis 1969. Et au fil des ann\u00e9es, les habitants ont pli\u00e9 les murs pour que le foyer s\u2019adapte \u00e0 leurs usages. Salle de vie commune, place du village au deuxi\u00e8me \u00e9tage, cuisine commune\u2026 \u00ab\u2009Une autre fa\u00e7on d\u2019habiter\u2009\u00bb, r\u00e9sume Stany Cambot, le fondateur du groupe d\u2019architectes et artistes \u00c9chelle Inconnue, qui a pris fait et cause pour la conservation du foyer. Lui, veut mettre en avant<strong> \u00ab\u2009l\u2019innovation sociale\u2009\u00bb<\/strong> li\u00e9e \u00e0 \u00ab\u2009l\u2019histoire de l\u2019immigration qui a reconstruit Rouen\u2009\u00bb.<\/p>\n<p>La pr\u00e9fecture atteint le signal de la ville pour entamer la destruction<\/p>\n<p class=\" wall-content\">Stany Cambot prend ses yeux d\u2019architecte pour montrer son amour des lieux\u2009: \u00ab\u2009musicalit\u00e9\u2009\u00bb, \u00ab\u2009ensoleillement\u2009\u00bb, \u00ab\u2009espace exc\u00e9dentaire\u2009\u00bb\u2026 \u00ab D\u00e8s le d\u00e9but, Robert G\u00e9nermont [l\u2019architecte] a pens\u00e9 ce lieu comme <strong>un foyer au sens premier du terme<\/strong>.\u2009\u00bb<\/p>\n<p>Une \u00e9glise contre une mosqu\u00e9e<\/p>\n<p>D\u00e8s le d\u00e9part, une mosqu\u00e9e est pr\u00e9vue dans les plans, et c\u2019est m\u00eame le pr\u00e9sident de la Mauritanie qui est venue l\u2019inaugurer d\u00e8s 69. Et pour l\u2019anecdote, la construction de cette mosqu\u00e9e est en r\u00e9alit\u00e9 l\u2019objet d&rsquo;\u00ab\u2009un \u00e9change\u2009\u00bb, car, dans le m\u00eame temps, une premi\u00e8re \u00e9glise sera construite \u00e0 Nouakchott, la capitale de la Mauritanie (o\u00f9 il n\u2019y avait pas d\u2019\u00e9glise).<\/p>\n<p class=\" wall-content\">Le probl\u00e8me, c\u2019est que <strong>le lieu est en perdition<\/strong>. Plus qu\u2019une quarantaine de personnes vivent entre les murs de l\u2019\u00e9tablissement la semaine et surtout le foyer est dans un \u00e9tat d\u00e9plorable. <strong>Voire insalubre<\/strong>. \u00c9chelle Inconnue et les r\u00e9sidents se sont remont\u00e9s les manches et organisent r\u00e9guli\u00e8rement des \u00ab\u2009gestes\u2009\u00bb pour entretenir les lieux. Un immense m\u00e9nage, une officialisation d\u2019associations en pr\u00e9fecture, la pose de plaque\u2026 D\u2019autant plus que, dans le m\u00eame temps, les architectes d\u2019\u00c9chelle Inconnue planchent sur un grand projet de r\u00e9habilitation.<\/p>\n<p>Votre r\u00e9gion, votre actu !<\/p>\n<p>Recevez chaque jour les infos qui comptent pour vous.<\/p>\n<p>\t<a href=\"https:\/\/actu.fr\/newsletter\" class=\"ac-btn ac-btn--corner ac-btn--medium ac-btn--blue800\" rel=\"nofollow noopener\" target=\"_blank\">S&rsquo;incrire<\/a><br \/>\nOn en est o\u00f9\u2009?<\/p>\n<p class=\" wall-content\">\u00ab\u2009Ils ont voulu aller tr\u00e8s vite\u2009\u00bb, pense Stany Cambot en faisant r\u00e9f\u00e9rence aux \u00e9lus de la Ville de Rouen et \u00e0 la d\u00e9lib\u00e9ration finalement retir\u00e9e au dernier moment en octobre\u00a02024. Une r\u00e9union avec les r\u00e9sidents et le maire, <a href=\"https:\/\/actu.fr\/tag\/nicolas-mayer-rossignol\" rel=\"nofollow noopener\" target=\"_blank\">Nicolas Mayer-Rossignol<\/a> a eu lieu pour mettre \u00e0 plat le sujet. D\u00e9molition ou r\u00e9habilitation\u2009? L\u2019\u00e9lu n\u2019a pas voulu trancher et \u00e0 demander, selon <strong>Valentin Rasse Lambrecq<\/strong>, conseiller d\u00e9l\u00e9gu\u00e9, \u00e0 la pr\u00e9fecture de statuer. \u00ab\u2009On est toujours dans l\u2019attente du retour de la pr\u00e9fecture\u2009\u00bb, note-t-il d\u2019ailleurs.<\/p>\n<p class=\" wall-content\">\u00ab\u2009Les logements sont indignes. On ne peut pas laisser des personnes vivre dedans\u2009\u00bb, confie tout de m\u00eame le conseil municipal d\u00e9l\u00e9gu\u00e9 qui \u00e9voque un <strong>\u00ab\u2009sac de n\u0153uds r\u00e9glementaires\u2009\u00bb<\/strong> mais assure qu\u2019il y a eu des discussions avec les r\u00e9sidents. Alors\u2009? destruction ou r\u00e9habilitation\u2009? Pas de r\u00e9ponse.<\/p>\n<p class=\" wall-content\">Les services de la pr\u00e9fecture vont, d\u2019abord, dans le m\u00eame sens que la municipalit\u00e9 et constatent que \u00ab\u2009<strong>le b\u00e2timent est tr\u00e8s v\u00e9tuste<\/strong>. Il pr\u00e9sente des probl\u00e8mes d\u2019hygi\u00e8ne et de s\u00e9curit\u00e9 li\u00e9s \u00e0 la d\u00e9gradation des mat\u00e9riaux et des \u00e9quipements, \u00e0 de nombreuses difficult\u00e9s techniques et aux conditions d\u2019occupation. Il comporte des mat\u00e9riaux amiant\u00e9s.\u2009\u00bb<\/p>\n<p>Une d\u00e9molition estim\u00e9e \u00e0 7,8 M\u20ac<\/p>\n<p class=\" wall-content\">Et pour la pr\u00e9fecture, on ne parle que de <strong>l\u2019option d\u00e9molition<\/strong>. Et on rappelle que des sommes d\u2019argent importantes ont d\u00e9j\u00e0 \u00e9t\u00e9 engag\u00e9es dans le projet\u2009: \u00ab\u2009En 2024, l\u2019\u00c9tat a d\u00e9l\u00e9gu\u00e9 \u00e0 la M\u00e9tropole Rouen Normandie une enveloppe de cr\u00e9dits du Fonds national des aides \u00e0 la pierre \u00e0 hauteur de 1\u2009727\u2009250\u00a0\u20ac, repr\u00e9sentant 22\u2009% du prix de revient pr\u00e9visionnel TTC de l\u2019op\u00e9ration de d\u00e9molition\/reconstruction (7\u2009775\u2009831\u00a0\u20ac).\u2009\u00bb<\/p>\n<p class=\" wall-content\">Mais renvoi la balle \u00e0 la collectivit\u00e9 en pr\u00e9cisant que \u00ab\u2009les services de l\u2019\u00c9tat restent \u00e0 ce stade dans l\u2019attente de la d\u00e9cision du conseil municipal de Rouen autorisant la d\u00e9molition de ces logements, pour que la proc\u00e9dure puisse aller jusqu\u2019\u00e0 son terme\u2009\u00bb. Et la pr\u00e9fecture insiste\u2009: \u00ab\u2009<strong>L\u2019engagement d\u2019une proc\u00e9dure<\/strong> visant \u00e0 d\u00e9clarer le b\u00e2timent insalubre rel\u00e8ve en premier lieu du service communal d\u2019hygi\u00e8ne et de sant\u00e9, \u00e0 qui il revient d\u2019\u00e9tablir un constat d\u2019insalubrit\u00e9 et de le transmettre au pr\u00e9fet qui peut alors prendre un arr\u00eat\u00e9 pr\u00e9fectoral.\u2009\u00bb<\/p>\n<p>Contamination aux L\u00e9gionelles<\/p>\n<p class=\" wall-content\">D\u2019autant plus qu\u2019un nouveau probl\u00e8me touche la r\u00e9sidence. Celle-ci est concern\u00e9e par une contamination par<strong> les l\u00e9gionelles<\/strong>. Une bact\u00e9rie qui peut d\u00e9clencher des maladies au niveau des poumons. La pr\u00e9fecture appelle \u00e0 ce que des mesures soient prises. \u00ab\u2009En avril\u00a02025, l\u2019ARS a alert\u00e9 le pr\u00e9sident de <strong>Rouen Habitat<\/strong> et maire de Rouen du fait de la situation de contamination qui perdure et de probl\u00e9matiques d\u2019hygi\u00e8ne et de s\u00e9curit\u00e9 constat\u00e9es.\u2009\u00bb Peut-\u00eatre un nouvel argument en faveur d\u2019une d\u00e9molition\u2009?<\/p>\n<p class=\" wall-content\">Mais pour Stany Cambot, cela montre surtout que la r\u00e9sidence est d\u00e9laiss\u00e9e. \u00ab\u2009L\u2019insalubrit\u00e9 du foyer Mo\u00efse est organis\u00e9e\u2009\u00bb, tacle-t-il. \u00ab\u2009Pas d\u2019entretien\u2009\u00bb, des couloirs entiers condamn\u00e9s, <strong>une partie de la cuisine ferm\u00e9e\u2026<\/strong> \u00ab\u2009On est dans un r\u00e9visionnisme de la part des \u00e9lus de Rouen\u2009\u00bb, qui d\u00e9laissent \u00ab\u2009un lieu de rayonnement de la communaut\u00e9 s\u00e9n\u00e9galaise et mauritanienne\u2009\u00bb et un centre important \u00ab\u2009de l\u2019histoire de Rouen\u2009\u00bb. Avant d\u2019appeler \u00e0 accepter des \u00ab\u2009mani\u00e8res d\u2019habiter diff\u00e9rentes\u2009\u00bb. R\u00e9cemment interrog\u00e9 \u00e0 ce sujet, le maire de Rouen estime en substance que le gestionnaire de l\u2019immeuble doit <strong>\u00ab\u2009mieux faire\u2009\u00bb<\/strong> et rappel qu\u2019il est en attente d\u2019une d\u00e9cision juridique pour d\u00e9finitivement pencher vers une destruction ou une r\u00e9habilitation.<\/p>\n<p>Suivez l\u2019actualit\u00e9 de Rouen <a href=\"https:\/\/www.whatsapp.com\/channel\/0029VaKfnf99hXF2ddApFB1D\" rel=\"nofollow noopener\" target=\"_blank\">sur notre cha\u00eene WhatsApp<\/a> et <a href=\"https:\/\/www.tiktok.com\/@76actu.fr?lang=fr\" rel=\"nofollow noopener\" target=\"_blank\">sur notre compte TikTok<\/a><\/p>\n<p class=\" wall-content\">Personnalisez votre actualit\u00e9 en ajoutant vos villes et m\u00e9dias en favori avec <a href=\"https:\/\/moncompte.actu.fr\" title=\"D\u00e9couvez Mon Actu\" rel=\"nofollow noopener\" data-trk=\"{&quot;cta&quot;:{&quot;action&quot;:&quot;https:\\\/\\\/moncompte.actu.fr&quot;,&quot;category&quot;:&quot;mon compte&quot;,&quot;from&quot;:&quot;article footer&quot;,&quot;name&quot;:&quot;Mon actu&quot;,&quot;type&quot;:&quot;cta&quot;}}\" target=\"_blank\">Mon Actu<\/a>.<\/p>\n<p>                    <script async src=\"\/\/www.tiktok.com\/embed.js\"><\/script><\/p>\n","protected":false},"excerpt":{"rendered":"Par Thomas Rideau Publi\u00e9 le 5 oct. 2025 \u00e0 14h18 Que va devenir le foyer Mo\u00efse\u2009? Le sujet&hellip;\n","protected":false},"author":2,"featured_media":440760,"comment_status":"","ping_status":"","sticky":false,"template":"","format":"standard","meta":{"footnotes":""},"categories":[9587],"tags":[1111,11,1777,674,1011,27,1061,12,13268,5161,25,9590,104],"class_list":{"0":"post-440759","1":"post","2":"type-post","3":"status-publish","4":"format-standard","5":"has-post-thumbnail","7":"category-rouen","8":"tag-actu","9":"tag-actualites","10":"tag-eu","11":"tag-europe","12":"tag-fr","13":"tag-france","14":"tag-immigration","15":"tag-news","16":"tag-nicolas-mayer-rossignol","17":"tag-normandie","18":"tag-republique-francaise","19":"tag-rouen","20":"tag-societe"},"share_on_mastodon":{"url":"https:\/\/pubeurope.com\/@fr\/115321614052133380","error":""},"_links":{"self":[{"href":"https:\/\/www.europesays.com\/fr\/wp-json\/wp\/v2\/posts\/440759","targetHints":{"allow":["GET"]}}],"collection":[{"href":"https:\/\/www.europesays.com\/fr\/wp-json\/wp\/v2\/posts"}],"about":[{"href":"https:\/\/www.europesays.com\/fr\/wp-json\/wp\/v2\/types\/post"}],"author":[{"embeddable":true,"href":"https:\/\/www.europesays.com\/fr\/wp-json\/wp\/v2\/users\/2"}],"replies":[{"embeddable":true,"href":"https:\/\/www.europesays.com\/fr\/wp-json\/wp\/v2\/comments?post=440759"}],"version-history":[{"count":0,"href":"https:\/\/www.europesays.com\/fr\/wp-json\/wp\/v2\/posts\/440759\/revisions"}],"wp:featuredmedia":[{"embeddable":true,"href":"https:\/\/www.europesays.com\/fr\/wp-json\/wp\/v2\/media\/440760"}],"wp:attachment":[{"href":"https:\/\/www.europesays.com\/fr\/wp-json\/wp\/v2\/media?parent=440759"}],"wp:term":[{"taxonomy":"category","embeddable":true,"href":"https:\/\/www.europesays.com\/fr\/wp-json\/wp\/v2\/categories?post=440759"},{"taxonomy":"post_tag","embeddable":true,"href":"https:\/\/www.europesays.com\/fr\/wp-json\/wp\/v2\/tags?post=440759"}],"curies":[{"name":"wp","href":"https:\/\/api.w.org\/{rel}","templated":true}]}}