{"id":440764,"date":"2025-10-05T12:46:20","date_gmt":"2025-10-05T12:46:20","guid":{"rendered":"https:\/\/www.europesays.com\/fr\/440764\/"},"modified":"2025-10-05T12:46:20","modified_gmt":"2025-10-05T12:46:20","slug":"la-mediatheque-de-chantepie-se-nomme-desormais-lesperluette","status":"publish","type":"post","link":"https:\/\/www.europesays.com\/fr\/440764\/","title":{"rendered":"La m\u00e9diath\u00e8que de Chantepie se nomme d\u00e9sormais L\u2019Esperluette"},"content":{"rendered":"<p>La m\u00e9diath\u00e8que de <a href=\"https:\/\/rennes.maville.com\/bretagne\/ille-et-vilaine\/chantepie\/\" target=\"_blank\" rel=\"noopener\">Chantepie<\/a> (<a href=\"https:\/\/www.ouest-france.fr\/bretagne\/ille-et-vilaine\/\" target=\"_blank\" rel=\"noopener\">Ille-et-Vilaine<\/a>) a un nom\u00a0: L\u2019Esperluette. Mercredi 1er\u00a0octobre 2025, le comit\u00e9 de travail a lev\u00e9 le voile apr\u00e8s <a href=\"https:\/\/rennes.maville.com\/actu\/actudet_-chantepie.-quel-nom-pour-la-mediatheque-_7-6789260_actu.Htm\" target=\"_blank\" rel=\"noopener\">plusieurs mois de consultation citoyenne<\/a>. <strong>\u00ab\u00a0Pour rappel, les Cantepiens, enfants et adultes, ont pu proposer des noms pendant un mois entre le 15\u00a0avril et le 15\u00a0mai 2025. Un comit\u00e9 de travail a \u00e9t\u00e9\u00a0constitu\u00e9 avec des enfants du CMJ (Conseil municipal des jeunes), des \u00e9lus, des membres du Comit\u00e9 des seniors et des b\u00e9n\u00e9voles de la m\u00e9diath\u00e8que. Ce comit\u00e9 s\u2019est r\u00e9uni en juin et a s\u00e9lectionn\u00e9 sept noms issus de cette concertation citoyenne sur les 300\u00a0propos\u00e9s\u00a0\u00bb, <\/strong>d\u00e9taille S\u00e9bastien Mont\u00e9rieux, adjoint en charge de la culture.<\/p>\n<p>L\u2019\u00c9bullition, L\u2019Escapade, L\u2019Esperluette, L\u2019Entre 2\u00a0mots, L\u2019Imaginarium, Les Papiers bavards et L\u2019Utopie ont \u00e9t\u00e9 noms retenus.<\/p>\n<p>Pr\u00e8s de 250\u00a0votants<\/p>\n<p><strong>\u00ab\u00a0Les habitants ont eu alors tout l\u2019\u00e9t\u00e9 pour choisir leurs trois propositions pr\u00e9f\u00e9r\u00e9es, <\/strong>poursuit S\u00e9bastien Mont\u00e9rieux. <strong>Il \u00e9tait possible de voter en ligne sur la plateforme participative ou dans les urnes en mairie, \u00e0 la m\u00e9diath\u00e8que et au centre de loisirs. Pr\u00e8s de 250\u00a0votants ont particip\u00e9.\u00a0\u00bb<\/strong> L\u2019Esperluette, qui l\u2019a emport\u00e9 devant L\u2019Imaginarium et L\u2019Escapade, est le signe typographique \u201c&amp;\u201d, qui est la contraction du mot et. Il est parfois appel\u00e9 la 27e lettre de l\u2019alphabet. \u00ab<strong>\u00a0Ce signe symbolise le lien qui se cr\u00e9e entre la m\u00e9diath\u00e8que et son public avec toutes les activit\u00e9s propos\u00e9es. C\u2019est un mot insolite qui \u00e9veille la curiosit\u00e9 et qui incitera le public qui ne conna\u00eet pas encore la m\u00e9diath\u00e8que \u00e0 venir la d\u00e9couvrir<\/strong> <strong>,<\/strong> esp\u00e8re St\u00e9phanie Cabrera, responsable de la m\u00e9diath\u00e8que.<strong>\u00a0C\u2019est \u00e9galement un caract\u00e8re graphique fort, \u00e9pur\u00e9 et \u00e9l\u00e9gant.\u00a0\u00bb<\/strong><\/p>\n<p>Et S\u00e9bastien Mont\u00e9rieux d\u2019ajouter\u00a0<strong>: \u00ab\u00a0La m\u00e9diath\u00e8que\u00a0est un service municipal et plus que jamais celui des Cantepiens. Elle n\u2019a pas chang\u00e9, elle a juste maintenant un joli nom\u00a0!<\/strong>\u00a0\u00bb<\/p>\n<p><strong>M\u00e9diath\u00e8que\u00a0L\u2019Esperluette, <\/strong>86, avenue Andr\u00e9-Bonnin. Contact\u00a0: t\u00e9l. 02\u00a099\u00a041\u00a005\u00a067, mediatheque@ville-chantepie.fr\u00a0; site internet de la ville de Chantepie<\/p>\n<p>\u00a0<\/p>\n","protected":false},"excerpt":{"rendered":"La m\u00e9diath\u00e8que de Chantepie (Ille-et-Vilaine) a un nom\u00a0: L\u2019Esperluette. Mercredi 1er\u00a0octobre 2025, le comit\u00e9 de travail a lev\u00e9&hellip;\n","protected":false},"author":2,"featured_media":440765,"comment_status":"","ping_status":"","sticky":false,"template":"","format":"standard","meta":{"footnotes":""},"categories":[2821],"tags":[1111,11,829,12790,18637,56759,1777,674,1011,27,16582,12,3870,3086,584,25],"class_list":{"0":"post-440764","1":"post","2":"type-post","3":"status-publish","4":"format-standard","5":"has-post-thumbnail","7":"category-rennes","8":"tag-actu","9":"tag-actualites","10":"tag-bretagne","11":"tag-chantepie","12":"tag-desormais","13":"tag-esperluette","14":"tag-eu","15":"tag-europe","16":"tag-fr","17":"tag-france","18":"tag-mediatheque","19":"tag-news","20":"tag-nomme","21":"tag-redon","22":"tag-rennes","23":"tag-republique-francaise"},"share_on_mastodon":{"url":"https:\/\/pubeurope.com\/@fr\/115321633681627077","error":""},"_links":{"self":[{"href":"https:\/\/www.europesays.com\/fr\/wp-json\/wp\/v2\/posts\/440764","targetHints":{"allow":["GET"]}}],"collection":[{"href":"https:\/\/www.europesays.com\/fr\/wp-json\/wp\/v2\/posts"}],"about":[{"href":"https:\/\/www.europesays.com\/fr\/wp-json\/wp\/v2\/types\/post"}],"author":[{"embeddable":true,"href":"https:\/\/www.europesays.com\/fr\/wp-json\/wp\/v2\/users\/2"}],"replies":[{"embeddable":true,"href":"https:\/\/www.europesays.com\/fr\/wp-json\/wp\/v2\/comments?post=440764"}],"version-history":[{"count":0,"href":"https:\/\/www.europesays.com\/fr\/wp-json\/wp\/v2\/posts\/440764\/revisions"}],"wp:featuredmedia":[{"embeddable":true,"href":"https:\/\/www.europesays.com\/fr\/wp-json\/wp\/v2\/media\/440765"}],"wp:attachment":[{"href":"https:\/\/www.europesays.com\/fr\/wp-json\/wp\/v2\/media?parent=440764"}],"wp:term":[{"taxonomy":"category","embeddable":true,"href":"https:\/\/www.europesays.com\/fr\/wp-json\/wp\/v2\/categories?post=440764"},{"taxonomy":"post_tag","embeddable":true,"href":"https:\/\/www.europesays.com\/fr\/wp-json\/wp\/v2\/tags?post=440764"}],"curies":[{"name":"wp","href":"https:\/\/api.w.org\/{rel}","templated":true}]}}