{"id":440766,"date":"2025-10-05T12:49:16","date_gmt":"2025-10-05T12:49:16","guid":{"rendered":"https:\/\/www.europesays.com\/fr\/440766\/"},"modified":"2025-10-05T12:49:16","modified_gmt":"2025-10-05T12:49:16","slug":"12-000-participantes-portees-par-la-force-collective-contre-le-cancer-du-sein","status":"publish","type":"post","link":"https:\/\/www.europesays.com\/fr\/440766\/","title":{"rendered":"12 000 participantes port\u00e9es par la force collective contre le cancer du sein"},"content":{"rendered":"<p>La Strasbourgeoise 2025 aura r\u00e9uni 12\u00a0511 porteuses \u2013 solidaires, les nombreux hommes nous pardonnerons de les englober au f\u00e9minin \u2013 d\u2019espoir \u00e0 travers leur message de pr\u00e9vention pour lutter contre le cancer du sein. Peu ou prou autant qu\u2019en 2024 (12\u00a0624) pour ce qui reste un record le dimanche matin.<\/p>\n<p>\u00ab\u00a0On ne s\u2019attendait pas \u00e0 une telle vague\u00a0\u00bb<\/p>\n<p>Si l\u2019on s\u2019en tient \u00e0 ce dimanche justement, elles ont \u00e9t\u00e9 environ 11\u00a0800 \u00e0 braver la fra\u00eecheur et l\u2019humidit\u00e9, les options cano\u00eb (550 participantes) et marche nordique (90) ayant ouvert l\u2019\u00e9dition 2025 samedi, avant la&#8230;<\/p>\n","protected":false},"excerpt":{"rendered":"La Strasbourgeoise 2025 aura r\u00e9uni 12\u00a0511 porteuses \u2013 solidaires, les nombreux hommes nous pardonnerons de les englober au&hellip;\n","protected":false},"author":2,"featured_media":440767,"comment_status":"","ping_status":"","sticky":false,"template":"","format":"standard","meta":{"footnotes":""},"categories":[2820],"tags":[1111,11,4132,2880,1777,674,107,1011,27,775,12,25,517,640,2879],"class_list":{"0":"post-440766","1":"post","2":"type-post","3":"status-publish","4":"format-standard","5":"has-post-thumbnail","7":"category-strasbourg","8":"tag-actu","9":"tag-actualites","10":"tag-athletisme","11":"tag-edition-strasbourg","12":"tag-eu","13":"tag-europe","14":"tag-fil-info","15":"tag-fr","16":"tag-france","17":"tag-grand-est","18":"tag-news","19":"tag-republique-francaise","20":"tag-sport","21":"tag-strasbourg","22":"tag-strasbourg-ville"},"share_on_mastodon":{"url":"https:\/\/pubeurope.com\/@fr\/115321645615087570","error":""},"_links":{"self":[{"href":"https:\/\/www.europesays.com\/fr\/wp-json\/wp\/v2\/posts\/440766","targetHints":{"allow":["GET"]}}],"collection":[{"href":"https:\/\/www.europesays.com\/fr\/wp-json\/wp\/v2\/posts"}],"about":[{"href":"https:\/\/www.europesays.com\/fr\/wp-json\/wp\/v2\/types\/post"}],"author":[{"embeddable":true,"href":"https:\/\/www.europesays.com\/fr\/wp-json\/wp\/v2\/users\/2"}],"replies":[{"embeddable":true,"href":"https:\/\/www.europesays.com\/fr\/wp-json\/wp\/v2\/comments?post=440766"}],"version-history":[{"count":0,"href":"https:\/\/www.europesays.com\/fr\/wp-json\/wp\/v2\/posts\/440766\/revisions"}],"wp:featuredmedia":[{"embeddable":true,"href":"https:\/\/www.europesays.com\/fr\/wp-json\/wp\/v2\/media\/440767"}],"wp:attachment":[{"href":"https:\/\/www.europesays.com\/fr\/wp-json\/wp\/v2\/media?parent=440766"}],"wp:term":[{"taxonomy":"category","embeddable":true,"href":"https:\/\/www.europesays.com\/fr\/wp-json\/wp\/v2\/categories?post=440766"},{"taxonomy":"post_tag","embeddable":true,"href":"https:\/\/www.europesays.com\/fr\/wp-json\/wp\/v2\/tags?post=440766"}],"curies":[{"name":"wp","href":"https:\/\/api.w.org\/{rel}","templated":true}]}}