{"id":440768,"date":"2025-10-05T12:50:13","date_gmt":"2025-10-05T12:50:13","guid":{"rendered":"https:\/\/www.europesays.com\/fr\/440768\/"},"modified":"2025-10-05T12:50:13","modified_gmt":"2025-10-05T12:50:13","slug":"sortie-saint-laurent-du-var","status":"publish","type":"post","link":"https:\/\/www.europesays.com\/fr\/440768\/","title":{"rendered":"Sortie Saint Laurent du Var"},"content":{"rendered":"<p>Dans le cadre du Festival de la Parole et du Livre, la ville de Saint-Laurent-du-Var vous propose 3 spectacles jeune public.<\/p>\n<p>Un voyage initiatique o\u00f9 l\u2019amour et le vent soul\u00e8vent les montagnes du pass\u00e9.<\/p>\n<p>Cette BD-concert propose une nouvelle lecture de la bande dessin\u00e9e \u00e9ponyme d\u2019Am\u00e9lie Fl\u00e9chais et S\u00e9verine Gauthier (chez Delcourt jeunesse) par des musiques actuelles et sensibles prenant vie sous nos yeux.<br \/>Grand-p\u00e8re s\u2019appr\u00eate \u00e0 partir seul pour son dernier voyage. Son petit-fils lui demande de l\u2019attendre afin de trouver le vent capable de soulever les montagnes qui ont pouss\u00e9 sur son dos.<br \/>Commence alors pour l\u2019enfant un merveilleux p\u00e9riple initiatique\u2026<\/p>\n<p>D\u00e8s 5 ans.<br \/>Dur\u00e9e : 45 minutes<br \/>Deux repr\u00e9sentations pour ce spectacle : 15h et 18h<\/p>\n<p>Entr\u00e9e gratuite sur r\u00e9servation.<br \/>Les r\u00e9servations pour les spectacles jeune public seront accessibles environ deux semaines avant.<\/p>\n<p>A 15h et 18h00<\/p>\n<p>&#13;<br \/>\n\t\t\t\t Post Views: 11&#13;\n\t\t\t<\/p>\n<p><strong>\u00c0 15h00<\/strong><\/p>\n<p><strong>Auditorium France Clidat, (conservatoire)<\/strong><br \/>177, avenue du G\u00e9n\u00e9ral Leclerc,<br \/>06700 Saint-Laurent-du-Var<\/p>\n<p><a href=\"https:\/\/billetterie.saintlaurentduvar.fr\/\" target=\"_blank\" rel=\"noopener\">R\u00e9servation en ligne<\/a><\/p>\n","protected":false},"excerpt":{"rendered":"Dans le cadre du Festival de la Parole et du Livre, la ville de Saint-Laurent-du-Var vous propose 3&hellip;\n","protected":false},"author":2,"featured_media":440769,"comment_status":"","ping_status":"","sticky":false,"template":"","format":"standard","meta":{"footnotes":""},"categories":[2819],"tags":[1111,11,1777,674,1011,27,12,2401,882,25,3912],"class_list":{"0":"post-440768","1":"post","2":"type-post","3":"status-publish","4":"format-standard","5":"has-post-thumbnail","7":"category-nice","8":"tag-actu","9":"tag-actualites","10":"tag-eu","11":"tag-europe","12":"tag-fr","13":"tag-france","14":"tag-news","15":"tag-nice","16":"tag-provence-alpes-cote-dazur","17":"tag-republique-francaise","18":"tag-saint-laurent-du-var"},"share_on_mastodon":{"url":"https:\/\/pubeurope.com\/@fr\/115321649490027536","error":""},"_links":{"self":[{"href":"https:\/\/www.europesays.com\/fr\/wp-json\/wp\/v2\/posts\/440768","targetHints":{"allow":["GET"]}}],"collection":[{"href":"https:\/\/www.europesays.com\/fr\/wp-json\/wp\/v2\/posts"}],"about":[{"href":"https:\/\/www.europesays.com\/fr\/wp-json\/wp\/v2\/types\/post"}],"author":[{"embeddable":true,"href":"https:\/\/www.europesays.com\/fr\/wp-json\/wp\/v2\/users\/2"}],"replies":[{"embeddable":true,"href":"https:\/\/www.europesays.com\/fr\/wp-json\/wp\/v2\/comments?post=440768"}],"version-history":[{"count":0,"href":"https:\/\/www.europesays.com\/fr\/wp-json\/wp\/v2\/posts\/440768\/revisions"}],"wp:featuredmedia":[{"embeddable":true,"href":"https:\/\/www.europesays.com\/fr\/wp-json\/wp\/v2\/media\/440769"}],"wp:attachment":[{"href":"https:\/\/www.europesays.com\/fr\/wp-json\/wp\/v2\/media?parent=440768"}],"wp:term":[{"taxonomy":"category","embeddable":true,"href":"https:\/\/www.europesays.com\/fr\/wp-json\/wp\/v2\/categories?post=440768"},{"taxonomy":"post_tag","embeddable":true,"href":"https:\/\/www.europesays.com\/fr\/wp-json\/wp\/v2\/tags?post=440768"}],"curies":[{"name":"wp","href":"https:\/\/api.w.org\/{rel}","templated":true}]}}