{"id":440772,"date":"2025-10-05T12:52:10","date_gmt":"2025-10-05T12:52:10","guid":{"rendered":"https:\/\/www.europesays.com\/fr\/440772\/"},"modified":"2025-10-05T12:52:10","modified_gmt":"2025-10-05T12:52:10","slug":"un-collectif-de-victimes-lance-un-appel-en-loire-atlantique","status":"publish","type":"post","link":"https:\/\/www.europesays.com\/fr\/440772\/","title":{"rendered":"un collectif de victimes lance un appel en Loire-Atlantique"},"content":{"rendered":"<p>            Par<br \/>\n        <strong><br \/>\n            <a href=\"https:\/\/actu.fr\/auteur\/laurent-fortin\" title=\"Consulter tous les articles de Laurent Fortin\" target=\"_blank\" rel=\"noopener\">Laurent Fortin<\/a><br \/>\n        <\/strong><\/p>\n<p>        Publi\u00e9 le<\/p>\n<p>            5 oct. 2025 \u00e0 14h17        <\/p>\n<p>\u00c0 la suite des <b>premi\u00e8res r\u00e9v\u00e9lations d\u2019abus \u00e0 caract\u00e8re sexuel <\/b>au sein du<a href=\"https:\/\/www.saintstanislas.eu\/\" target=\"_blank\" rel=\"noopener\"> coll\u00e8ge-lyc\u00e9e priv\u00e9 catholique de Saint Stanislas<\/a> de <b>Nantes<\/b>, qui, jadis, incluait des classes primaires, un <b>collectif des victimes s\u2019est cr\u00e9\u00e9<\/b>. Six se sont en effet fait conna\u00eetre. Ce dernier lance aujourd\u2019hui<b> un appel \u00e0 t\u00e9moins pour rechercher d\u2019autres personnes ayant subi les agissements <\/b>de cet homme.<\/p>\n<p>\u00c0 Vertou, entre 1970 et 1972<\/p>\n<blockquote class=\"ac-article-quote wall-content\">\n<p>Il a \u00e9t\u00e9 \u00e9tabli de fa\u00e7on certaine qu\u2019il s\u2019agit de Mo\u00efse Bugeau, d\u00e9c\u00e9d\u00e9 en 2013 \u00e0 Nantes \u00e0 l\u2019\u00e2ge de 89 ans qui a \u00e9t\u00e9 professeur \u00e0 Saint Stanislas de 1960 \u00e0 1970. Il est incrimin\u00e9 aupr\u00e8s de l\u2019Inirr (instance nationale ind\u00e9pendante de reconnaissance et r\u00e9paration), la commission d\u2019\u00e9coute et de r\u00e9paration du dioc\u00e8se de Nantes.<\/p>\n<p>Le collectif de victimes<\/p><\/blockquote>\n<p class=\" wall-content\">Compte-tenu du profil inqui\u00e9tant du personnage, le collectif est \u00ab en <b>droit de craindre qu\u2019il ait fait ensuite d\u2019autres jeunes victimes<\/b> dans les diff\u00e9rentes paroisses o\u00f9 il fut affect\u00e9 \u00bb.<\/p>\n<p class=\" wall-content\">En effet, il a notamment \u00e9t\u00e9 vicaire \u00e0 <a href=\"https:\/\/actu.fr\/pays-de-la-loire\/vertou_44215\" target=\"_blank\" rel=\"noopener\"><b>Vertou <\/b><\/a>entre <b>1970-1972,<\/b> puis cur\u00e9, successivement \u00e0 <b>Frossay <\/b>de <b>1972 \u00e0 1981<\/b>, \u00e0 <b>Arthon-en-Retz<\/b> de <b>1981 \u00e0 1987<\/b> et enfin <b>M\u00e9sanger <\/b>et la <b>Roche-Blanche <\/b>de 1987 \u00e0 1998.<\/p>\n<p>Vid\u00e9os : en ce moment sur Actu<\/p>\n<p class=\" wall-content\">Son parcours post\u00e9rieur, comme <b>aum\u00f4nier<\/b>, ne le <b>mettra plus au contact d\u2019enfants<\/b>. \u00c0 travers cet appel, le<b> collectif souhaite :<\/b><\/p>\n<blockquote class=\"ac-article-quote wall-content\">\n<p>La recherche de la v\u00e9rit\u00e9, afin de briser la crainte et l\u2019omerta. Il s\u2019agit d\u2019un devoir de m\u00e9moire et d\u2019entraide envers les abus\u00e9s rest\u00e9s mur\u00e9s dans la solitude, la souffrance et le mutisme.<\/p>\n<\/blockquote>\n<p>Votre r\u00e9gion, votre actu !<\/p>\n<p>Recevez chaque jour les infos qui comptent pour vous.<\/p>\n<p>\t<a href=\"https:\/\/actu.fr\/newsletter\" class=\"ac-btn ac-btn--corner ac-btn--medium ac-btn--blue800\" target=\"_blank\" rel=\"noopener\">S&rsquo;incrire<\/a><br \/>\nVictimes de l\u2019abb\u00e9 Burgeau, contact : <a href=\"https:\/\/actu.fr\/cdn-cgi\/l\/email-protection\" class=\"__cf_email__\" data-cfemail=\"a9dfc0caddc0c4ccdacdccfaddfaddc8c7c0dac5c8dae9d9dbc6ddc6c787c4cc\" target=\"_blank\" rel=\"noopener\">[email\u00a0protected]<\/a> ou Pages facebook Saint Stanislas victime de l\u2019institution.<\/p>\n<p class=\" wall-content\">Personnalisez votre actualit\u00e9 en ajoutant vos villes et m\u00e9dias en favori avec <a href=\"https:\/\/moncompte.actu.fr\" title=\"D\u00e9couvez Mon Actu\" rel=\"nofollow noopener\" data-trk=\"{&quot;cta&quot;:{&quot;action&quot;:&quot;https:\\\/\\\/moncompte.actu.fr&quot;,&quot;category&quot;:&quot;mon compte&quot;,&quot;from&quot;:&quot;article footer&quot;,&quot;name&quot;:&quot;Mon actu&quot;,&quot;type&quot;:&quot;cta&quot;}}\" target=\"_blank\">Mon Actu<\/a>.<\/p>\n","protected":false},"excerpt":{"rendered":"Par Laurent Fortin Publi\u00e9 le 5 oct. 2025 \u00e0 14h17 \u00c0 la suite des premi\u00e8res r\u00e9v\u00e9lations d\u2019abus \u00e0&hellip;\n","protected":false},"author":2,"featured_media":440773,"comment_status":"","ping_status":"","sticky":false,"template":"","format":"standard","meta":{"footnotes":""},"categories":[2818],"tags":[1111,11,1777,674,1011,27,766,12,2636,4020,25,104,2900,799],"class_list":{"0":"post-440772","1":"post","2":"type-post","3":"status-publish","4":"format-standard","5":"has-post-thumbnail","7":"category-nantes","8":"tag-actu","9":"tag-actualites","10":"tag-eu","11":"tag-europe","12":"tag-fr","13":"tag-france","14":"tag-nantes","15":"tag-news","16":"tag-pays-de-la-loire","17":"tag-religion","18":"tag-republique-francaise","19":"tag-societe","20":"tag-vignoble-nantais","21":"tag-violences-sexuelles"},"share_on_mastodon":{"url":"https:\/\/pubeurope.com\/@fr\/115321657373898157","error":""},"_links":{"self":[{"href":"https:\/\/www.europesays.com\/fr\/wp-json\/wp\/v2\/posts\/440772","targetHints":{"allow":["GET"]}}],"collection":[{"href":"https:\/\/www.europesays.com\/fr\/wp-json\/wp\/v2\/posts"}],"about":[{"href":"https:\/\/www.europesays.com\/fr\/wp-json\/wp\/v2\/types\/post"}],"author":[{"embeddable":true,"href":"https:\/\/www.europesays.com\/fr\/wp-json\/wp\/v2\/users\/2"}],"replies":[{"embeddable":true,"href":"https:\/\/www.europesays.com\/fr\/wp-json\/wp\/v2\/comments?post=440772"}],"version-history":[{"count":0,"href":"https:\/\/www.europesays.com\/fr\/wp-json\/wp\/v2\/posts\/440772\/revisions"}],"wp:featuredmedia":[{"embeddable":true,"href":"https:\/\/www.europesays.com\/fr\/wp-json\/wp\/v2\/media\/440773"}],"wp:attachment":[{"href":"https:\/\/www.europesays.com\/fr\/wp-json\/wp\/v2\/media?parent=440772"}],"wp:term":[{"taxonomy":"category","embeddable":true,"href":"https:\/\/www.europesays.com\/fr\/wp-json\/wp\/v2\/categories?post=440772"},{"taxonomy":"post_tag","embeddable":true,"href":"https:\/\/www.europesays.com\/fr\/wp-json\/wp\/v2\/tags?post=440772"}],"curies":[{"name":"wp","href":"https:\/\/api.w.org\/{rel}","templated":true}]}}