{"id":440778,"date":"2025-10-05T12:56:12","date_gmt":"2025-10-05T12:56:12","guid":{"rendered":"https:\/\/www.europesays.com\/fr\/440778\/"},"modified":"2025-10-05T12:56:12","modified_gmt":"2025-10-05T12:56:12","slug":"toulouse-emprisonne-sans-motif-au-venezuela-depuis-100-jours-camilo-castro-est-use-et-malade","status":"publish","type":"post","link":"https:\/\/www.europesays.com\/fr\/440778\/","title":{"rendered":"Toulouse. Emprisonn\u00e9 sans motif au V\u00e9n\u00e9zuela depuis 100 jours, Camilo Castro est \u00ab\u00a0us\u00e9 \u00ab\u00a0et malade"},"content":{"rendered":"<p>            Par<br \/>\n        <strong><br \/>\n            <a href=\"https:\/\/actu.fr\/auteur\/lucie-2\" title=\"Consulter tous les articles de Lucie Fraisse\" rel=\"nofollow noopener\" target=\"_blank\">Lucie Fraisse<\/a><br \/>\n        <\/strong><\/p>\n<p>        Publi\u00e9 le<\/p>\n<p>            5 oct. 2025 \u00e0 8h54        <\/p>\n<p>Ce 5 octobre 2025, cela fait 100 jours que <strong>Camilo Castro<\/strong>, professeur de yoga originaire de <strong>Toulouse<\/strong><a href=\"https:\/\/actu.fr\/occitanie\/toulouse_31555\/camilo-est-otage-au-venezuela-depuis-deux-mois-a-toulouse-sa-famille-temoigne-on-y-pense-tout-le-temps_63081477.html\" rel=\"nofollow noopener\" target=\"_blank\"> est emprisonn\u00e9 sans raison dans une prison du Venezuela<\/a>. Pour la premi\u00e8re fois, le gouvernement v\u00e9n\u00e9zu\u00e9lien a reconnu\u00a0d\u00e9tenir le Toulousain et il a pu recevoir une visite consulaire.<\/p>\n<p>Quatre sorties de 20 minutes par semaine\u00a0<\/p>\n<p class=\" wall-content\">100 jours qu\u2019il croupit dans la prison Rodeo \u00e0 <strong>Caracas<\/strong>. Depuis le 26 juin dernier, Camilo Castro est enferm\u00e9 dans une cellule qu\u2019il partage avec un cod\u00e9tenu.<\/p>\n<p class=\" wall-content\">Il n\u2019a droit qu\u2019\u00e0 quatre sorties de 20 minutes par semaine, sans contact avec l\u2019ext\u00e9rieur, ni distraction. S\u2019il est correctement nourri, <strong>il vit dans des conditions d\u2019hygi\u00e8ne pr\u00e9caire<\/strong>.<\/p>\n<p>\u00c0 la fronti\u00e8re colombienne<\/p>\n<p class=\" wall-content\">Pour rappel, Camilo Castro r\u00e9sidait depuis plusieurs ann\u00e9es en<strong> Colombie.<\/strong> Pour obtenir le renouvellement de son visa en juin dernier, il passe la fronti\u00e8re v\u00e9n\u00e9zu\u00e9lienne. Et ne donne plus aucune nouvelle \u00e0 ses proches.<\/p>\n<p class=\" wall-content\">Sur place, des amis parviennent \u00e0 comprendre que Camilo Castro est d\u00e9tenu dans une prison du pays gouvern\u00e9 <a href=\"https:\/\/actu.fr\/monde\/venezuela-violentes-manifestations-apres-la-reelection-du-president-nicolas-maduro-au-moins-un-mort_61420882.html\" rel=\"nofollow noopener\" target=\"_blank\">par le tr\u00e8s contest\u00e9 Nicolas Maduro<\/a>. Sans aucune raison valable. Pour sa famille \u00e0 Toulouse, <strong>Camilo est un \u00ab\u00a0otage d\u2019Etat\u00a0\u00bb<\/strong>.<\/p>\n<p>Vid\u00e9os : en ce moment sur Actu\u00ab\u00a0Il n\u2019y a aucune raison \u00e0 son incarc\u00e9ration\u00a0\u00bb<\/p>\n<p class=\" wall-content\">\u00ab\u00a0Il n\u2019y a aucune raison officielle \u00e0 son incarc\u00e9ration, il n\u2019a \u00e9t\u00e9 condamn\u00e9 \u00e0 rien, il n\u2019y a pas eu de proc\u00e8s, expliquait ainsi son Beau-p\u00e8re Yves Gilbert \u00e0 Actu Toulouse en ao\u00fbt dernier. Quand on est arr\u00eat\u00e9 sans motif ou avec des motifs compl\u00e8tement fallacieux, uniquement pour servir de monnaie d\u2019\u00e9change, on est un otage d\u2019Etat. C\u2019est le cas de Camilo.\u00a0\u00bb<\/p>\n<p>Votre r\u00e9gion, votre actu !<\/p>\n<p>Recevez chaque jour les infos qui comptent pour vous.<\/p>\n<p>\t<a href=\"https:\/\/actu.fr\/newsletter\" class=\"ac-btn ac-btn--corner ac-btn--medium ac-btn--blue800\" rel=\"nofollow noopener\" target=\"_blank\">S&rsquo;incrire<\/a><br \/>\nUn message et une visite consulaire<\/p>\n<p class=\" wall-content\">Pour ses proches, la situation est d\u2019autant plus difficile qu\u2019ils n\u2019ont aucune nouvelle du professeur de yoga. Apr\u00e8s avoir longtemps h\u00e9sit\u00e9, ils d\u00e9cident d\u2019alerter la presse et organisent des mobilisations pour faire conna\u00eetre la situation du jeune toulousain.<\/p>\n<p class=\" wall-content\">Est-ce qui a permis de faire, tr\u00e8s l\u00e9g\u00e8rement, bouger les choses ? Camilo a pu r\u00e9cemment laisser un<strong> message t\u00e9l\u00e9phonique \u00e0 sa famille<\/strong>. Le V\u00e9n\u00e9zu\u00e9la a par ailleurs reconnu officiellement qu\u2019il le retenait en prison et a autoris\u00e9 une visite consulaire.\u00a0<\/p>\n<p class=\" wall-content\">\u00ab\u00a0Cette visite a dur\u00e9 une quarantaine de minutes, indique Yves Gilbert. Elle a permis \u00e0 Camilo de recevoir des nouvelles de l\u2019ext\u00e9rieur, sans doute pour la premi\u00e8re fois depuis son emprisonnement. Nous avons pu lui remettre <strong>quelques livres, des chaussettes et des produits d\u2019hygi\u00e8ne<\/strong>.\u00a0\u00bb<\/p>\n<p>Sa sant\u00e9 se d\u00e9grade<\/p>\n<p class=\" wall-content\">La visite a aussi permis d\u2019avoir des nouvelles sur l\u2019\u00e9tat de sant\u00e9 du jeune homme. Et elles ne sont pas brillantes : sans surprise, Camilo Castro est <strong>\u00ab\u00a0us\u00e9 et fatigu\u00e9<\/strong> par la longueur de la d\u00e9tention, l\u2019isolement et l\u2019inaction\u00a0\u00bb. Si Camilo a indiqu\u00e9 ne pas avoir subi de s\u00e9vice, son \u00e9tat de sant\u00e9 n\u2019est pour autant pas optimum. Son \u00e9tat physique se d\u00e9grade en effet, en lien avec un pneumothorax dont il a souffert il y a une vingtaine d\u2019ann\u00e9es.<\/p>\n<blockquote class=\"ac-article-quote wall-content\">\n<p>Nous sommes particuli\u00e8rement inquiets des cons\u00e9quences que cette maladie peut avoir sur son \u00e9tat de sant\u00e9 g\u00e9n\u00e9ral, actuel et \u00e0 venir, et sur les soins qui lui seront apport\u00e9s par l\u2019administration p\u00e9nitentiaire.<\/p>\n<p>    <strong>Yves Gilbert<\/strong>\n            <\/p><\/blockquote>\n<p class=\" wall-content\">Sa famille r\u00e9clame donc que Camilo Castro re\u00e7oivent des soins et qu\u2019il puisse communiquer librement avec ses proches. <strong>Et exige sa lib\u00e9ration imm\u00e9diate<\/strong> afin qu\u2019il soit remis aux autorit\u00e9s fran\u00e7aises. \u00ab\u00a0Nous continuerons \u00e0 nous mobiliser et \u00e0 utiliser tous les dispositifs juridiques dont nous disposons\u00a0\u00bb<\/p>\n<p class=\" wall-content\">Personnalisez votre actualit\u00e9 en ajoutant vos villes et m\u00e9dias en favori avec <a href=\"https:\/\/moncompte.actu.fr\" title=\"D\u00e9couvez Mon Actu\" rel=\"nofollow noopener\" data-trk=\"{&quot;cta&quot;:{&quot;action&quot;:&quot;https:\\\/\\\/moncompte.actu.fr&quot;,&quot;category&quot;:&quot;mon compte&quot;,&quot;from&quot;:&quot;article footer&quot;,&quot;name&quot;:&quot;Mon actu&quot;,&quot;type&quot;:&quot;cta&quot;}}\" target=\"_blank\">Mon Actu<\/a>.<\/p>\n","protected":false},"excerpt":{"rendered":"Par Lucie Fraisse Publi\u00e9 le 5 oct. 2025 \u00e0 8h54 Ce 5 octobre 2025, cela fait 100 jours&hellip;\n","protected":false},"author":2,"featured_media":440779,"comment_status":"","ping_status":"","sticky":false,"template":"","format":"standard","meta":{"footnotes":""},"categories":[2816],"tags":[1111,11,1777,674,1011,27,12,2680,25,104,2312],"class_list":{"0":"post-440778","1":"post","2":"type-post","3":"status-publish","4":"format-standard","5":"has-post-thumbnail","7":"category-toulouse","8":"tag-actu","9":"tag-actualites","10":"tag-eu","11":"tag-europe","12":"tag-fr","13":"tag-france","14":"tag-news","15":"tag-occitanie","16":"tag-republique-francaise","17":"tag-societe","18":"tag-toulouse"},"share_on_mastodon":{"url":"https:\/\/pubeurope.com\/@fr\/115321673289593830","error":""},"_links":{"self":[{"href":"https:\/\/www.europesays.com\/fr\/wp-json\/wp\/v2\/posts\/440778","targetHints":{"allow":["GET"]}}],"collection":[{"href":"https:\/\/www.europesays.com\/fr\/wp-json\/wp\/v2\/posts"}],"about":[{"href":"https:\/\/www.europesays.com\/fr\/wp-json\/wp\/v2\/types\/post"}],"author":[{"embeddable":true,"href":"https:\/\/www.europesays.com\/fr\/wp-json\/wp\/v2\/users\/2"}],"replies":[{"embeddable":true,"href":"https:\/\/www.europesays.com\/fr\/wp-json\/wp\/v2\/comments?post=440778"}],"version-history":[{"count":0,"href":"https:\/\/www.europesays.com\/fr\/wp-json\/wp\/v2\/posts\/440778\/revisions"}],"wp:featuredmedia":[{"embeddable":true,"href":"https:\/\/www.europesays.com\/fr\/wp-json\/wp\/v2\/media\/440779"}],"wp:attachment":[{"href":"https:\/\/www.europesays.com\/fr\/wp-json\/wp\/v2\/media?parent=440778"}],"wp:term":[{"taxonomy":"category","embeddable":true,"href":"https:\/\/www.europesays.com\/fr\/wp-json\/wp\/v2\/categories?post=440778"},{"taxonomy":"post_tag","embeddable":true,"href":"https:\/\/www.europesays.com\/fr\/wp-json\/wp\/v2\/tags?post=440778"}],"curies":[{"name":"wp","href":"https:\/\/api.w.org\/{rel}","templated":true}]}}