{"id":440782,"date":"2025-10-05T12:58:13","date_gmt":"2025-10-05T12:58:13","guid":{"rendered":"https:\/\/www.europesays.com\/fr\/440782\/"},"modified":"2025-10-05T12:58:13","modified_gmt":"2025-10-05T12:58:13","slug":"visite-ciblee-atelier-bien-etre-atelier-dautopalpation-une-soiree-au-musee-a-lille-pour-octobre-rose","status":"publish","type":"post","link":"https:\/\/www.europesays.com\/fr\/440782\/","title":{"rendered":"Visite cibl\u00e9e, atelier bien-\u00eatre, atelier d\u2019autopalpation\u2026 Une soir\u00e9e au mus\u00e9e \u00e0 Lille pour Octobre rose"},"content":{"rendered":"<p>            Par<br \/>\n        <strong><br \/>\n            <a href=\"https:\/\/actu.fr\/auteur\/amandine-vachez\" title=\"Consulter tous les articles de Amandine Vachez\" target=\"_blank\" rel=\"noopener\">Amandine Vachez<\/a><br \/>\n        <\/strong><\/p>\n<p>        Publi\u00e9 le<\/p>\n<p>            5 oct. 2025 \u00e0 13h46        <\/p>\n<p>\u00ab\u2009La vitalit\u00e9 au quotidien\u2009: r\u00e9veiller le f\u00e9minin\u2009\u00bb\u2009: voil\u00e0 la th\u00e9matique affich\u00e9e pour cette nouvelle \u00e9dition d\u2019<b>Octobre rose<\/b> au <a href=\"https:\/\/actu.fr\/tag\/palais-des-beaux-arts-de-lille\" target=\"_blank\" rel=\"noopener\">Palais des Beaux-arts<\/a> de <a href=\"https:\/\/actu.fr\/lille\/\" target=\"_blank\" rel=\"noopener\">Lille<\/a> (Nord). Avec le CHU et d\u2019autres partenaires, le mus\u00e9e a imagin\u00e9 une <b>soir\u00e9e sp\u00e9ciale<\/b>, permettant aux participants de se plonger dans une bulle de bien-\u00eatre. Le tout en rappelant l\u2019importance du d\u00e9pistage du <b>cancer du sein<\/b>, et au profit du <b>Fonds de dotation<\/b> du <a href=\"https:\/\/actu.fr\/tag\/chu-de-lille\" target=\"_blank\" rel=\"noopener\">CHU<\/a>.<\/p>\n<p>Des \u00e9v\u00e9nements pour informer et rappeler l\u2019importance du d\u00e9pistage<\/p>\n<p class=\" wall-content\">\u00ab\u2009Tout au long du mois d\u2019octobre le centre hospitalier universitaire de Lille se mobilise pour informer et sensibiliser professionnels, patients et grand public sur l\u2019importance du d\u00e9pistage du <a href=\"https:\/\/actu.fr\/tag\/cancer\" target=\"_blank\" rel=\"noopener\">cancer<\/a> du sein\u2009\u00bb, rappelle le mus\u00e9e, dans une pr\u00e9sentation de l\u2019\u00e9v\u00e9nement.<\/p>\n<p class=\" wall-content\">Une nouvelle fois, le PBA s\u2019est port\u00e9 volontaire pour s\u2019associer \u00e0 la d\u00e9marche, en proposant une soir\u00e9e exceptionnelle. Notez que <b>l\u2019int\u00e9gralit\u00e9 des recettes sera revers\u00e9e<\/b> au Fonds de dotation du CHU de Lille, au profit de l\u2019<b>am\u00e9lioration du confort des patients suivis pour un cancer.<\/b><\/p>\n<p>Ateliers, surprises culinaires, visite sur-mesure\u2026 Les participants chouchout\u00e9s<\/p>\n<p class=\" wall-content\">Voici ce qui est pr\u00e9vu, le soir du<b> jeudi 14\u00a0octobre<\/b>, pour cette 4e \u00e9dition de l\u2019\u00e9v\u00e9nement\u2009:<\/p>\n<ul class=\" wall-content\">\n<li>un parcours de visite pens\u00e9 pour l\u2019occasion<\/li>\n<li>un atelier d\u2019autopalpation avec les \u00e9quipes du CHU de Lille<\/li>\n<li>une d\u00e9monstration de la solution RIPOSTE, l\u2019escrime s\u00e9curis\u00e9e et adapt\u00e9e aux patients atteints de cancer du sein<\/li>\n<li>un atelier bien-\u00eatre anim\u00e9 par des intervenantes certifi\u00e9es en m\u00e9thode \u00ab\u2009Feldenkrais\u2009\u00bb et en \u00ab\u2009brain gym\u2009\u00bb, Fran\u00e7oise Semellaz et Christine Gabard<\/li>\n<li>un espace calligraphie avec la complicit\u00e9 de l\u2019artiste Tifalia<\/li>\n<li>des surprises culinaires r\u00e9serv\u00e9es par Cassiopa traiteur et le Palais des th\u00e9s<\/li>\n<\/ul>\n<p class=\" wall-content\">La soir\u00e9e s\u2019\u00e9tendra<b> de 18\u2009h\u200930 \u00e0 22\u2009h <\/b>au Palais des Beaux-arts, place de la R\u00e9publique \u00e0 Lille. C\u2019est ouvert \u00e0 tou\u00b7te\u00b7s. Participation libre<b> \u00e0 partir de 12\u00a0\u20ac<\/b>. Inscriptions en ligne <a href=\"https:\/\/www.helloasso.com\/associations\/fonds-de-dotation-du-chru-de-lille\/evenements\/soiree-octobre-rose-2025-palais-des-beaux-arts-de-lille-x-chu-de-lille\" target=\"_blank\" rel=\"noopener\">par ici<\/a>.<\/p>\n<p class=\" wall-content\">Personnalisez votre actualit\u00e9 en ajoutant vos villes et m\u00e9dias en favori avec <a href=\"https:\/\/moncompte.actu.fr\" title=\"D\u00e9couvez Mon Actu\" rel=\"nofollow noopener\" data-trk=\"{&quot;cta&quot;:{&quot;action&quot;:&quot;https:\\\/\\\/moncompte.actu.fr&quot;,&quot;category&quot;:&quot;mon compte&quot;,&quot;from&quot;:&quot;article footer&quot;,&quot;name&quot;:&quot;Mon actu&quot;,&quot;type&quot;:&quot;cta&quot;}}\" target=\"_blank\">Mon Actu<\/a>.<\/p>\n","protected":false},"excerpt":{"rendered":"Par Amandine Vachez Publi\u00e9 le 5 oct. 2025 \u00e0 13h46 \u00ab\u2009La vitalit\u00e9 au quotidien\u2009: r\u00e9veiller le f\u00e9minin\u2009\u00bb\u2009: voil\u00e0&hellip;\n","protected":false},"author":2,"featured_media":440783,"comment_status":"","ping_status":"","sticky":false,"template":"","format":"standard","meta":{"footnotes":""},"categories":[2815],"tags":[1111,11,101,25689,1777,674,1011,27,811,1307,12,25,71,104],"class_list":{"0":"post-440782","1":"post","2":"type-post","3":"status-publish","4":"format-standard","5":"has-post-thumbnail","7":"category-lille","8":"tag-actu","9":"tag-actualites","10":"tag-cancer","11":"tag-chu-de-lille","12":"tag-eu","13":"tag-europe","14":"tag-fr","15":"tag-france","16":"tag-hauts-de-france","17":"tag-lille","18":"tag-news","19":"tag-republique-francaise","20":"tag-sante","21":"tag-societe"},"share_on_mastodon":{"url":"https:\/\/pubeurope.com\/@fr\/115321681461075150","error":""},"_links":{"self":[{"href":"https:\/\/www.europesays.com\/fr\/wp-json\/wp\/v2\/posts\/440782","targetHints":{"allow":["GET"]}}],"collection":[{"href":"https:\/\/www.europesays.com\/fr\/wp-json\/wp\/v2\/posts"}],"about":[{"href":"https:\/\/www.europesays.com\/fr\/wp-json\/wp\/v2\/types\/post"}],"author":[{"embeddable":true,"href":"https:\/\/www.europesays.com\/fr\/wp-json\/wp\/v2\/users\/2"}],"replies":[{"embeddable":true,"href":"https:\/\/www.europesays.com\/fr\/wp-json\/wp\/v2\/comments?post=440782"}],"version-history":[{"count":0,"href":"https:\/\/www.europesays.com\/fr\/wp-json\/wp\/v2\/posts\/440782\/revisions"}],"wp:featuredmedia":[{"embeddable":true,"href":"https:\/\/www.europesays.com\/fr\/wp-json\/wp\/v2\/media\/440783"}],"wp:attachment":[{"href":"https:\/\/www.europesays.com\/fr\/wp-json\/wp\/v2\/media?parent=440782"}],"wp:term":[{"taxonomy":"category","embeddable":true,"href":"https:\/\/www.europesays.com\/fr\/wp-json\/wp\/v2\/categories?post=440782"},{"taxonomy":"post_tag","embeddable":true,"href":"https:\/\/www.europesays.com\/fr\/wp-json\/wp\/v2\/tags?post=440782"}],"curies":[{"name":"wp","href":"https:\/\/api.w.org\/{rel}","templated":true}]}}