{"id":440786,"date":"2025-10-05T13:00:16","date_gmt":"2025-10-05T13:00:16","guid":{"rendered":"https:\/\/www.europesays.com\/fr\/440786\/"},"modified":"2025-10-05T13:00:16","modified_gmt":"2025-10-05T13:00:16","slug":"la-friche-de-lescalette-en-attendant-la-saison-prochaine","status":"publish","type":"post","link":"https:\/\/www.europesays.com\/fr\/440786\/","title":{"rendered":"La Friche de l\u2019Escalette, en attendant la saison prochaine"},"content":{"rendered":"<p>C\u2019est un site qui, pour l\u2019heure, n\u2019est accessible au grand public que l\u2019\u00e9t\u00e9. Avec l\u2019arriv\u00e9e de l\u2019automne, La Friche de l\u2019Escalette a donc referm\u00e9 ses portes, gardant jalousement ses secrets. Seuls des architectes d\u2019int\u00e9rieur, d\u00e9corateurs et collectionneurs auront le privil\u00e8ge (sur rendez-vous) de p\u00e9n\u00e9trer dans l\u2019antre aux nombreux tr\u00e9sors. Situ\u00e9e sur la route des <a href=\"https:\/\/www.laprovence.com\/article\/ecoplanete\/64305307151745\/cest-gagnant-gagnant-dans-les-calanques-de-marseille-une-station-transforme-les-eaux-usees-en-chauffage\" target=\"_blank\" rel=\"noopener\">calanques de Marseille<\/a>, l\u00e0 o\u00f9 les habitations se font rares et o\u00f9 la mer ronge la roche, cette galerie d\u2019art, qui se prolonge d\u2019un parc de sculptures, regorge d\u2019une cinquantaine d\u2019\u0153uvres contemporaines, de mobilier et d\u2019objets design.<\/p>\n<p>Cr\u00e9ation moderne et contemporaine<\/p>\n<p>Des pi\u00e8ces acquises ou en d\u00e9p\u00f4t temporaire renouvel\u00e9es r\u00e9guli\u00e8rement, car ici, \u00ab\u00a0tout est \u00e0 vendre\u00a0\u00bb. On peut y voir des sculptures, c\u00e9ramiques et toiles de <a href=\"https:\/\/laprovence.com\/actu\/en-direct\/6275477\/video-le-peintre-marseillais-gerard-traquandi-en-huis-clos-au-musee-cantini.html\" target=\"_blank\" rel=\"noopener\">G\u00e9rard Traquandi<\/a>, des cr\u00e9ations de Richard Baqui\u00e9, H\u00e9lo\u00efse Bariol, Jean Amado ou encore Fran\u00e7ois Stahly. Un bungalow du Cameroun de Jean Prouv\u00e9 datant de\u00a01964 (une acquisition du propri\u00e9taire des lieux), qui servait de salle de classe et de logement pour l\u2019instituteur, tr\u00f4ne au milieu de la v\u00e9g\u00e9tation et des ruines.<\/p>\n<p>Car la particularit\u00e9 de cet endroit est qu\u2019il fait dialoguer cr\u00e9ation moderne et contemporaine avec les vestiges du pass\u00e9 industriel marseillais. La Friche de l\u2019Escalette, acquise en\u00a02011 par le galeriste parisien \u00c9ric Touchaleaume, s\u2019est en effet install\u00e9e dans une ancienne usine de plomb en activit\u00e9 de\u00a01851 \u00e0\u00a01925.<\/p>\n<p>Se balader sur ses trois hectares c\u2019est donc rencontrer l\u2019art au sens large, l\u2019Histoire et une nature qui vient reprendre ses droits sur les fours, cuves, tunnels et autres chemin\u00e9es d\u2019une \u00e9poque r\u00e9volue. Pour les saisons prochaines, l\u2019ambition est de couvrir d\u2019autres espaces de la galerie (refaite il y a deux ans), d\u2019ouvrir une buvette ou encore d\u2019accueillir des \u00e9v\u00e9nements. Des nouveaut\u00e9s sont annonc\u00e9es d\u00e8s le printemps prochain.<\/p>\n<p>Route des Goudes, impasse de l\u2019Escalette (8e) \u00e0 Marseille. friche-escalette.com<\/p>\n","protected":false},"excerpt":{"rendered":"C\u2019est un site qui, pour l\u2019heure, n\u2019est accessible au grand public que l\u2019\u00e9t\u00e9. Avec l\u2019arriv\u00e9e de l\u2019automne, La&hellip;\n","protected":false},"author":2,"featured_media":440787,"comment_status":"","ping_status":"","sticky":false,"template":"","format":"standard","meta":{"footnotes":""},"categories":[2814],"tags":[17,1111,11,32030,251,1777,674,1011,27,3009,56760,884,12,12880,882,25,3242],"class_list":{"0":"post-440786","1":"post","2":"type-post","3":"status-publish","4":"format-standard","5":"has-post-thumbnail","7":"category-marseille","8":"tag-17","9":"tag-actu","10":"tag-actualites","11":"tag-attendant","12":"tag-culture","13":"tag-eu","14":"tag-europe","15":"tag-fr","16":"tag-france","17":"tag-friche","18":"tag-lescalette","19":"tag-marseille","20":"tag-news","21":"tag-prochaine","22":"tag-provence-alpes-cote-dazur","23":"tag-republique-francaise","24":"tag-saison"},"share_on_mastodon":{"url":"https:\/\/pubeurope.com\/@fr\/115321688846136304","error":""},"_links":{"self":[{"href":"https:\/\/www.europesays.com\/fr\/wp-json\/wp\/v2\/posts\/440786","targetHints":{"allow":["GET"]}}],"collection":[{"href":"https:\/\/www.europesays.com\/fr\/wp-json\/wp\/v2\/posts"}],"about":[{"href":"https:\/\/www.europesays.com\/fr\/wp-json\/wp\/v2\/types\/post"}],"author":[{"embeddable":true,"href":"https:\/\/www.europesays.com\/fr\/wp-json\/wp\/v2\/users\/2"}],"replies":[{"embeddable":true,"href":"https:\/\/www.europesays.com\/fr\/wp-json\/wp\/v2\/comments?post=440786"}],"version-history":[{"count":0,"href":"https:\/\/www.europesays.com\/fr\/wp-json\/wp\/v2\/posts\/440786\/revisions"}],"wp:featuredmedia":[{"embeddable":true,"href":"https:\/\/www.europesays.com\/fr\/wp-json\/wp\/v2\/media\/440787"}],"wp:attachment":[{"href":"https:\/\/www.europesays.com\/fr\/wp-json\/wp\/v2\/media?parent=440786"}],"wp:term":[{"taxonomy":"category","embeddable":true,"href":"https:\/\/www.europesays.com\/fr\/wp-json\/wp\/v2\/categories?post=440786"},{"taxonomy":"post_tag","embeddable":true,"href":"https:\/\/www.europesays.com\/fr\/wp-json\/wp\/v2\/tags?post=440786"}],"curies":[{"name":"wp","href":"https:\/\/api.w.org\/{rel}","templated":true}]}}