{"id":440788,"date":"2025-10-05T13:01:10","date_gmt":"2025-10-05T13:01:10","guid":{"rendered":"https:\/\/www.europesays.com\/fr\/440788\/"},"modified":"2025-10-05T13:01:10","modified_gmt":"2025-10-05T13:01:10","slug":"une-journee-dediee-au-budget-et-aux-impots-locaux-ce-lundi-sur-bfm-marseille-provence","status":"publish","type":"post","link":"https:\/\/www.europesays.com\/fr\/440788\/","title":{"rendered":"une journ\u00e9e d\u00e9di\u00e9e au budget et aux imp\u00f4ts locaux ce lundi sur BFM Marseille Provence"},"content":{"rendered":"<p>Les \u00e9lections municipales approchent \u00e0 grand pas. Elles se tiendront les 15 et 22 mars prochain. Face \u00e0 cette \u00e9ch\u00e9ance cruciale pour les communes et les \u00e9lecteurs, l&rsquo;ensemble des cha\u00eenes BFM locales, <a href=\"https:\/\/www.laprovence.com\/article\/region\/2330534662215414\/frederic-collart-sur-bfm-marseille-je-cherche-a-constituer-une-majorite-autour-de-mon-projet\" target=\"_blank\" rel=\"nofollow noopener\">dont BFM Marseille Provence<\/a>, consacreront chaque premier lundi du mois une journ\u00e9e sp\u00e9cialise \u00e0 ce scrutin, annonce BFM TV dans un communiqu\u00e9 de presse. L&rsquo;objectif ? Permettre de faire comprendre les enjeux de cette \u00e9lection, du r\u00f4le du maire aux d\u00e9cisions locales en passant par l&rsquo;impact du maire sur le quotidien de ses administr\u00e9s.<\/p>\n<p>Ce lundi 6 octobre \u00e0 partir de 7h, un premier focus sera r\u00e9alis\u00e9 sur le budget municipal ainsi que l&rsquo;utilisation des imp\u00f4ts locaux. Des invit\u00e9s, des \u00e9clairages et des reportages sont pr\u00e9vus pour apporter des cl\u00e9s de compr\u00e9hension aux t\u00e9l\u00e9spectateurs.<\/p>\n","protected":false},"excerpt":{"rendered":"Les \u00e9lections municipales approchent \u00e0 grand pas. Elles se tiendront les 15 et 22 mars prochain. Face \u00e0&hellip;\n","protected":false},"author":2,"featured_media":440789,"comment_status":"","ping_status":"","sticky":false,"template":"","format":"standard","meta":{"footnotes":""},"categories":[2814],"tags":[17,5734,1111,11,1007,1003,14916,1777,674,1011,27,3465,884,3554,12,316,882,25,96],"class_list":{"0":"post-440788","1":"post","2":"type-post","3":"status-publish","4":"format-standard","5":"has-post-thumbnail","7":"category-marseille","8":"tag-17","9":"tag-5734","10":"tag-actu","11":"tag-actualites","12":"tag-aux","13":"tag-budget","14":"tag-dediee","15":"tag-eu","16":"tag-europe","17":"tag-fr","18":"tag-france","19":"tag-journee","20":"tag-marseille","21":"tag-municipales","22":"tag-news","23":"tag-politique","24":"tag-provence-alpes-cote-dazur","25":"tag-republique-francaise","26":"tag-une"},"share_on_mastodon":{"url":"https:\/\/pubeurope.com\/@fr\/115321692802850184","error":""},"_links":{"self":[{"href":"https:\/\/www.europesays.com\/fr\/wp-json\/wp\/v2\/posts\/440788","targetHints":{"allow":["GET"]}}],"collection":[{"href":"https:\/\/www.europesays.com\/fr\/wp-json\/wp\/v2\/posts"}],"about":[{"href":"https:\/\/www.europesays.com\/fr\/wp-json\/wp\/v2\/types\/post"}],"author":[{"embeddable":true,"href":"https:\/\/www.europesays.com\/fr\/wp-json\/wp\/v2\/users\/2"}],"replies":[{"embeddable":true,"href":"https:\/\/www.europesays.com\/fr\/wp-json\/wp\/v2\/comments?post=440788"}],"version-history":[{"count":0,"href":"https:\/\/www.europesays.com\/fr\/wp-json\/wp\/v2\/posts\/440788\/revisions"}],"wp:featuredmedia":[{"embeddable":true,"href":"https:\/\/www.europesays.com\/fr\/wp-json\/wp\/v2\/media\/440789"}],"wp:attachment":[{"href":"https:\/\/www.europesays.com\/fr\/wp-json\/wp\/v2\/media?parent=440788"}],"wp:term":[{"taxonomy":"category","embeddable":true,"href":"https:\/\/www.europesays.com\/fr\/wp-json\/wp\/v2\/categories?post=440788"},{"taxonomy":"post_tag","embeddable":true,"href":"https:\/\/www.europesays.com\/fr\/wp-json\/wp\/v2\/tags?post=440788"}],"curies":[{"name":"wp","href":"https:\/\/api.w.org\/{rel}","templated":true}]}}