{"id":440794,"date":"2025-10-05T13:05:10","date_gmt":"2025-10-05T13:05:10","guid":{"rendered":"https:\/\/www.europesays.com\/fr\/440794\/"},"modified":"2025-10-05T13:05:10","modified_gmt":"2025-10-05T13:05:10","slug":"cette-villa-dexception-et-ce-site-industriel-font-desormais-partie-du-patrimoine-dexception-francilie","status":"publish","type":"post","link":"https:\/\/www.europesays.com\/fr\/440794\/","title":{"rendered":"Cette villa d&rsquo;exception et ce site industriel font d\u00e9sormais partie du patrimoine d&rsquo;exception francilie"},"content":{"rendered":"<p>            Par<br \/>\n        <strong><br \/>\n            <a href=\"https:\/\/actu.fr\/auteur\/glenn-gillet\" title=\"Consulter tous les articles de Glenn Gillet\" rel=\"nofollow noopener\" target=\"_blank\">Glenn Gillet<\/a><br \/>\n        <\/strong><\/p>\n<p>        Publi\u00e9 le<\/p>\n<p>            5 oct. 2025 \u00e0 14h34        <\/p>\n<p>Deux sites <a href=\"https:\/\/actu.fr\/tag\/patrimoine\" rel=\"nofollow noopener\" target=\"_blank\">patrimoniaux<\/a> d\u2019exception t\u00e9moins d\u2019histoires bien diff\u00e9rentes. La <strong>Villa Bourri\u00e8res<\/strong>, situ\u00e9e \u00e0 Saint-Maur-des-Foss\u00e9s dans le (Val-de-Marne), et les v<strong>estiges du patrimoine Renault<\/strong> de Boulogne-Billancourt (Hauts-de-Seine), sont les deux seuls sites situ\u00e9s en petite couronne francilienne \u00e0 avoir re\u00e7u fin septembre le label <a href=\"https:\/\/www.iledefrance.fr\/toutes-les-actualites\/9-nouveaux-sites-recoivent-le-label-patrimoine-dinteret-regional\" rel=\"nofollow noopener\" target=\"_blank\">\u00ab\u2009Patrimoine d\u2019int\u00e9r\u00eat r\u00e9gional\u2009\u00bb<\/a>, d\u00e9cern\u00e9 par la r\u00e9gion \u00cele-de-France pour mettre en valeur des monuments m\u00e9connus.<\/p>\n<p>Des ouvrages construits aux 19e et 20e si\u00e8cles<\/p>\n<p class=\" wall-content\">Dans le Val-de-Marne, c\u2019est donc la Villa n\u00e9o-renaissance \u00ab\u2009Bourri\u00e8res\u2009\u00bb, ainsi que la galerie de clo\u00eetre n\u00e9ogothique et le puits, construits entre le milieu du 19e si\u00e8cle et au<br \/>d\u00e9but du 20e si\u00e8cle, et qui \u00ab\u2009se distinguent par leurs <strong>qualit\u00e9s esth\u00e9tiques<\/strong> et leur raret\u00e9\u2009\u00bb, qui ont \u00e9t\u00e9 labellis\u00e9s le 25\u00a0septembre \u00e0 l\u2019issue de l\u2019avis favorable d\u2019une commission permanente du conseil r\u00e9gional.<\/p>\n<p class=\" wall-content\">La villa \u00ab\u2009a \u00e9t\u00e9 construite \u00e0 l\u2019initiative d\u2019\u00c9douard Bourri\u00e8res, pharmacien parisien passionn\u00e9 d\u2019arch\u00e9ologie et propri\u00e9taire du site depuis 1858, \u00e0 qui l\u2019on doit la red\u00e9couverte des vestiges de la crypte, des chapiteaux et du mur du cellier roman de l\u2019ancienne abbaye. La villa, de style n\u00e9o-renaissance, est l\u2019\u0153uvre du fr\u00e8re du propri\u00e9taire, l\u2019architecte agenais Gustave Bourri\u00e8res, architecte d\u00e9partemental du Lot-et-Garonne impliqu\u00e9 notamment dans la restauration du ch\u00e2teau de Xaintrailles et de nombreuses \u00e9glises\u2009\u00bb, d\u00e9taille la commission.<\/p>\n<p class=\" wall-content\">Concernant le site boulonnais de Renault, ce sont les \u00ab<strong>\u2009vestiges prestigieux<\/strong> du patrimoine de l\u2019entreprise\u2009\u00bb dat\u00e9s de\u00a01919 et\u00a01928, \u00ab\u2009compos\u00e9s d\u2019un cabanon reconstitu\u00e9, souvenir du montage de la premi\u00e8re voiturette de Louis Renault, d\u2019un b\u00e2timent administratif \u00e0 la fa\u00e7ade ordonnanc\u00e9e, et du \u00ab\u2009Pont Dayd\u00e9\u2009\u00bb reliant le site aux ateliers de l\u2019\u00cele Seguin\u2009\u00bb, qui b\u00e9n\u00e9ficient du label. \u00ab\u2009Ces \u00e9l\u00e9ments doivent constituer les principaux marqueurs physiques d\u2019un parcours m\u00e9moriel relatif \u00e0 l\u2019histoire industrielle, sociale et patrimoniale des usines Renault \u00e0 Boulogne-Billancourt\u2009\u00bb, pr\u00e9cise-t-on.<\/p>\n<p class=\" wall-content\">La labellisation \u00ab\u2009Patrimoine d\u2019int\u00e9r\u00eat r\u00e9gional\u2009\u00bb, permet aux sites qui l\u2019obtiennent de b\u00e9n\u00e9ficier, de la part de la r\u00e9gion, d\u2019une aide en investissement pour la restauration du patrimoine non prot\u00e9g\u00e9 (30\u2009% des investissements couverts au maximum, plafonn\u00e9s \u00e0 50\u2009000\u00a0euros par tranche de travaux), ainsi que d\u2019une aide en fonctionnement pour sa valorisation. \u00c0 ce jour <strong>243 sites<\/strong> ont \u00e9t\u00e9 labellis\u00e9s \u00e0 travers toute l\u2019\u00cele-de-France depuis la cr\u00e9ation du dispositif en juillet\u00a02018.<\/p>\n<p class=\" wall-content\">Personnalisez votre actualit\u00e9 en ajoutant vos villes et m\u00e9dias en favori avec <a href=\"https:\/\/moncompte.actu.fr\" title=\"D\u00e9couvez Mon Actu\" rel=\"nofollow noopener\" data-trk=\"{&quot;cta&quot;:{&quot;action&quot;:&quot;https:\\\/\\\/moncompte.actu.fr&quot;,&quot;category&quot;:&quot;mon compte&quot;,&quot;from&quot;:&quot;article footer&quot;,&quot;name&quot;:&quot;Mon actu&quot;,&quot;type&quot;:&quot;cta&quot;}}\" target=\"_blank\">Mon Actu<\/a>.<\/p>\n","protected":false},"excerpt":{"rendered":"Par Glenn Gillet Publi\u00e9 le 5 oct. 2025 \u00e0 14h34 Deux sites patrimoniaux d\u2019exception t\u00e9moins d\u2019histoires bien diff\u00e9rentes.&hellip;\n","protected":false},"author":2,"featured_media":440795,"comment_status":"","ping_status":"","sticky":false,"template":"","format":"standard","meta":{"footnotes":""},"categories":[1592],"tags":[1111,11,1777,674,1011,27,937,662,12,626,2551,25,104],"class_list":{"0":"post-440794","1":"post","2":"type-post","3":"status-publish","4":"format-standard","5":"has-post-thumbnail","7":"category-ile-de-france","8":"tag-actu","9":"tag-actualites","10":"tag-eu","11":"tag-europe","12":"tag-fr","13":"tag-france","14":"tag-histoire","15":"tag-ile-de-france","16":"tag-news","17":"tag-paris","18":"tag-patrimoine","19":"tag-republique-francaise","20":"tag-societe"},"share_on_mastodon":{"url":"https:\/\/pubeurope.com\/@fr\/115321708536897813","error":""},"_links":{"self":[{"href":"https:\/\/www.europesays.com\/fr\/wp-json\/wp\/v2\/posts\/440794","targetHints":{"allow":["GET"]}}],"collection":[{"href":"https:\/\/www.europesays.com\/fr\/wp-json\/wp\/v2\/posts"}],"about":[{"href":"https:\/\/www.europesays.com\/fr\/wp-json\/wp\/v2\/types\/post"}],"author":[{"embeddable":true,"href":"https:\/\/www.europesays.com\/fr\/wp-json\/wp\/v2\/users\/2"}],"replies":[{"embeddable":true,"href":"https:\/\/www.europesays.com\/fr\/wp-json\/wp\/v2\/comments?post=440794"}],"version-history":[{"count":0,"href":"https:\/\/www.europesays.com\/fr\/wp-json\/wp\/v2\/posts\/440794\/revisions"}],"wp:featuredmedia":[{"embeddable":true,"href":"https:\/\/www.europesays.com\/fr\/wp-json\/wp\/v2\/media\/440795"}],"wp:attachment":[{"href":"https:\/\/www.europesays.com\/fr\/wp-json\/wp\/v2\/media?parent=440794"}],"wp:term":[{"taxonomy":"category","embeddable":true,"href":"https:\/\/www.europesays.com\/fr\/wp-json\/wp\/v2\/categories?post=440794"},{"taxonomy":"post_tag","embeddable":true,"href":"https:\/\/www.europesays.com\/fr\/wp-json\/wp\/v2\/tags?post=440794"}],"curies":[{"name":"wp","href":"https:\/\/api.w.org\/{rel}","templated":true}]}}