{"id":440798,"date":"2025-10-05T13:07:13","date_gmt":"2025-10-05T13:07:13","guid":{"rendered":"https:\/\/www.europesays.com\/fr\/440798\/"},"modified":"2025-10-05T13:07:13","modified_gmt":"2025-10-05T13:07:13","slug":"35-000-euros-pour-etre-bien-sapee-grace-au-contribuable-la-surprenante-sortie-de-la-maire-du-viiie-arrondissement-de-paris","status":"publish","type":"post","link":"https:\/\/www.europesays.com\/fr\/440798\/","title":{"rendered":"35 000 euros pour \u00ab \u00eatre bien sap\u00e9e \u00bb gr\u00e2ce au contribuable : la surprenante sortie de la maire du VIIIe arrondissement de Paris"},"content":{"rendered":"<p class=\"paragraph text_align_left lp-f-body-02\">En pleine pol\u00e9mique sur <a href=\"https:\/\/google.com\/search?q=site%3Aleparisien.Fr+notes+de+frais&amp;rlz=1C1GCEA_enFR1043FR1043&amp;oq=site%3Aleparisien.Fr+notes+de+frais&amp;gs_lcrp=EgZjaHJvbWUyBggAEEUYOTIGCAEQRRg60gEIMzc0M2owajSoAgCwAgE&amp;sourceid=chrome&amp;ie=UTF-8\" target=\"_self\" rel=\"noopener\">les notes de frais des maires de Paris<\/a>, c\u2019est une sortie pour le moins \u00e9tonnante. Interrog\u00e9e sur le plateau de <a href=\"https:\/\/x.com\/BFMTV\/status\/1974516749690093966?ref_src=twsrc%5Etfw%7Ctwcamp%5Etweetembed%7Ctwterm%5E1974516749690093966%7Ctwgr%5E%7Ctwcon%5Es1_&amp;ref_url=\" target=\"_self\" rel=\"\">BFMTV<\/a> samedi soir, la maire LR du VIIIe arrondissement a assum\u00e9, en toute d\u00e9contraction, son choix d\u2019avoir utilis\u00e9 <a href=\"https:\/\/www.leparisien.fr\/paris-75\/je-nai-rien-a-cacher-a-paris-le-maire-du-xviiie-eric-lejoindre-defend-ses-depenses-de-mandat-01-10-2025-AA6USEZF4BCBHJ2C6LOUPNTAAE.php\" target=\"_self\" rel=\"noopener\">35 000 euros pour ses v\u00eatements<\/a>.<\/p>\n<p class=\"paragraph text_align_left lp-f-body-02\">\u00ab Effectivement j\u2019ai cette image de maire toujours bien sap\u00e9e, toujours \u00e9l\u00e9gante, a commenc\u00e9 sereinement Jeanne d\u2019Hauteserre. <a href=\"https:\/\/www.leparisien.fr\/politique\/direct-notes-de-frais-des-elus-restaurants-voyages-quels-abus-quels-controles-posez-nous-vos-questions-02-10-2025-L4M3W2SS4JHXNGLE7NSIR27674.php\" target=\"_self\" rel=\"noopener\">Chaque maire a une enveloppe de 990 euros par mois<\/a> qu\u2019il peut utiliser comme il veut. Moi j\u2019ai pr\u00e9f\u00e9r\u00e9 m\u2019acheter des fringues pour \u00eatre bien sap\u00e9e. \u00bb<\/p>\n<p>\u00ab Remercier nos concitoyens \u00bb\u2026 pour ses v\u00eatements ?<\/p>\n<p class=\"paragraph text_align_left lp-f-body-02\">Un vocabulaire surprenant venant d\u2019une \u00e9dile, d\u2019autant plus au vu de l\u2019ampleur de <a href=\"https:\/\/www.liberation.fr\/politique\/35-779-euros-de-notes-de-frais-en-cinq-ans-jeanne-dhauteserre-une-elue-lr-de-paris-sapee-comme-jamais-20251003_IQLRYLGZ35GETDGSAGNFHPYEEQ\/\" target=\"_blank\" rel=\"noopener\">la pol\u00e9mique r\u00e9v\u00e9l\u00e9e par Lib\u00e9ration<\/a>. Dans le d\u00e9tail, elle s\u2019est achet\u00e9 des v\u00eatements de haut de gamme chez The Kooples, Sandro ou encore Maje. Sur le seul mois de d\u00e9cembre 2023, elle a d\u00e9pens\u00e9 pas moins de 7 000 euros. Dont une bonne part d\u00e9pens\u00e9 dans <a href=\"https:\/\/www.leparisien.fr\/economie\/consommation\/paris-sans-attendre-larrivee-de-shein-les-marques-presentes-au-bhv-desertent-le-grand-magasin-03-10-2025-AP6NVUQXK5G5LHU53QMT4YEFK4.php\" target=\"_self\" rel=\"noopener\">les Galeries Lafayette<\/a> ou au Printemps.<\/p>\n<p class=\"paragraph text_align_left lp-f-body-02\">\u00ab J\u2019essaye d\u2019<a href=\"https:\/\/www.leparisien.fr\/politique\/notes-de-frais-quand-les-francais-demandent-de-la-mesure-aux-elus-01-10-2025-XTDQKXN5DJG37B6VMK2KM4AMLM.php\" target=\"_self\" rel=\"noopener\">acheter des produits fran\u00e7ais<\/a> et de bonne qualit\u00e9 \u00bb, essaie-t-elle d\u2019expliquer aujourd\u2019hui. Son autre ligne de d\u00e9fense, son budget de repr\u00e9sentation qu\u2019elle n\u2019a d\u00e9pens\u00e9 que de moiti\u00e9 en 2024.<\/p>\n<blockquote class=\"twitter-tweet\">\n<p lang=\"fr\" dir=\"ltr\">Plus de 35.000 euros de notes de frais en cinq ans pour Jeanne d&rsquo;Hauteserre, maire du 8e arrondissement de Paris: elle d\u00e9taille ses d\u00e9penses sur BFMTV <a href=\"https:\/\/t.co\/PjPmY3Y1Ml\">pic.twitter.com\/PjPmY3Y1Ml<\/a><\/p>\n<p>\u2014 BFMTV (@BFMTV) <a href=\"https:\/\/twitter.com\/BFMTV\/status\/1974516749690093966?ref_src=twsrc%5Etfw\" target=\"_blank\" rel=\"noopener\">October 4, 2025<\/a><\/p><\/blockquote>\n<p class=\"paragraph text_align_left lp-f-body-02\">Avant une nouvelle remarque\u2026 g\u00eanante. \u00ab Je profite de l\u2019occasion pour remercier tous nos concitoyens qui travaillent et qui nous permettent d\u2019avoir ces indemnit\u00e9s \u00bb, a-t-elle lanc\u00e9. \u00ab C\u2019est quand m\u00eame gr\u00e2ce \u00e0 eux \u00bb, a-t-elle pr\u00e9cis\u00e9 en r\u00e9pondant \u00e0 une question d\u2019un journaliste sur le choix de remercier le contribuable pour l\u2019achat de ses v\u00eatements.<\/p>\n<p class=\"paragraph text_align_left lp-f-body-02\">\u00ab Je comprends tout \u00e0 fait qu\u2019une personne qui gagne 1 200 euros par mois soit choqu\u00e9e qu\u2019on ait droit \u00e0 990 euros de frais de repr\u00e9sentation \u00bb, a tout de m\u00eame reconnu Jeanne d\u2019Hauteserre, se disant <a href=\"https:\/\/www.leparisien.fr\/paris-75\/polemique-sur-les-frais-de-mandat-des-elus-de-paris-demandent-leur-suppression-02-10-2025-GGLLQ37S6RF5NOZXHZQCQ7WUQA.php\" target=\"_self\" rel=\"noopener\">\u00ab pour \u00bb la suppression de ses privil\u00e8ges<\/a>. Le serpent qui se mord la queue.<\/p>\n<p><script async src=\"https:\/\/platform.twitter.com\/widgets.js\" charset=\"utf-8\"><\/script><\/p>\n","protected":false},"excerpt":{"rendered":"En pleine pol\u00e9mique sur les notes de frais des maires de Paris, c\u2019est une sortie pour le moins&hellip;\n","protected":false},"author":2,"featured_media":440799,"comment_status":"","ping_status":"","sticky":false,"template":"","format":"standard","meta":{"footnotes":""},"categories":[1888],"tags":[1111,1928,11,1927,1777,674,1011,27,1944,12,1926,626,1925,19293,25],"class_list":{"0":"post-440798","1":"post","2":"type-post","3":"status-publish","4":"format-standard","5":"has-post-thumbnail","7":"category-paris","8":"tag-actu","9":"tag-actu-paris","10":"tag-actualites","11":"tag-actualites-paris","12":"tag-eu","13":"tag-europe","14":"tag-fr","15":"tag-france","16":"tag-ma-ville","17":"tag-news","18":"tag-news-paris","19":"tag-paris","20":"tag-paris-news","21":"tag-paris-75008","22":"tag-republique-francaise"},"share_on_mastodon":{"url":"https:\/\/pubeurope.com\/@fr\/115321716353531987","error":""},"_links":{"self":[{"href":"https:\/\/www.europesays.com\/fr\/wp-json\/wp\/v2\/posts\/440798","targetHints":{"allow":["GET"]}}],"collection":[{"href":"https:\/\/www.europesays.com\/fr\/wp-json\/wp\/v2\/posts"}],"about":[{"href":"https:\/\/www.europesays.com\/fr\/wp-json\/wp\/v2\/types\/post"}],"author":[{"embeddable":true,"href":"https:\/\/www.europesays.com\/fr\/wp-json\/wp\/v2\/users\/2"}],"replies":[{"embeddable":true,"href":"https:\/\/www.europesays.com\/fr\/wp-json\/wp\/v2\/comments?post=440798"}],"version-history":[{"count":0,"href":"https:\/\/www.europesays.com\/fr\/wp-json\/wp\/v2\/posts\/440798\/revisions"}],"wp:featuredmedia":[{"embeddable":true,"href":"https:\/\/www.europesays.com\/fr\/wp-json\/wp\/v2\/media\/440799"}],"wp:attachment":[{"href":"https:\/\/www.europesays.com\/fr\/wp-json\/wp\/v2\/media?parent=440798"}],"wp:term":[{"taxonomy":"category","embeddable":true,"href":"https:\/\/www.europesays.com\/fr\/wp-json\/wp\/v2\/categories?post=440798"},{"taxonomy":"post_tag","embeddable":true,"href":"https:\/\/www.europesays.com\/fr\/wp-json\/wp\/v2\/tags?post=440798"}],"curies":[{"name":"wp","href":"https:\/\/api.w.org\/{rel}","templated":true}]}}