{"id":440800,"date":"2025-10-05T13:08:12","date_gmt":"2025-10-05T13:08:12","guid":{"rendered":"https:\/\/www.europesays.com\/fr\/440800\/"},"modified":"2025-10-05T13:08:12","modified_gmt":"2025-10-05T13:08:12","slug":"saint-ouen-les-171-squatteurs-sud-americains-en-situation-irreguliere-ont-enfin-une-vraie-maison","status":"publish","type":"post","link":"https:\/\/www.europesays.com\/fr\/440800\/","title":{"rendered":"Saint-Ouen\u00a0: les 171 squatteurs sud-am\u00e9ricains, en situation irr\u00e9guli\u00e8re, ont enfin une vraie \u00ab\u00a0maison\u00a0\u00bb"},"content":{"rendered":"<p class=\"paragraph text_align_left lp-f-body-02\">La petite barre blanche et ocre am\u00e9nag\u00e9e rue Charles-Schmidt, \u00e0 Saint-Ouen, \u00e0 quelques pas du p\u00e9riph\u00e9rique revit. Depuis fin septembre, cet ensemble de pr\u00e9fabriqu\u00e9s accueille 171 ressortissants d\u2019Am\u00e9rique du Sud, principalement des Colombiens. Jusque-l\u00e0, ils vivotaient dans un squat, rue du Dr Bauer.<\/p>\n<p class=\"paragraph text_align_left lp-f-body-02\">De quoi donner un horizon et des perspectives aux occupants, tous en situation irr\u00e9guli\u00e8re. Ils avaient rejoint le squat en 2019 apr\u00e8s avoir \u00e9t\u00e9<a href=\"https:\/\/www.leparisien.fr\/seine-saint-denis-93\/un-squat-de-sud-americains-evacue-a-saint-ouen-30-07-2019-8126043.php\" target=\"_self\" rel=\"nofollow noopener\"> \u00e9vacu\u00e9s d\u2019un entrep\u00f4t voisin<\/a>. L\u2019\u00e9tat du b\u00e2timent s\u2019est rapidement d\u00e9grad\u00e9 et le squat \u00e9tait devenu dangereux. \u00ab En 2023, nous avons lanc\u00e9 une enqu\u00eate sociale afin de d\u00e9terminer quelle r\u00e9ponse apporter et \u00e0 qui \u00bb, indique le Dr Mohad Djouab, DGA charg\u00e9e des solidarit\u00e9s et de la sant\u00e9. La ville, la Drihl et l\u2019ambassade de Colombie se mettent en qu\u00eate de solutions.<\/p>\n","protected":false},"excerpt":{"rendered":"La petite barre blanche et ocre am\u00e9nag\u00e9e rue Charles-Schmidt, \u00e0 Saint-Ouen, \u00e0 quelques pas du p\u00e9riph\u00e9rique revit. Depuis&hellip;\n","protected":false},"author":2,"featured_media":440801,"comment_status":"","ping_status":"","sticky":false,"template":"","format":"standard","meta":{"footnotes":""},"categories":[1888],"tags":[11,1777,674,1011,27,1944,12,626,25,1945],"class_list":{"0":"post-440800","1":"post","2":"type-post","3":"status-publish","4":"format-standard","5":"has-post-thumbnail","7":"category-paris","8":"tag-actualites","9":"tag-eu","10":"tag-europe","11":"tag-fr","12":"tag-france","13":"tag-ma-ville","14":"tag-news","15":"tag-paris","16":"tag-republique-francaise","17":"tag-seine-saint-denis"},"share_on_mastodon":{"url":"https:\/\/pubeurope.com\/@fr\/115321720385391456","error":""},"_links":{"self":[{"href":"https:\/\/www.europesays.com\/fr\/wp-json\/wp\/v2\/posts\/440800","targetHints":{"allow":["GET"]}}],"collection":[{"href":"https:\/\/www.europesays.com\/fr\/wp-json\/wp\/v2\/posts"}],"about":[{"href":"https:\/\/www.europesays.com\/fr\/wp-json\/wp\/v2\/types\/post"}],"author":[{"embeddable":true,"href":"https:\/\/www.europesays.com\/fr\/wp-json\/wp\/v2\/users\/2"}],"replies":[{"embeddable":true,"href":"https:\/\/www.europesays.com\/fr\/wp-json\/wp\/v2\/comments?post=440800"}],"version-history":[{"count":0,"href":"https:\/\/www.europesays.com\/fr\/wp-json\/wp\/v2\/posts\/440800\/revisions"}],"wp:featuredmedia":[{"embeddable":true,"href":"https:\/\/www.europesays.com\/fr\/wp-json\/wp\/v2\/media\/440801"}],"wp:attachment":[{"href":"https:\/\/www.europesays.com\/fr\/wp-json\/wp\/v2\/media?parent=440800"}],"wp:term":[{"taxonomy":"category","embeddable":true,"href":"https:\/\/www.europesays.com\/fr\/wp-json\/wp\/v2\/categories?post=440800"},{"taxonomy":"post_tag","embeddable":true,"href":"https:\/\/www.europesays.com\/fr\/wp-json\/wp\/v2\/tags?post=440800"}],"curies":[{"name":"wp","href":"https:\/\/api.w.org\/{rel}","templated":true}]}}