{"id":440816,"date":"2025-10-05T13:16:12","date_gmt":"2025-10-05T13:16:12","guid":{"rendered":"https:\/\/www.europesays.com\/fr\/440816\/"},"modified":"2025-10-05T13:16:12","modified_gmt":"2025-10-05T13:16:12","slug":"16-milliard-deuros-pour-lespagne-apres-les-inondations-de-valence","status":"publish","type":"post","link":"https:\/\/www.europesays.com\/fr\/440816\/","title":{"rendered":"1,6 milliard d&rsquo;euros pour l\u2019Espagne apr\u00e8s les inondations de Valence"},"content":{"rendered":"<p>\t\t\tPr\u00e8s de 1,6 milliard d\u2019euros de fonds europ\u00e9ens seront mobilis\u00e9s pour aider l\u2019Espagne \u00e0 se remettre des inondations d\u00e9vastatrices qui ont frapp\u00e9 la r\u00e9gion de Valence en octobre 2024, a annonc\u00e9 la Commission europ\u00e9enne.<\/p>\n<p style=\"text-align: justify;\">L\u2019ex\u00e9cutif europ\u00e9en a propos\u00e9 au Parlement et au Conseil une aide de 945 millions d\u2019euros provenant du Fonds de solidarit\u00e9 de l\u2019Union europ\u00e9enne (FSUE), afin de soutenir les op\u00e9rations de reconstruction dans les zones sinistr\u00e9es par la temp\u00eate DANA.<\/p>\n<p style=\"text-align: justify;\">\u00c0 cette enveloppe s\u2019ajouteront 645 millions d\u2019euros r\u00e9affect\u00e9s des fonds de la politique de coh\u00e9sion de l\u2019Espagne via le m\u00e9canisme RESTORE, destin\u00e9 \u00e0 compl\u00e9ter le soutien du FSUE et \u00e0 renforcer les efforts de redressement.<\/p>\n<p style=\"text-align: justify;\">Au total, cette aide repr\u00e9sente la deuxi\u00e8me plus importante allocation de l\u2019histoire du Fonds depuis sa cr\u00e9ation en 2002, apr\u00e8s celle de 1,2 milliard d\u2019euros accord\u00e9e \u00e0 l\u2019Italie \u00e0 la suite des s\u00e9ismes de 2015-2016. La Commission avait d\u00e9j\u00e0 vers\u00e9 une avance de 100 millions d\u2019euros en avril 2025 pour permettre le lancement rapide des travaux de remise en \u00e9tat.<\/p>\n<p style=\"text-align: justify;\"><strong><a style=\"color: #008000;\" href=\"https:\/\/maroc-diplomatique.net\/inondations-des-pluies-exceptionnelles-frappent-plusieurs-provinces\/\" target=\"_blank\" rel=\"noopener\">Lire aussi : Inondations : des pluies exceptionnelles frappent plusieurs provinces<\/a><\/strong><\/p>\n<p style=\"text-align: justify;\">\u00ab\u00a0La d\u00e9vastation que nous avons observ\u00e9e il y a pr\u00e8s d\u2019un an dans la r\u00e9gion de Valence et \u00e0 travers l\u2019Espagne a profond\u00e9ment touch\u00e9 l\u2019Europe\u00a0\u00bb, a d\u00e9clar\u00e9 la pr\u00e9sidente de la Commission europ\u00e9enne, Ursula von der Leyen, dans un communiqu\u00e9.<\/p>\n<p style=\"text-align: justify;\">\u00ab\u00a0Aujourd\u2019hui, nous engageons pr\u00e8s de 1,6 milliard d\u2019euros pour soutenir les efforts essentiels de reconstruction. Dans les moments d\u2019\u00e9preuve, l\u2019Europe trouve sa force dans l\u2019unit\u00e9\u00a0\u00bb, a-t-elle ajout\u00e9.<\/p>\n<p style=\"text-align: justify;\">La temp\u00eate DANA avait provoqu\u00e9 des pluies torrentielles sans pr\u00e9c\u00e9dent sur la c\u00f4te m\u00e9diterran\u00e9enne espagnole. Les inondations avaient fait plus de 230 morts et caus\u00e9 d\u2019importants d\u00e9g\u00e2ts aux logements, infrastructures de transport, \u00e9coles, h\u00f4pitaux et entreprises de la r\u00e9gion.<\/p>\n<p style=\"text-align: justify;\">Avec MAP<\/p>\n","protected":false},"excerpt":{"rendered":"Pr\u00e8s de 1,6 milliard d\u2019euros de fonds europ\u00e9ens seront mobilis\u00e9s pour aider l\u2019Espagne \u00e0 se remettre des inondations&hellip;\n","protected":false},"author":2,"featured_media":440817,"comment_status":"","ping_status":"","sticky":false,"template":"","format":"standard","meta":{"footnotes":""},"categories":[1586],"tags":[11,123,1777,674,1779,1011,27,2839,12,25,1778,364,2733],"class_list":{"0":"post-440816","1":"post","2":"type-post","3":"status-publish","4":"format-standard","5":"has-post-thumbnail","7":"category-europe","8":"tag-actualites","9":"tag-espagne","10":"tag-eu","11":"tag-europe","12":"tag-european-union","13":"tag-fr","14":"tag-france","15":"tag-inondations","16":"tag-news","17":"tag-republique-francaise","18":"tag-ue","19":"tag-union-europeenne","20":"tag-valence"},"share_on_mastodon":{"url":"https:\/\/pubeurope.com\/@fr\/115321751779726957","error":""},"_links":{"self":[{"href":"https:\/\/www.europesays.com\/fr\/wp-json\/wp\/v2\/posts\/440816","targetHints":{"allow":["GET"]}}],"collection":[{"href":"https:\/\/www.europesays.com\/fr\/wp-json\/wp\/v2\/posts"}],"about":[{"href":"https:\/\/www.europesays.com\/fr\/wp-json\/wp\/v2\/types\/post"}],"author":[{"embeddable":true,"href":"https:\/\/www.europesays.com\/fr\/wp-json\/wp\/v2\/users\/2"}],"replies":[{"embeddable":true,"href":"https:\/\/www.europesays.com\/fr\/wp-json\/wp\/v2\/comments?post=440816"}],"version-history":[{"count":0,"href":"https:\/\/www.europesays.com\/fr\/wp-json\/wp\/v2\/posts\/440816\/revisions"}],"wp:featuredmedia":[{"embeddable":true,"href":"https:\/\/www.europesays.com\/fr\/wp-json\/wp\/v2\/media\/440817"}],"wp:attachment":[{"href":"https:\/\/www.europesays.com\/fr\/wp-json\/wp\/v2\/media?parent=440816"}],"wp:term":[{"taxonomy":"category","embeddable":true,"href":"https:\/\/www.europesays.com\/fr\/wp-json\/wp\/v2\/categories?post=440816"},{"taxonomy":"post_tag","embeddable":true,"href":"https:\/\/www.europesays.com\/fr\/wp-json\/wp\/v2\/tags?post=440816"}],"curies":[{"name":"wp","href":"https:\/\/api.w.org\/{rel}","templated":true}]}}