{"id":440826,"date":"2025-10-05T13:25:11","date_gmt":"2025-10-05T13:25:11","guid":{"rendered":"https:\/\/www.europesays.com\/fr\/440826\/"},"modified":"2025-10-05T13:25:11","modified_gmt":"2025-10-05T13:25:11","slug":"ducati-remporte-le-championnat-du-monde-des-equipes-2025","status":"publish","type":"post","link":"https:\/\/www.europesays.com\/fr\/440826\/","title":{"rendered":"Ducati remporte le Championnat du Monde des \u00e9quipes 2025"},"content":{"rendered":"<p style=\"text-align: justify;\"><strong>En Indon\u00e9sie, Ducati s&rsquo;est offert le dernier titre de la saison 2025, apr\u00e8s avoir remport\u00e9 <a href=\"https:\/\/franceracing.fr\/moto-gp\/ducati-remporte-le-titre-des-constructeurs-motogp-2025\/\" target=\"_blank\" rel=\"noopener nofollow\">celui des constructeurs<\/a> et <a href=\"https:\/\/franceracing.fr\/moto-gp\/marc-marquez-champion-du-monde-motogp-2025\/\" target=\"_blank\" rel=\"noopener nofollow\">celui des pilotes avec Marc M\u00e1rquez<\/a>.<\/strong><\/p>\n<p style=\"text-align: justify;\">Malgr\u00e9 un week-end difficile sur le circuit de Mandalika, en Indon\u00e9sie, Ducati s&rsquo;est offert le titre des \u00e9quipes, dernier titre encore possible cette saison. Cela signifie que le constructeur italien a r\u00e9ussi le tripl\u00e9, apr\u00e8s <a href=\"https:\/\/franceracing.fr\/moto-gp\/ducati-remporte-le-titre-des-constructeurs-motogp-2025\/\" target=\"_blank\" rel=\"noopener nofollow\">le titre des constructeurs<\/a> et <a href=\"https:\/\/franceracing.fr\/moto-gp\/marc-marquez-champion-du-monde-motogp-2025\/\" target=\"_blank\" rel=\"noopener nofollow\">celui des pilotes avec Marc M\u00e1rquez<\/a>. C&rsquo;est le cinqui\u00e8me titre de l&rsquo;\u00e9quipe d&rsquo;usine Ducati, apr\u00e8s celui de 2007, 2021, 2022 et 2024.<\/p>\n<p style=\"text-align: justify;\">Ducati s&rsquo;est offert sa troisi\u00e8me triple couronne en MotoGP. Le premier a \u00e9t\u00e9 d\u00e9croch\u00e9 en 2007, Casey Stoner remportant le titre mondial. Le constructeur italien a d\u00fb patienter 2022 pour remporter sa deuxi\u00e8me triple couronne, lors de l&rsquo;ann\u00e9e du premier sacre de Francesco Bagnaia. Cette ann\u00e9e, avec le titre de Marc M\u00e1rquez, Ducati s&rsquo;offre pour la troisi\u00e8me fois la triple couronne.<\/p>\n<p>Ducati en force gr\u00e2ce \u00e0 Marc M\u00e1rquez<\/p>\n<p style=\"text-align: justify;\">En choisissant Marc M\u00e1rquez pour remplacer Enea Bastianini, Ducati a r\u00e9ussi son meilleur coup. Avant l&rsquo;Indon\u00e9sie, le pilote espagnol a remport\u00e9 11 Grands Prix et 14 Sprints. Cela signifie que Marc M\u00e1rquez a remport\u00e9 73,5% des courses de la saison, ne laissant que quelques miettes \u00e0 son co\u00e9quipier Francesco Bagnaia et aux autres pilotes.<\/p>\n<p style=\"text-align: justify;\">Le pilote italien, double Champion du Monde, conna\u00eet une saison compliqu\u00e9e. Troisi\u00e8me du classement g\u00e9n\u00e9ral, il s&rsquo;est impos\u00e9 \u00e0 deux reprises en Grand Prix et a une victoire en Sprint.<\/p>\n","protected":false},"excerpt":{"rendered":"En Indon\u00e9sie, Ducati s&rsquo;est offert le dernier titre de la saison 2025, apr\u00e8s avoir remport\u00e9 celui des constructeurs&hellip;\n","protected":false},"author":2,"featured_media":440827,"comment_status":"","ping_status":"","sticky":false,"template":"","format":"standard","meta":{"footnotes":""},"categories":[1413],"tags":[1011,27,1457,1456,60],"class_list":{"0":"post-440826","1":"post","2":"type-post","3":"status-publish","4":"format-standard","5":"has-post-thumbnail","7":"category-moto","8":"tag-fr","9":"tag-france","10":"tag-moto","11":"tag-motocycle","12":"tag-sports"},"share_on_mastodon":{"url":"https:\/\/pubeurope.com\/@fr\/115321787099758864","error":""},"_links":{"self":[{"href":"https:\/\/www.europesays.com\/fr\/wp-json\/wp\/v2\/posts\/440826","targetHints":{"allow":["GET"]}}],"collection":[{"href":"https:\/\/www.europesays.com\/fr\/wp-json\/wp\/v2\/posts"}],"about":[{"href":"https:\/\/www.europesays.com\/fr\/wp-json\/wp\/v2\/types\/post"}],"author":[{"embeddable":true,"href":"https:\/\/www.europesays.com\/fr\/wp-json\/wp\/v2\/users\/2"}],"replies":[{"embeddable":true,"href":"https:\/\/www.europesays.com\/fr\/wp-json\/wp\/v2\/comments?post=440826"}],"version-history":[{"count":0,"href":"https:\/\/www.europesays.com\/fr\/wp-json\/wp\/v2\/posts\/440826\/revisions"}],"wp:featuredmedia":[{"embeddable":true,"href":"https:\/\/www.europesays.com\/fr\/wp-json\/wp\/v2\/media\/440827"}],"wp:attachment":[{"href":"https:\/\/www.europesays.com\/fr\/wp-json\/wp\/v2\/media?parent=440826"}],"wp:term":[{"taxonomy":"category","embeddable":true,"href":"https:\/\/www.europesays.com\/fr\/wp-json\/wp\/v2\/categories?post=440826"},{"taxonomy":"post_tag","embeddable":true,"href":"https:\/\/www.europesays.com\/fr\/wp-json\/wp\/v2\/tags?post=440826"}],"curies":[{"name":"wp","href":"https:\/\/api.w.org\/{rel}","templated":true}]}}