{"id":440828,"date":"2025-10-05T13:26:21","date_gmt":"2025-10-05T13:26:21","guid":{"rendered":"https:\/\/www.europesays.com\/fr\/440828\/"},"modified":"2025-10-05T13:26:21","modified_gmt":"2025-10-05T13:26:21","slug":"om-bagarre-de-zerbi-sen-mele","status":"publish","type":"post","link":"https:\/\/www.europesays.com\/fr\/440828\/","title":{"rendered":"OM &#8211; Bagarre : De Zerbi s\u2019en m\u00eale !"},"content":{"rendered":"<p>                    Hugo Chirossel<br \/>\n                        &#8211;<\/p>\n<p>Journaliste<\/p>\n<p>Passionn\u00e9 de football depuis le plus jeune \u00e2ge, devenir journaliste sportif est rapidement devenu une \u00e9vidence pour Hugo. Il se d\u00e9couvrira plus tard un amour pour la NBA, avant d\u2019explorer d\u2019autres horizons comme ceux de la Formule 1 et de la NFL.<\/p>\n<p class=\"heading\">Comptant pour la septi\u00e8me journ\u00e9e de Ligue 1, le match entre Metz et l\u2019OM a \u00e9t\u00e9 marqu\u00e9 par des incidents en tribunes du stade Saint-Symphorien, entra\u00eenant momentan\u00e9ment l\u2019interruption de la rencontre. Face \u00e0 cette situation, Roberto De Zerbi s\u2019est rapproch\u00e9 de la tribune pour essayer de calmer la situation, comme l\u2019a expliqu\u00e9 le technicien italien.<\/p>\n<p>La rencontre opposant<strong> Metz <\/strong>et l\u2019<strong>OM<\/strong> (0-3) samedi soir a \u00e9t\u00e9 interrompue pendant plusieurs minutes en raison <a href=\"https:\/\/le10sport.com\/football\/ligue1\/om\/om-apres-rabiot-une-nouvelle-bagarre-eclate-760257\" target=\"_blank\" rel=\"noopener\">d\u2019incidents au stade Saint-Symphorien<\/a>. \u00c0 la 80e minute de jeu, alors que les Olympiens menaient d\u00e9j\u00e0 par trois buts d\u2019\u00e9cart, des \u00e9chauffour\u00e9es se sont produites en tribunes.<\/p>\n<p>                                            Incidents en tribunes lors de Metz-OM<\/p>\n<p>Apr\u00e8s des jets de projectiles proches de la surface de <strong>Geronimo Rulli<\/strong>, <strong>Cl\u00e9ment Turpin<\/strong> a d\u00e9cid\u00e9 d\u2019interrompre momentan\u00e9ment le match. Des supporters de <strong>Metz<\/strong> se sont ensuite introduits en tribune lat\u00e9rale pour s\u2019en prendre \u00e0 des fans de l\u2019<strong>OM<\/strong> qui s\u2019y trouvaient, hors du parcage visiteur.  <\/p>\n<p>                                            \u00ab \u00c7a me semblait juste de faire quelque chose \u00bb<\/p>\n<p>Plusieurs joueurs de l\u2019<strong>OM<\/strong>, ainsi que <strong>Gauthier Hein<\/strong>, capitaine de <strong>Metz<\/strong>, se sont alors approch\u00e9s pour essayer de calmer la situation, tout comme <strong>Roberto De Zerbi<\/strong>. \u00ab Qu\u2019est-ce qu\u2019il s\u2019est pass\u00e9 \u00e0 la fin du match ? J\u2019ai vu des supporters encercl\u00e9s par une dizaine de personnes. \u00c7a me semblait juste de faire quelque chose, non ? \u00bb, a expliqu\u00e9 le technicien italien au micro de T\u00e9l\u00e9foot. <\/p>\n","protected":false},"excerpt":{"rendered":"Hugo Chirossel &#8211; Journaliste Passionn\u00e9 de football depuis le plus jeune \u00e2ge, devenir journaliste sportif est rapidement devenu&hellip;\n","protected":false},"author":2,"featured_media":440829,"comment_status":"","ping_status":"","sticky":false,"template":"","format":"standard","meta":{"footnotes":""},"categories":[1412],"tags":[1451,1452,1453,1454,1455,1011,27,60],"class_list":{"0":"post-440828","1":"post","2":"type-post","3":"status-publish","4":"format-standard","5":"has-post-thumbnail","7":"category-f1","8":"tag-f1","9":"tag-formula-1","10":"tag-formula1","11":"tag-formule-1","12":"tag-formule1","13":"tag-fr","14":"tag-france","15":"tag-sports"},"share_on_mastodon":{"url":"https:\/\/pubeurope.com\/@fr\/115321791075735264","error":""},"_links":{"self":[{"href":"https:\/\/www.europesays.com\/fr\/wp-json\/wp\/v2\/posts\/440828","targetHints":{"allow":["GET"]}}],"collection":[{"href":"https:\/\/www.europesays.com\/fr\/wp-json\/wp\/v2\/posts"}],"about":[{"href":"https:\/\/www.europesays.com\/fr\/wp-json\/wp\/v2\/types\/post"}],"author":[{"embeddable":true,"href":"https:\/\/www.europesays.com\/fr\/wp-json\/wp\/v2\/users\/2"}],"replies":[{"embeddable":true,"href":"https:\/\/www.europesays.com\/fr\/wp-json\/wp\/v2\/comments?post=440828"}],"version-history":[{"count":0,"href":"https:\/\/www.europesays.com\/fr\/wp-json\/wp\/v2\/posts\/440828\/revisions"}],"wp:featuredmedia":[{"embeddable":true,"href":"https:\/\/www.europesays.com\/fr\/wp-json\/wp\/v2\/media\/440829"}],"wp:attachment":[{"href":"https:\/\/www.europesays.com\/fr\/wp-json\/wp\/v2\/media?parent=440828"}],"wp:term":[{"taxonomy":"category","embeddable":true,"href":"https:\/\/www.europesays.com\/fr\/wp-json\/wp\/v2\/categories?post=440828"},{"taxonomy":"post_tag","embeddable":true,"href":"https:\/\/www.europesays.com\/fr\/wp-json\/wp\/v2\/tags?post=440828"}],"curies":[{"name":"wp","href":"https:\/\/api.w.org\/{rel}","templated":true}]}}