{"id":440832,"date":"2025-10-05T13:28:15","date_gmt":"2025-10-05T13:28:15","guid":{"rendered":"https:\/\/www.europesays.com\/fr\/440832\/"},"modified":"2025-10-05T13:28:15","modified_gmt":"2025-10-05T13:28:15","slug":"les-jeunes-footballeurs-de-pavie-totalisent","status":"publish","type":"post","link":"https:\/\/www.europesays.com\/fr\/440832\/","title":{"rendered":"Les jeunes footballeurs de Pavie totalisent"},"content":{"rendered":"<p><b>U17, SCP 0-Pavie 1. <\/b>Avec cette troisi\u00e8me victoire les Paviens sont seuls en t\u00eate de la poule. But de Lo\u00efc Prada Joret. <b>U17, Auch 3-Pavie II 1.<\/b> But de Lenny Ricochet. <b>U15, Pavie 8-ESA 0.<\/b> <\/p>\n<p><b>U14 territoire, Pavie 2-Carbonne 1 (mt: 0-0).<\/b> Apr\u00e8s une premi\u00e8re mi-temps \u00e9quilibr\u00e9e et sans but malgr\u00e9 de bonnes occasions, Carbonne ouvrait la marque en d\u00e9but de seconde p\u00e9riode. Les Paviens parvenaient \u00e0 \u00e9galiser par Th\u00e9o et, apr\u00e8s des occasions g\u00e2ch\u00e9es, ils prenaient l\u2019avantage en fin de rencontre par Alianz. Ils arrivaient ensuite \u00e0 pr\u00e9server la victoire malgr\u00e9 la pression des Haut-Garonnais qui tentaient de revenir \u00e0 la marque. M\u00eame si tout n\u2019a pas \u00e9t\u00e9 parfait, les Paviens ont enregistr\u00e9 pour cette premi\u00e8re journ\u00e9e une belle victoire gr\u00e2ce au courage et \u00e0 la solidarit\u00e9.<\/p>\n<p>Le week-end prochain<\/p>\n<p>En senior,apr\u00e8s leur d\u00e9convenue en coupe d\u2019Occitanie mercredi dernier au SCP, les Paviens se d\u00e9placent en R3 \u00e0 Saint-Nicolas-de- la-Grave (la Nicola\u00efte), en D1 \u00e0 Sud Astarac\/Seissan alors qu\u2019en D3 ils re\u00e7oivent le RBA II. Toutes ces rencontres se joueront le dimanche 5 octobre \u00e0 15 heures.<\/p>\n<p>U17, PavieII-Pavie I samedi \u00e0 16 heures. U14 Territoire, Vall\u00e9e des Gaves-Pavie samedi \u00e0 14 heures<\/p>\n","protected":false},"excerpt":{"rendered":"U17, SCP 0-Pavie 1. Avec cette troisi\u00e8me victoire les Paviens sont seuls en t\u00eate de la poule. But&hellip;\n","protected":false},"author":2,"featured_media":440833,"comment_status":"","ping_status":"","sticky":false,"template":"","format":"standard","meta":{"footnotes":""},"categories":[1410],"tags":[63,1011,27,60],"class_list":{"0":"post-440832","1":"post","2":"type-post","3":"status-publish","4":"format-standard","5":"has-post-thumbnail","7":"category-football","8":"tag-football","9":"tag-fr","10":"tag-france","11":"tag-sports"},"share_on_mastodon":{"url":"https:\/\/pubeurope.com\/@fr\/115321798955623713","error":""},"_links":{"self":[{"href":"https:\/\/www.europesays.com\/fr\/wp-json\/wp\/v2\/posts\/440832","targetHints":{"allow":["GET"]}}],"collection":[{"href":"https:\/\/www.europesays.com\/fr\/wp-json\/wp\/v2\/posts"}],"about":[{"href":"https:\/\/www.europesays.com\/fr\/wp-json\/wp\/v2\/types\/post"}],"author":[{"embeddable":true,"href":"https:\/\/www.europesays.com\/fr\/wp-json\/wp\/v2\/users\/2"}],"replies":[{"embeddable":true,"href":"https:\/\/www.europesays.com\/fr\/wp-json\/wp\/v2\/comments?post=440832"}],"version-history":[{"count":0,"href":"https:\/\/www.europesays.com\/fr\/wp-json\/wp\/v2\/posts\/440832\/revisions"}],"wp:featuredmedia":[{"embeddable":true,"href":"https:\/\/www.europesays.com\/fr\/wp-json\/wp\/v2\/media\/440833"}],"wp:attachment":[{"href":"https:\/\/www.europesays.com\/fr\/wp-json\/wp\/v2\/media?parent=440832"}],"wp:term":[{"taxonomy":"category","embeddable":true,"href":"https:\/\/www.europesays.com\/fr\/wp-json\/wp\/v2\/categories?post=440832"},{"taxonomy":"post_tag","embeddable":true,"href":"https:\/\/www.europesays.com\/fr\/wp-json\/wp\/v2\/tags?post=440832"}],"curies":[{"name":"wp","href":"https:\/\/api.w.org\/{rel}","templated":true}]}}