{"id":440836,"date":"2025-10-05T13:31:13","date_gmt":"2025-10-05T13:31:13","guid":{"rendered":"https:\/\/www.europesays.com\/fr\/440836\/"},"modified":"2025-10-05T13:31:13","modified_gmt":"2025-10-05T13:31:13","slug":"a-16-ans-une-girondine-signe-son-premier-roman-souffrir-davoir-aime","status":"publish","type":"post","link":"https:\/\/www.europesays.com\/fr\/440836\/","title":{"rendered":"\u00c0 16\u00a0ans, une Girondine signe son premier roman, \u00ab\u00a0Souffrir d\u2019avoir aim\u00e9\u00a0\u00bb"},"content":{"rendered":"<p>\u00c0 seulement 16\u00a0ans, Elyne Alimi vient de franchir le seuil de son r\u00eave\u00a0: la parution de son premier livre, \u00ab\u00a0Souffrir d\u2019avoir aim\u00e9\u00a0\u00bb. Un r\u00eave de petite fille pour cette adolescente anim\u00e9e par une passion pour l\u2019\u00e9criture et qui a pour aspirations de devenir avocate, travailler dans la criminologie ou le monde du livre.<\/p>\n<p>L\u2019\u00e9criture, pour Elyne, commence tr\u00e8s t\u00f4t\u00a0: \u00ab\u00a0J\u2019ai \u00e9crit ma premi\u00e8re histoire \u00e0 7\u00a0ans\u00a0\u00bb, confie-t-elle. Un conte de prince et princesse jamais termin\u00e9, consign\u00e9 dans un cahier de brouillon qu\u2019elle conserve pr\u00e9cieusement. Depuis, elle a entam\u00e9 24\u00a0histoires d\u2019imaginaire, jamais achev\u00e9es jusqu\u2019\u00e0 ce que la romance et la science-fiction entrent dans sa vie de lectrice, il y a trois ans. Son compte Instagram en tant que chroniqueuse litt\u00e9raire refl\u00e8te ses go\u00fbts qui se sont affin\u00e9s\u00a0: dystopie, romance, science-fiction.<\/p>\n<p>Un parcours en acc\u00e9l\u00e9r\u00e9<\/p>\n<p>Il y a un an, une opportunit\u00e9\u00a0: un concours lanc\u00e9 par Hachette sur le th\u00e8me de la dystopie\u00a0\/\u00a0science-fiction attise son d\u00e9sir d\u2019\u00e9crire, mais son manuscrit n\u2019est pas termin\u00e9. En 2024, un appel g\u00e9n\u00e9ral \u00e0 manuscrits relance son projet. Apr\u00e8s deux refus, son actuelle maison d\u2019\u00e9dition lui \u00e9crit et accepte de la publier. Le processus s\u2019enclenche vite\u00a0: b\u00eata-lectrices, entretien visio, choix des graphismes, corrections, promotion, tout s\u2019encha\u00eene, puis le livre sort enfin le 1er\u00a0ao\u00fbt.<\/p>\n<p>\u00ab\u00a0Souffrir d\u2019avoir aim\u00e9\u00a0\u00bb, sign\u00e9 sous le nom d\u2019auteure Elya Limi, est disponible en librairie, sur Amazon, Fnac ou Cultura. L\u2019histoire\u00a0? \u00ab\u00a0Kate est seule face au monde depuis toujours. Elle et l\u2019homme qu\u2019elle aime ont brav\u00e9 l\u2019interdit. \u00c0 cause de leur amour, une guerre s\u2019appr\u00eate \u00e0 \u00e9clater. Deux pays rivaux. Des milliers de morts. Un incendie d\u00e9vastateur. Kate comprend vite que le monde n\u2019est pas ce qu\u2019elle croyait. Mais elle n\u2019est pas seule dans ce combat.\u00a0\u00bb<\/p>\n<p>Pour Elyne, cette aventure inesp\u00e9r\u00e9e est \u00ab\u00a0une tr\u00e8s belle exp\u00e9rience, avoue-t-elle. Je suis fi\u00e8re d\u2019avoir r\u00e9alis\u00e9 mon r\u00eave.\u00a0\u00bb Et comme toute bonne auteure en devenir, elle ne s\u2019arr\u00eate pas l\u00e0\u00a0: elle travaille d\u00e9j\u00e0 sur un nouveau projet, une romantaisie, m\u00e9lange de romance et de fantaisie, et collabore avec quatre jeunes \u00e9crivains sur un recueil contre le harc\u00e8lement.<\/p>\n","protected":false},"excerpt":{"rendered":"\u00c0 seulement 16\u00a0ans, Elyne Alimi vient de franchir le seuil de son r\u00eave\u00a0: la parution de son premier&hellip;\n","protected":false},"author":2,"featured_media":440837,"comment_status":"","ping_status":"","sticky":false,"template":"","format":"standard","meta":{"footnotes":""},"categories":[1357],"tags":[1379,58,59,1011,27,1380],"class_list":{"0":"post-440836","1":"post","2":"type-post","3":"status-publish","4":"format-standard","5":"has-post-thumbnail","7":"category-livres","8":"tag-books","9":"tag-divertissement","10":"tag-entertainment","11":"tag-fr","12":"tag-france","13":"tag-livres"},"share_on_mastodon":{"url":"https:\/\/pubeurope.com\/@fr\/115321810642541539","error":""},"_links":{"self":[{"href":"https:\/\/www.europesays.com\/fr\/wp-json\/wp\/v2\/posts\/440836","targetHints":{"allow":["GET"]}}],"collection":[{"href":"https:\/\/www.europesays.com\/fr\/wp-json\/wp\/v2\/posts"}],"about":[{"href":"https:\/\/www.europesays.com\/fr\/wp-json\/wp\/v2\/types\/post"}],"author":[{"embeddable":true,"href":"https:\/\/www.europesays.com\/fr\/wp-json\/wp\/v2\/users\/2"}],"replies":[{"embeddable":true,"href":"https:\/\/www.europesays.com\/fr\/wp-json\/wp\/v2\/comments?post=440836"}],"version-history":[{"count":0,"href":"https:\/\/www.europesays.com\/fr\/wp-json\/wp\/v2\/posts\/440836\/revisions"}],"wp:featuredmedia":[{"embeddable":true,"href":"https:\/\/www.europesays.com\/fr\/wp-json\/wp\/v2\/media\/440837"}],"wp:attachment":[{"href":"https:\/\/www.europesays.com\/fr\/wp-json\/wp\/v2\/media?parent=440836"}],"wp:term":[{"taxonomy":"category","embeddable":true,"href":"https:\/\/www.europesays.com\/fr\/wp-json\/wp\/v2\/categories?post=440836"},{"taxonomy":"post_tag","embeddable":true,"href":"https:\/\/www.europesays.com\/fr\/wp-json\/wp\/v2\/tags?post=440836"}],"curies":[{"name":"wp","href":"https:\/\/api.w.org\/{rel}","templated":true}]}}