{"id":440838,"date":"2025-10-05T13:33:26","date_gmt":"2025-10-05T13:33:26","guid":{"rendered":"https:\/\/www.europesays.com\/fr\/440838\/"},"modified":"2025-10-05T13:33:26","modified_gmt":"2025-10-05T13:33:26","slug":"je-veux-que-ca-avance-sur-tf1-michel-edouard-leclerc-oppose-a-de-nouvelles-taxes-sauf-pour-relancer-la-croissance","status":"publish","type":"post","link":"https:\/\/www.europesays.com\/fr\/440838\/","title":{"rendered":"\u00ab\u00a0Je veux que \u00e7a avance\u00a0\u00bb : sur TF1, Michel-\u00c9douard Leclerc oppos\u00e9 \u00e0 de nouvelles taxes&#8230; sauf pour relancer la croissance"},"content":{"rendered":"<ul class=\"jsx-862013697 ArticleChapo__List\">\n<li class=\"jsx-862013697 ArticleChapo__List_Item flex\">Invit\u00e9 sur TF1 ce lundi, Michel-\u00c9douard Leclerc n&rsquo;est pas tr\u00e8s emball\u00e9 \u00e0 l&rsquo;id\u00e9e que les plus riches soient mis \u00e0 contribution pour r\u00e9tablir les comptes du pays.<\/li>\n<li class=\"jsx-862013697 ArticleChapo__List_Item flex\">\u00ab\u00a0L&rsquo;id\u00e9e de taxer des gens, riches ou moins riches, pour mettre dans un seau dont on n&rsquo;a pas bouch\u00e9 les trous, je trouve \u00e7a vraiment con\u00a0\u00bb, peste-t-il.<\/li>\n<li class=\"jsx-862013697 ArticleChapo__List_Item flex\">Lui pr\u00e9f\u00e8re qu&rsquo;une hausse des imp\u00f4ts se fasse \u00ab\u00a0dans le cadre d&rsquo;un plan de relance\u00a0\u00bb.<\/li>\n<\/ul>\n<p data-module=\"article-paragraph\" class=\"jsx-3046738180 Paragraph Paragraph__End\">Faut-il taxer les plus fortun\u00e9s pour r\u00e9tablir les comptes de la France ? Le Premier ministre S\u00e9bastien Lecornu, <a href=\"https:\/\/www.tf1info.fr\/politique\/budget-2026-sebastien-lecornu-ecarte-la-taxe-zucman-mais-promet-plus-de-justice-fiscale-2397121.html\" target=\"_blank\" rel=\"noopener\">qui n&rsquo;a pas encore pr\u00e9sent\u00e9 son budget pour 2026<\/a>, fait face \u00e0 la pression de la gauche pour que les plus riches soient davantage mis \u00e0 contribution pour combler <a href=\"https:\/\/www.tf1info.fr\/economie\/deficit-public-la-baisse-des-prelevements-obligatoires-voulue-par-emmanuel-macron-depuis-2017-est-en-cause-affirme-l-ofce-2382521.html\" target=\"_blank\" rel=\"noopener\">le d\u00e9ficit<\/a>. Un avis pas franchement partag\u00e9 par le pr\u00e9sident du comit\u00e9 strat\u00e9gique des magasins E.Leclerc, Michel-\u00c9douard Leclerc. \u00ab\u00a0Tout le d\u00e9bat que nous avons sur &lsquo;faut-il faire payer la riche&rsquo;, c&rsquo;est pour boucher la dette\u00a0\u00bb, d\u00e9plore-t-il, invit\u00e9 de \u00ab\u00a0Bonjour ! La Matinale TF1\u00a0\u00bb ce lundi (voir vid\u00e9o en t\u00eate de cet article).<\/p>\n<blockquote class=\"jsx-2786790838 Quote__Text\"><p>L&rsquo;argent des riches doit \u00eatre mis pour notre croissance, quitte \u00e0 les y obliger<\/p><\/blockquote>\n<p>Michel-\u00c9douard Leclerc sur TF1<\/p>\n<p data-module=\"article-paragraph\" class=\"jsx-3046738180 Paragraph Paragraph__End\">Lui se montre r\u00e9ticent \u00e0 l&rsquo;id\u00e9e que cet argent ne soit pas investi. \u00ab\u00a0L&rsquo;id\u00e9e de taxer des gens, riches ou moins riches, pour mettre dans un seau dont on n&rsquo;a pas bouch\u00e9 les trous, je trouve \u00e7a vraiment con\u00a0\u00bb, lance-t-il. \u00ab\u00a0Ma th\u00e8se, c&rsquo;est que l&rsquo;argent des riches doit \u00eatre mis pour notre croissance, quitte \u00e0 les y obliger. Cela me para\u00eet tellement \u00e9vident.\u00a0\u00bb En ce sens, Michel-\u00c9douard Leclerc n&rsquo;est \u00ab\u00a0pas contre des contributions exceptionnelles des gens les plus ais\u00e9s dans le cadre d&rsquo;un plan de relance\u00a0\u00bb.<\/p>\n<p><a href=\"https:\/\/www.tf1info.fr\/economie\/video-taxe-zucman-5-questions-pour-comprendre-cette-proposition-de-taxation-des-ultra-riches-reclamee-par-le-ps-2394995.html\" rel=\"noopener\" class=\"jsx-3308031228 Link flex\" target=\"_blank\"><img decoding=\"async\" src=\"https:\/\/www.europesays.com\/fr\/wp-content\/uploads\/2025\/10\/taxe-zucman-1-afe0e2-0@1x.jpeg\" alt=\"TF1\" loading=\"lazy\" importance=\"low\" fetchpriority=\"low\" class=\"\" aria-hidden=\"true\"\/><\/p>\n<p class=\"jsx-3657663356 ReadMoreArticle__Title\">Lire aussi<\/p>\n<p class=\"jsx-3657663356\">Taxe Zucman : 5 questions pour comprendre cette proposition de taxation des ultra-riches r\u00e9clam\u00e9e par le PS<\/p>\n<p><\/a><\/p>\n<p data-module=\"article-paragraph\" class=\"jsx-3046738180 Paragraph Paragraph__End\">\u00ab\u00a0Je veux que \u00e7a avance\u00a0\u00bb, poursuit-il. \u00ab\u00a0Il faut investir pour notre croissance : l&rsquo;\u00e9ducation, les nouvelles mobilit\u00e9s, la transition \u00e9nerg\u00e9tique, la transition num\u00e9rique, la d\u00e9carbonation, les 2,5 millions de logements sociaux \u00e0 construire&#8230; (&#8230;) Sinon, cela ne fait pas une politique pour les Fran\u00e7ais.\u00a0\u00bb<\/p>\n<p>I.N<\/p>\n","protected":false},"excerpt":{"rendered":"Invit\u00e9 sur TF1 ce lundi, Michel-\u00c9douard Leclerc n&rsquo;est pas tr\u00e8s emball\u00e9 \u00e0 l&rsquo;id\u00e9e que les plus riches soient&hellip;\n","protected":false},"author":2,"featured_media":440839,"comment_status":"","ping_status":"","sticky":false,"template":"","format":"standard","meta":{"footnotes":""},"categories":[1356],"tags":[1111,11,1921,1003,51130,58,59,1011,27,1922,252,199,1364,133,5642],"class_list":{"0":"post-440838","1":"post","2":"type-post","3":"status-publish","4":"format-standard","5":"has-post-thumbnail","7":"category-television","8":"tag-actu","9":"tag-actualites","10":"tag-article-video","11":"tag-budget","12":"tag-budget-2026-quelle-nouvelle-feuille-de-route-apres-la-chute-de-bayrou","13":"tag-divertissement","14":"tag-entertainment","15":"tag-fr","16":"tag-france","17":"tag-info","18":"tag-television","19":"tag-tf1","20":"tag-tv","21":"tag-video","22":"tag-video-economie"},"share_on_mastodon":{"url":"https:\/\/pubeurope.com\/@fr\/115321818993197295","error":""},"_links":{"self":[{"href":"https:\/\/www.europesays.com\/fr\/wp-json\/wp\/v2\/posts\/440838","targetHints":{"allow":["GET"]}}],"collection":[{"href":"https:\/\/www.europesays.com\/fr\/wp-json\/wp\/v2\/posts"}],"about":[{"href":"https:\/\/www.europesays.com\/fr\/wp-json\/wp\/v2\/types\/post"}],"author":[{"embeddable":true,"href":"https:\/\/www.europesays.com\/fr\/wp-json\/wp\/v2\/users\/2"}],"replies":[{"embeddable":true,"href":"https:\/\/www.europesays.com\/fr\/wp-json\/wp\/v2\/comments?post=440838"}],"version-history":[{"count":0,"href":"https:\/\/www.europesays.com\/fr\/wp-json\/wp\/v2\/posts\/440838\/revisions"}],"wp:featuredmedia":[{"embeddable":true,"href":"https:\/\/www.europesays.com\/fr\/wp-json\/wp\/v2\/media\/440839"}],"wp:attachment":[{"href":"https:\/\/www.europesays.com\/fr\/wp-json\/wp\/v2\/media?parent=440838"}],"wp:term":[{"taxonomy":"category","embeddable":true,"href":"https:\/\/www.europesays.com\/fr\/wp-json\/wp\/v2\/categories?post=440838"},{"taxonomy":"post_tag","embeddable":true,"href":"https:\/\/www.europesays.com\/fr\/wp-json\/wp\/v2\/tags?post=440838"}],"curies":[{"name":"wp","href":"https:\/\/api.w.org\/{rel}","templated":true}]}}