{"id":440850,"date":"2025-10-05T13:41:11","date_gmt":"2025-10-05T13:41:11","guid":{"rendered":"https:\/\/www.europesays.com\/fr\/440850\/"},"modified":"2025-10-05T13:41:11","modified_gmt":"2025-10-05T13:41:11","slug":"rome-barcelone-madrid-des-foules-europeennes-apportent-leur-soutien-aux-palestiniens","status":"publish","type":"post","link":"https:\/\/www.europesays.com\/fr\/440850\/","title":{"rendered":"Rome, Barcelone, Madrid\u2026 Des foules europ\u00e9ennes apportent leur soutien aux Palestiniens"},"content":{"rendered":"<p>Des longs cort\u00e8ges brandissant des drapeaux palestiniens, des keffiehs et criant \u00ab\u00a0Free Palestine\u00a0\u00bb\u00a0: des centaines de milliers de personnes ont d\u00e9fil\u00e9 samedi \u00e0 <a href=\"https:\/\/www.20minutes.fr\/dossier\/rome\" target=\"_blank\" class=\"c-link c-link--is-underlined\" rel=\"noopener\">Rome<\/a>, <a href=\"https:\/\/www.20minutes.fr\/dossier\/barcelone\" target=\"_blank\" class=\"c-link c-link--is-underlined\" rel=\"noopener\">Barcelone<\/a> et <a href=\"https:\/\/www.20minutes.fr\/dossier\/madrid\" target=\"_blank\" class=\"c-link c-link--is-underlined\" rel=\"noopener\">Madrid<\/a> pour r\u00e9clamer la fin de la guerre \u00e0 <a href=\"https:\/\/www.20minutes.fr\/monde\/gaza\/\" target=\"_blank\" class=\"c-link c-link--is-underlined\" rel=\"noopener\">Gaza<\/a>, mobilisation qui fait notamment suite \u00e0 l\u2019interception par Isra\u00ebl de la <a href=\"https:\/\/www.20minutes.fr\/monde\/flottille\/\" target=\"_blank\" class=\"c-link c-link--is-underlined\" rel=\"noopener\">flottille<\/a> internationale d\u2019aide pour le territoire palestinien.<\/p>\n<\/p>\n<p>Des rassemblements plus modestes ont eu lieu \u00e0 <a href=\"https:\/\/www.20minutes.fr\/dossier\/dublin\" target=\"_blank\" class=\"c-link c-link--is-underlined\" rel=\"noopener\">Dublin<\/a> ou \u00e0 <a href=\"https:\/\/www.20minutes.fr\/dossier\/londres\" target=\"_blank\" class=\"c-link c-link--is-underlined\" rel=\"noopener\">Londres<\/a>, o\u00f9 un millier de personnes ont manifest\u00e9 malgr\u00e9 les appels du gouvernement \u00e0 s\u2019en abstenir par solidarit\u00e9 avec la communaut\u00e9 juive, apr\u00e8s <a href=\"https:\/\/www.20minutes.fr\/monde\/royaume-uni\/4176824-20251002-royaume-uni-victimes-blesses-graves-suspect-abattu-sait-attaque-synagogue-manchester\" target=\"_blank\" class=\"c-link c-link--is-underlined\" rel=\"noopener\">l\u2019attaque devant une synagogue<\/a> jeudi \u00e0 Manchester.<\/p>\n<p>L\u2019Italie en leader du mouvement<\/p>\n<p>A Rome, encadr\u00e9e par un important dispositif de s\u00e9curit\u00e9, une mar\u00e9e humaine (\u00ab\u00a0un million\u00a0\u00bb de manifestants selon les organisateurs, 250.000 selon la pr\u00e9fecture de police) a d\u00e9fil\u00e9 dans le centre-ville, scandant \u00ab\u00a0Stop au <a href=\"https:\/\/www.20minutes.fr\/dossier\/genocide\" target=\"_blank\" class=\"c-link c-link--is-underlined\" rel=\"noopener\">g\u00e9nocide<\/a>\u00a0\u00bb. \u00ab\u00a0D\u2019habitude, je n\u2019appr\u00e9cie pas les <a href=\"https:\/\/www.20minutes.fr\/dossier\/manifestation\" target=\"_blank\" class=\"c-link c-link--is-underlined\" rel=\"noopener\">manifestations<\/a> de grande ampleur mais aujourd\u2019hui, je n\u2019ai pas pu me r\u00e9soudre \u00e0 rester chez moi\u00a0\u00bb, confie Donato Colucci, chef scout de 44 ans.<\/p>\n<p>En d\u00e9but de soir\u00e9e, des heurts ont \u00e9clat\u00e9 entre manifestants et forces de l\u2019ordre, qui ont fait usage de bombes lacrymog\u00e8nes et de canons \u00e0 eau pour r\u00e9pliquer aux jets de bouteilles et de p\u00e9tards. Onze personnes ont \u00e9t\u00e9 arr\u00eat\u00e9es, selon l\u2019agence Ansa. Des manifestations tr\u00e8s suivies se tiennent chaque jour dans plusieurs villes <a href=\"https:\/\/www.20minutes.fr\/dossier\/italie\" target=\"_blank\" class=\"c-link c-link--is-underlined\" rel=\"noopener\">italiennes<\/a> depuis le d\u00e9but de <a href=\"https:\/\/www.20minutes.fr\/monde\/israel\/4176844-20251002-israel-plus-400-militants-flottille-gaza-detenus\" target=\"_blank\" class=\"c-link c-link--is-underlined\" rel=\"noopener\">l\u2019interception de la flottille internationale d\u2019aide pour Gaza<\/a> par les forces isra\u00e9liennes mercredi soir.<\/p>\n<p>Les Espagnols en soutien \u00e0 leurs concitoyens de la flottille<\/p>\n<p>A Madrid, ils \u00e9taient pr\u00e8s de 92.000 \u00e0 marcher pour Gaza, selon la d\u00e9l\u00e9gation du gouvernement \u00e0 Madrid. \u00ab\u00a0C\u2019est nous, ceux dont la vie n\u2019est pas en danger, qui devons lutter pour ceux qui souffrent v\u00e9ritablement\u00a0\u00bb, a avanc\u00e9 Marcos Pagadizabal, un \u00e9tudiant de 19 ans.<\/p>\n<p>A Barcelone, c\u2019est derri\u00e8re une immense banderole rouge sur laquelle on pouvait lire \u00ab\u00a0Arr\u00eatons le g\u00e9nocide en <a href=\"https:\/\/www.20minutes.fr\/monde\/palestine\/\" target=\"_blank\" class=\"c-link c-link--is-underlined\" rel=\"noopener\">Palestine<\/a>. Halte au commerce d\u2019armes avec <a href=\"https:\/\/www.20minutes.fr\/monde\/israel\/\" target=\"_blank\" class=\"c-link c-link--is-underlined\" rel=\"noopener\">Isra\u00ebl<\/a>\u00a0\u00bb, que quelque 70.000 manifestants, selon la police municipale, ont d\u00e9fil\u00e9 dans les rues du centre-ville. \u00ab\u00a0C\u2019est la seule chose qui peut donner un peu de courage \u00e0 la population palestinienne\u00a0: voir que le monde entier se mobilise pour leur t\u00e9moigner sa solidarit\u00e9\u00a0\u00bb, estime Jordi Bas, un enseignant de 40 ans.<\/p>\n<p>Marta Carranza, une retrait\u00e9e de 65 ans, drapeau palestinien sur le dos, \u00e9tait d\u00e9j\u00e0 dans la rue jeudi \u00ab\u00a0lorsque la flottille a \u00e9t\u00e9 intercept\u00e9e\u00a0\u00bb. \u00ab\u00a0Nous nous attendions \u00e0 ce que les choses prennent une tournure s\u00e9rieuse aujourd\u2019hui\u00a0\u00bb, dit-elle. Une cinquantaine d\u2019<a href=\"https:\/\/www.20minutes.fr\/dossier\/espagne\" target=\"_blank\" class=\"c-link c-link--is-underlined\" rel=\"noopener\">Espagnols<\/a> figurent parmi les membres de la flottille Global Sumud (quelque 45 navires et des centaines de militants \u00e0 bord) d\u00e9tenus en Isra\u00ebl, selon Madrid.<\/p>\n<p>Ambiance tendue \u00e0 Londres<\/p>\n<p>A Londres, un millier de personnes se sont rassembl\u00e9es \u00e0 Trafalgar Square pour soutenir le groupe Palestine Action, class\u00e9 \u00ab\u00a0terroriste\u00a0\u00bb par le gouvernement d\u00e9but juillet \u00e0 la suite d\u2019actes de vandalisme. \u00ab\u00a0Je suis \u00e0 la fois solidaire de la <a href=\"https:\/\/www.20minutes.fr\/dossier\/communaute_juive\" target=\"_blank\" class=\"c-link c-link--is-underlined\" rel=\"noopener\">communaut\u00e9 juive<\/a> de Manchester et oppos\u00e9e au g\u00e9nocide en Palestine\u00a0\u00bb, a expliqu\u00e9 l\u2019une des manifestantes, Tessa, 31 ans.<\/p>\n<p>L\u2019attentat \u00e0 Manchester devant une synagogue, tr\u00e8s fr\u00e9quent\u00e9e pour la f\u00eate juive de Yom Kippour, a fait deux morts et trois bless\u00e9s graves. Dans ce contexte, les autorit\u00e9s avaient appel\u00e9 \u00e0 reporter des manifestations propalestiniennes. Au moins 442 personnes ont \u00e9t\u00e9 arr\u00eat\u00e9es par la police, pour \u00ab\u00a0soutien \u00e0 une organisation interdite\u00a0\u00bb.<\/p>\n<p>Bient\u00f4t une nouvelle flottille\u00a0?<\/p>\n<p>En France, des manifestations \u00e9taient organis\u00e9es pour soutenir la flottille d\u2019aide \u00e0 Gaza et demander \u00e0 <a href=\"https:\/\/www.20minutes.fr\/politique\/emmanuel-macron\/\" target=\"_blank\" class=\"c-link c-link--is-underlined\" rel=\"noopener\">Emmanuel Macron<\/a> des \u00ab\u00a0sanctions\u00a0\u00bb contre Isra\u00ebl afin de lever le blocus impos\u00e9 au territoire palestinien. A <a href=\"https:\/\/www.20minutes.fr\/paris\/\" target=\"_blank\" class=\"c-link c-link--is-underlined\" rel=\"noopener\">Paris<\/a>, les manifestants (10.000 selon les organisateurs, 5.000 selon la police) ont d\u00e9fil\u00e9 sous une for\u00eat de drapeaux palestiniens, aux cris de \u00ab\u00a0Vive la flottille\u00a0!\u00a0\u00bb, \u00ab\u00a0Gaza, Paris est avec toi\u00a0!\u00a0\u00bb.<\/p>\n<p><a href=\"https:\/\/www.20minutes.fr\/monde\/gaza\/\" target=\"_blank\" class=\"c-link c-btn c-btn--primary\" rel=\"noopener\">Notre dossier sur Gaza<\/a><\/p>\n<p>\u00ab\u00a0Nous n\u2019arr\u00eaterons jamais\u00a0! Cette flottille-l\u00e0 n\u2019est pas all\u00e9e jusqu\u2019\u00e0 Gaza, mais nous en enverrons une autre, puis encore une autre, jusqu\u2019\u00e0 ce que la Palestine et Gaza soient libres\u00a0\u00bb, a lanc\u00e9 \u00e0 la foule H\u00e9l\u00e8ne Coron, porte-parole de la d\u00e9l\u00e9gation fran\u00e7aise de la flottille.<\/p>\n","protected":false},"excerpt":{"rendered":"Des longs cort\u00e8ges brandissant des drapeaux palestiniens, des keffiehs et criant \u00ab\u00a0Free Palestine\u00a0\u00bb\u00a0: des centaines de milliers de&hellip;\n","protected":false},"author":2,"featured_media":440851,"comment_status":"","ping_status":"","sticky":false,"template":"","format":"standard","meta":{"footnotes":""},"categories":[5],"tags":[47,11,4791,3259,17449,674,30076,1011,27,665,14,664,9471,1272,74,12,3518,3499,28],"class_list":{"0":"post-440850","1":"post","2":"type-post","3":"status-publish","4":"format-standard","5":"has-post-thumbnail","7":"category-international","8":"tag-actualite","9":"tag-actualites","10":"tag-barcelone","11":"tag-conflit-israelo-palestinien","12":"tag-dublin","13":"tag-europe","14":"tag-flottille","15":"tag-fr","16":"tag-france","17":"tag-gaza","18":"tag-international","19":"tag-israel","20":"tag-madrid","21":"tag-manifestations","22":"tag-monde","23":"tag-news","24":"tag-palestine","25":"tag-rome","26":"tag-world"},"share_on_mastodon":{"url":"https:\/\/pubeurope.com\/@fr\/115321850070551469","error":""},"_links":{"self":[{"href":"https:\/\/www.europesays.com\/fr\/wp-json\/wp\/v2\/posts\/440850","targetHints":{"allow":["GET"]}}],"collection":[{"href":"https:\/\/www.europesays.com\/fr\/wp-json\/wp\/v2\/posts"}],"about":[{"href":"https:\/\/www.europesays.com\/fr\/wp-json\/wp\/v2\/types\/post"}],"author":[{"embeddable":true,"href":"https:\/\/www.europesays.com\/fr\/wp-json\/wp\/v2\/users\/2"}],"replies":[{"embeddable":true,"href":"https:\/\/www.europesays.com\/fr\/wp-json\/wp\/v2\/comments?post=440850"}],"version-history":[{"count":0,"href":"https:\/\/www.europesays.com\/fr\/wp-json\/wp\/v2\/posts\/440850\/revisions"}],"wp:featuredmedia":[{"embeddable":true,"href":"https:\/\/www.europesays.com\/fr\/wp-json\/wp\/v2\/media\/440851"}],"wp:attachment":[{"href":"https:\/\/www.europesays.com\/fr\/wp-json\/wp\/v2\/media?parent=440850"}],"wp:term":[{"taxonomy":"category","embeddable":true,"href":"https:\/\/www.europesays.com\/fr\/wp-json\/wp\/v2\/categories?post=440850"},{"taxonomy":"post_tag","embeddable":true,"href":"https:\/\/www.europesays.com\/fr\/wp-json\/wp\/v2\/tags?post=440850"}],"curies":[{"name":"wp","href":"https:\/\/api.w.org\/{rel}","templated":true}]}}